{"id":833,"date":"2015-08-04T07:37:14","date_gmt":"2015-08-04T07:37:14","guid":{"rendered":"http:\/\/blog.elcomercio.es\/2-laps-to-go\/?p=833"},"modified":"2015-08-04T07:37:14","modified_gmt":"2015-08-04T07:37:14","slug":"a-mi-esto-de-la-fe-me-da-un-miedo","status":"publish","type":"post","link":"https:\/\/blogs.elcomercio.es\/2-laps-to-go\/2015\/08\/04\/a-mi-esto-de-la-fe-me-da-un-miedo\/","title":{"rendered":"A m\u00ed esto de la fe me da un miedo &#8230;"},"content":{"rendered":"<p>Esto de la fe o, mejor dicho, de encontrar la fe y seguirla ciegamente es un problema; pero no para quien la descubre, sino para quien en ese momento est\u00e1 a tu lado. T\u00fa por ejemplo est\u00e1s casado y con dos hijos; vale, no tienes hijos; vale, no est\u00e1s casado\u2026 jo\u00e9, t\u00edo, tienes un perro \u00bfvale as\u00ed?<\/p>\n<p>Pues tienes un perro que es un pesado de narices, vas a trabajar como un d\u00eda cualquiera; bueno como un d\u00eda cualquiera, como 7.500 millones de d\u00edas y uno m\u00e1s.\u00a0<span style=\"color: #3366ff\"><a href=\"https:\/\/manuelguisande.wordpress.com\/2011\/04\/06\/vuelve-el-tabaco-de-contrabando-guay\/\" rel=\"external nofollow\"><span style=\"color: #3366ff\">Entonces, como fumas<\/span><\/a><\/span>, paras en un estanco y cuando vas a comprar tabaco rubio te encuentras a una joven que cree que es verano todo el a\u00f1o, lo mismo va con tirantes en julio que en enero, y te ofrece una cajetilla de negro. T\u00fa dices que no, que te suicidas con rubio, ella insiste en que pruebes el negro, que mata mejor, y al final te vas con lo que ibas a comprar y rebot\u00e1ndote en la cabeza una frase: \u00abtabaco negro, tabaco negro, tabaco negro\u00bb.<\/p>\n<p><span style=\"font-size: 13px\">Ya en la calle, imag\u00ednate que hace calor, y entonces, a ti que nunca se te ocurri\u00f3 entrar en una helader\u00eda, pues ese d\u00eda lo haces y ves a una familia a la que le sirven cinco cucuruchos de nata y uno de chocolate negro. Y t\u00fa, no me digas c\u00f3mo, empiezas a relacionar el tabaco negro con el helado de choco negro, agachas la cabeza, as\u00ed pensativo y\u2026 \u00a1ooooooh! \u00a1tus zapatos son negroooosssss!.<\/span><\/p>\n<p>Y jo\u00e9, que venga un alien\u00edgena y que me lo explique; pero entonces, entonces no s\u00e9 que pasa por tu sesera que lo \u00abcomprendes\u00bb todo: el tabaco negro, el chocolate negro, los zapatos negros, todo negro, y de repente pues que te entra as\u00ed como un flash y que te quieres ir a Africa a cuidar a los negritos; s\u00ed, a los negritos, que llegas a ver un polo de lim\u00f3n y te vas a China, pero como era de chocolate negro\u2026<\/p>\n<p>Y t\u00edo, te ha entrado la fe. Te ha entrado, pero como te ha entrado, te ha entrado de tal manera que ya ni vas a casa, llamas por tel\u00e9fono y le dices a tu mujer que te vas, que te vas a Kinsasa y que te vas. Y Loly , tu esposa, que te dice que \u00abManolo\u00a0<em>pasapadentro<\/em>\u00bb, y t\u00fa que ni\u00a0<em>padentro<\/em>\u00a0ni\u00a0<em>pafuera<\/em>, que has sacado del cajero 600 euros que es lo que vale el billete y que te vas pero que antes de ir a Kinsasa pasas por Zimbabwe, como si fueras a hacer una compra a Mercadona.<\/p>\n<p><span style=\"font-size: 13px\">Y tanta fe te ha entrado que por el camino al aeropuerto das el reloj al taxista, el abrigo, la gabardina, los zapatos\u2026 vamos, que no te vas en pelotas porque no puedes, pero te sientes tan identificado con el tercer mundo, de ser como ellos, de no tener nada de nada, de estar como viniste al mundo\u2026 que a tomar viento la familia, tu Loly, tus hijos, el perro, el Betis\u2026 un drama del cop\u00f3n. \u00bfY por qu\u00e9? por la fe.<\/span><\/p>\n<p>De verdad que a m\u00ed esto de la fe me tiene acojonado.\u00a0<span style=\"color: #3366ff\"><a href=\"https:\/\/manuelguisande.wordpress.com\/2012\/11\/02\/en-la-aldea-las-casas-se-limpian-de-otra-manera-al-menos-yo\/\" rel=\"external nofollow\"><span style=\"color: #3366ff\">Yo \u00faltimamente salgo de casa<\/span><\/a><\/span>\u00a0y trato de no relacionar nada, pero nada de nada, y menos los colores, no vaya a ser que\u2026 \u00a1noooooooooooo! \u00a1estoy escribiendo y la letras son de color negroooooo!. Jo\u00e9, Mi Se\u00f1or, \u00bfde verdad que tengo que ir a Kinsasa yo tambi\u00e9n, no puede ser Lugo?<\/p>\n<p>&nbsp;<\/p>\n<!-- AddThis Advanced Settings generic via filter on the_content --><!-- AddThis Share Buttons generic via filter on the_content -->","protected":false},"excerpt":{"rendered":"<p>Esto de la fe o, mejor dicho, de encontrar la fe y seguirla ciegamente es un problema; pero no para quien la descubre, sino para quien en ese momento est\u00e1 a tu lado. T\u00fa por ejemplo est\u00e1s casado y con dos hijos; vale, no tienes hijos; vale, no est\u00e1s casado\u2026 jo\u00e9, t\u00edo, tienes un perro [&hellip;]<!-- AddThis Advanced Settings generic via filter on get_the_excerpt --><!-- AddThis Share Buttons generic via filter on get_the_excerpt --><\/p>\n","protected":false},"author":39,"featured_media":0,"comment_status":"open","ping_status":"open","sticky":false,"template":"","format":"standard","meta":[],"categories":[6],"tags":[545],"_links":{"self":[{"href":"https:\/\/blogs.elcomercio.es\/2-laps-to-go\/wp-json\/wp\/v2\/posts\/833"}],"collection":[{"href":"https:\/\/blogs.elcomercio.es\/2-laps-to-go\/wp-json\/wp\/v2\/posts"}],"about":[{"href":"https:\/\/blogs.elcomercio.es\/2-laps-to-go\/wp-json\/wp\/v2\/types\/post"}],"author":[{"embeddable":true,"href":"https:\/\/blogs.elcomercio.es\/2-laps-to-go\/wp-json\/wp\/v2\/users\/39"}],"replies":[{"embeddable":true,"href":"https:\/\/blogs.elcomercio.es\/2-laps-to-go\/wp-json\/wp\/v2\/comments?post=833"}],"version-history":[{"count":0,"href":"https:\/\/blogs.elcomercio.es\/2-laps-to-go\/wp-json\/wp\/v2\/posts\/833\/revisions"}],"wp:attachment":[{"href":"https:\/\/blogs.elcomercio.es\/2-laps-to-go\/wp-json\/wp\/v2\/media?parent=833"}],"wp:term":[{"taxonomy":"category","embeddable":true,"href":"https:\/\/blogs.elcomercio.es\/2-laps-to-go\/wp-json\/wp\/v2\/categories?post=833"},{"taxonomy":"post_tag","embeddable":true,"href":"https:\/\/blogs.elcomercio.es\/2-laps-to-go\/wp-json\/wp\/v2\/tags?post=833"}],"curies":[{"name":"wp","href":"https:\/\/api.w.org\/{rel}","templated":true}]}}