{"id":837,"date":"2015-08-31T21:23:45","date_gmt":"2015-08-31T21:23:45","guid":{"rendered":"http:\/\/blog.elcomercio.es\/2-laps-to-go\/?p=837"},"modified":"2015-08-31T21:23:45","modified_gmt":"2015-08-31T21:23:45","slug":"entenido-que-los-catalanes-quieran-separarse-lo-hice-yo","status":"publish","type":"post","link":"https:\/\/blogs.elcomercio.es\/2-laps-to-go\/2015\/08\/31\/entenido-que-los-catalanes-quieran-separarse-lo-hice-yo\/","title":{"rendered":"Entiendo que los catalanes quieran separarse, lo hice yo &#8230;"},"content":{"rendered":"<p>Yo comprendo que los catalanes quieran separarse de Espa\u00f1a, lo entiendo; pero lo que no comprendo es que antes de tomar esa decisi\u00f3n tan trascendental no hagan una prueba m\u00e1s cercana, la que todos o casi todos hemos hecho, que seg\u00fan las estad\u00edsticas ya va el asunto por un porcentaje cercano al 70% . \u00bfQue cu\u00e1l es? pues\u00a0<span style=\"color: #000080\"><a href=\"https:\/\/manuelguisande.wordpress.com\/2013\/04\/08\/y-si-un-dia-me-voy-con-otro\/\" rel=\"external nofollow\"><span style=\"color: #000080\">separarse de tu mujer<\/span><\/a><\/span>\u00a0o de tu marido, seg\u00fan el caso, como primer paso a la independencia total.<\/p>\n<p>Yo creo que Artur Mas lo que ten\u00eda que hacer es que todos los catalanes se separaran de sus esposas o maridos, ver como les va solos, y luego, si se encuentran mejor&#8230; pues venga, un referendo y hacerlo de Espa\u00f1a; pero as\u00ed, a lo bruto, todos en manada, a lo bestia&#8230; no son formas \u00a1hombre! no son formas, y los efectos puedes ser catastr\u00f3ficos, superda\u00f1inos<\/p>\n<p>Mira, t\u00fa eres catal\u00e1n, de esos catalanes que se llaman Jordi pero que su madre es de Sevilla, \u00bfsabes?; te separas de tu esposa, y a lo mejor, pues a los tres d\u00edas echas de menos que te hablen de la Giralda, o incluso el acento tan simp\u00e1tico que tienen por esa zona sure\u00f1a, o&#8230; Que no, que no echas de menos nada&#8230; pues entonces, lleno de raz\u00f3n, te apuntas en una lista pidiendo la independencia. \u00bfY por qu\u00e9 la pides?, pues por eso, porque has superado la, digamos, prueba del algod\u00f3n, separarte de tu To\u00f1i y m\u00e1s feliz que un santo.<\/p>\n<p>Es que no es tan f\u00e1cil como lo ve el Rey Sir Artur Mas. Yo estoy seguro, pero segur\u00edsimo, que si a\u00a0<span style=\"color: #000080\"><a href=\"https:\/\/manuelguisande.wordpress.com\/2012\/10\/28\/ni-con-18-master-entiendes-a-un-gallego\/\" rel=\"external nofollow\"><span style=\"color: #000080\">un gallego que vive en Catalu\u00f1a<\/span><\/a><\/span>\u00a0se separa de Espa\u00f1a le prohibimos la entrada en Galicia a tomar mejillones, le entra un arrepentimiento&#8230; vamos, que se me suicida el compatriota.<\/p>\n<p>Y lo mismo que a un gallego, a un vasco, a un castellano o a un extreme\u00f1o. Le dices a un vasco que nunca m\u00e1s va a poder levantar una piedra en Guernica o dar un hachazo en plan aizkolari en Azpeitia&#8230; y le da un pasmo; a un castellano que ya jam\u00e1s podr\u00e1 ver las llanuras de Tierra de Campos&#8230; bueno bueno. Y ya no te digo si a un pamplonica le dices que nunca m\u00e1s va a correr un encierro, que los \u00fanicos cuernos que va a ver en su vida ser\u00e1n esos, los que todos conocemos&#8230; ni pensarlo quiero ya.<\/p>\n<p>En fin, que no se diga, que no se diga que uno no busca soluciones, esta es mi peque\u00f1a contribuci\u00f3n para resolver este l\u00edo de pertenecer o no Espa\u00f1a, a este pa\u00eds que, la verdad, digo pa\u00eds por decir algo, porque m\u00e1s que pa\u00eds esto parece un campamento.<\/p>\n<!-- AddThis Advanced Settings generic via filter on the_content --><!-- AddThis Share Buttons generic via filter on the_content -->","protected":false},"excerpt":{"rendered":"<p>Yo comprendo que los catalanes quieran separarse de Espa\u00f1a, lo entiendo; pero lo que no comprendo es que antes de tomar esa decisi\u00f3n tan trascendental no hagan una prueba m\u00e1s cercana, la que todos o casi todos hemos hecho, que seg\u00fan las estad\u00edsticas ya va el asunto por un porcentaje cercano al 70% . \u00bfQue [&hellip;]<!-- AddThis Advanced Settings generic via filter on get_the_excerpt --><!-- AddThis Share Buttons generic via filter on get_the_excerpt --><\/p>\n","protected":false},"author":39,"featured_media":0,"comment_status":"open","ping_status":"open","sticky":false,"template":"","format":"standard","meta":[],"categories":[4,5,6],"tags":[338,387,452,585],"_links":{"self":[{"href":"https:\/\/blogs.elcomercio.es\/2-laps-to-go\/wp-json\/wp\/v2\/posts\/837"}],"collection":[{"href":"https:\/\/blogs.elcomercio.es\/2-laps-to-go\/wp-json\/wp\/v2\/posts"}],"about":[{"href":"https:\/\/blogs.elcomercio.es\/2-laps-to-go\/wp-json\/wp\/v2\/types\/post"}],"author":[{"embeddable":true,"href":"https:\/\/blogs.elcomercio.es\/2-laps-to-go\/wp-json\/wp\/v2\/users\/39"}],"replies":[{"embeddable":true,"href":"https:\/\/blogs.elcomercio.es\/2-laps-to-go\/wp-json\/wp\/v2\/comments?post=837"}],"version-history":[{"count":0,"href":"https:\/\/blogs.elcomercio.es\/2-laps-to-go\/wp-json\/wp\/v2\/posts\/837\/revisions"}],"wp:attachment":[{"href":"https:\/\/blogs.elcomercio.es\/2-laps-to-go\/wp-json\/wp\/v2\/media?parent=837"}],"wp:term":[{"taxonomy":"category","embeddable":true,"href":"https:\/\/blogs.elcomercio.es\/2-laps-to-go\/wp-json\/wp\/v2\/categories?post=837"},{"taxonomy":"post_tag","embeddable":true,"href":"https:\/\/blogs.elcomercio.es\/2-laps-to-go\/wp-json\/wp\/v2\/tags?post=837"}],"curies":[{"name":"wp","href":"https:\/\/api.w.org\/{rel}","templated":true}]}}