{"id":909,"date":"2017-01-30T11:50:32","date_gmt":"2017-01-30T10:50:32","guid":{"rendered":"http:\/\/blogs.elcomercio.es\/2-laps-to-go\/?p=908"},"modified":"2017-01-30T11:50:32","modified_gmt":"2017-01-30T10:50:32","slug":"europa-y-latinoamerica-deben-hacer-frente-a-trump","status":"publish","type":"post","link":"https:\/\/blogs.elcomercio.es\/2-laps-to-go\/2017\/01\/30\/europa-y-latinoamerica-deben-hacer-frente-a-trump\/","title":{"rendered":"Europa y Latinoam\u00e9rica deben hacer frente a Trump"},"content":{"rendered":"<p><a href=\"https:\/\/manuelguisande.files.wordpress.com\/2017\/01\/mexico-espana.jpg\" rel=\"external nofollow\"><img loading=\"lazy\" class=\"aligncenter wp-image-11054 size-full\" src=\"https:\/\/manuelguisande.files.wordpress.com\/2017\/01\/mexico-espana.jpg\" alt=\"\" width=\"600\" height=\"400\" \/><\/a><\/p>\n<p><strong>En la vida muchas veces hay que tomar decisiones,<\/strong> \u00a0gusten o no, pero siempre con la dignidad por delante porque quien no act\u00faa as\u00ed, con nobleza, no merece ni el menor respeto y consideraci\u00f3n. \u00a0Se convierte en un simple t\u00edtere, en una marioneta, en un hombre de pl\u00e1stico de los muchos que hay en esta sociedad \u00a0en la que parece que todo es un dejar pasar sin tomar medidas, no s\u00e9 si por miedo o por incapacidad.<\/p>\n<p><strong>Los dem\u00f3cratas espa\u00f1oles tienen una deuda hist\u00f3rica con M\u00e9xico<\/strong> ya que durante la Guerra Civil, muchos mexicanos llegaron a Espa\u00f1a y dejaron su vida luchando al lado del bando republicano frente al golpe de estado del general Franco.<\/p>\n<p>Asentada la dictadura, miles de compatriotas se exiliaron y encontraron en M\u00e9xico un lugar seguro donde poder vivir y donde, en muchos, casos, tuvieron que quedarse para siempre sin poder regresar a su casa.<\/p>\n<p>Ahora que M\u00e9xico se encuentra en una situaci\u00f3n extremadamente delicada por las sucesivas actuaciones demenciales de Donald Trump <strong>es el momento de hablar claro, de que se escuche la voz de Espa\u00f1a, ponerse al lado de M\u00e9xico y crear un frente com\u00fan<\/strong> con todas las naciones hispanoamericanos para decirle al actual presidente de Estados Unidos que \u00abas\u00ed, no\u00bb, que como tal y como act\u00faa tendr\u00e1 frente a \u00e9l no solo a Latinoam\u00e9rica sino tambi\u00e9n a toda Europa.<\/p>\n<p><strong>Callarse, no decir nada<\/strong> y permanecer en silencio en esta situaci\u00f3n (que solo es un instante en la Historia de la Humanidad), no solo es ser un desagradecido con los mexicanos, sino que <strong>es ser tambi\u00e9n un pa\u00eds pelele y actuar igual que el mat\u00f3n de Trump<\/strong>. \u00a0Trump pasar\u00e1, pero lo que no se olvidar\u00e1 ser\u00e1 la cobard\u00eda de un pa\u00eds con su mutismo, y yo no quiero que ese sea el m\u00edo.<\/p>\n<p><strong><span style=\"color: #000080;\">&#8230;&#8230;&#8230;&#8230;.<\/span><\/strong><\/p>\n<!-- AddThis Advanced Settings generic via filter on the_content --><!-- AddThis Share Buttons generic via filter on the_content -->","protected":false},"excerpt":{"rendered":"<p>En la vida muchas veces hay que tomar decisiones, \u00a0gusten o no, pero siempre con la dignidad por delante porque quien no act\u00faa as\u00ed, con nobleza, no merece ni el menor respeto y consideraci\u00f3n. \u00a0Se convierte en un simple t\u00edtere, en una marioneta, en un hombre de pl\u00e1stico de los muchos que hay en esta [&hellip;]<!-- AddThis Advanced Settings generic via filter on get_the_excerpt --><!-- AddThis Share Buttons generic via filter on get_the_excerpt --><\/p>\n","protected":false},"author":39,"featured_media":0,"comment_status":"open","ping_status":"closed","sticky":false,"template":"","format":"standard","meta":[],"categories":[23],"tags":[626],"_links":{"self":[{"href":"https:\/\/blogs.elcomercio.es\/2-laps-to-go\/wp-json\/wp\/v2\/posts\/909"}],"collection":[{"href":"https:\/\/blogs.elcomercio.es\/2-laps-to-go\/wp-json\/wp\/v2\/posts"}],"about":[{"href":"https:\/\/blogs.elcomercio.es\/2-laps-to-go\/wp-json\/wp\/v2\/types\/post"}],"author":[{"embeddable":true,"href":"https:\/\/blogs.elcomercio.es\/2-laps-to-go\/wp-json\/wp\/v2\/users\/39"}],"replies":[{"embeddable":true,"href":"https:\/\/blogs.elcomercio.es\/2-laps-to-go\/wp-json\/wp\/v2\/comments?post=909"}],"version-history":[{"count":0,"href":"https:\/\/blogs.elcomercio.es\/2-laps-to-go\/wp-json\/wp\/v2\/posts\/909\/revisions"}],"wp:attachment":[{"href":"https:\/\/blogs.elcomercio.es\/2-laps-to-go\/wp-json\/wp\/v2\/media?parent=909"}],"wp:term":[{"taxonomy":"category","embeddable":true,"href":"https:\/\/blogs.elcomercio.es\/2-laps-to-go\/wp-json\/wp\/v2\/categories?post=909"},{"taxonomy":"post_tag","embeddable":true,"href":"https:\/\/blogs.elcomercio.es\/2-laps-to-go\/wp-json\/wp\/v2\/tags?post=909"}],"curies":[{"name":"wp","href":"https:\/\/api.w.org\/{rel}","templated":true}]}}