{"id":932,"date":"2018-04-26T19:59:09","date_gmt":"2018-04-26T17:59:09","guid":{"rendered":"http:\/\/blogs.elcomercio.es\/2-laps-to-go\/?p=932"},"modified":"2018-04-26T19:59:09","modified_gmt":"2018-04-26T17:59:09","slug":"cuando-hay-autonomias-pobres-y-ricas-no-hay-pais","status":"publish","type":"post","link":"https:\/\/blogs.elcomercio.es\/2-laps-to-go\/2018\/04\/26\/cuando-hay-autonomias-pobres-y-ricas-no-hay-pais\/","title":{"rendered":"Cuando hay autonom\u00edas pobres y ricas, no hay pa\u00eds"},"content":{"rendered":"<p><img loading=\"lazy\" class=\"alignnone wp-image-11974\" src=\"https:\/\/manuelguisande.files.wordpress.com\/2017\/12\/r-map-es.gif\" alt=\"r-map-es\" width=\"623\" height=\"481\" \/><\/p>\n<p>Supongo que en la \u00e9poca de Adolfo Su\u00e1rez no ser\u00eda f\u00e1cil gobernar saliendo de una dictadura; pero <a href=\"https:\/\/elpais.com\/diario\/1977\/08\/14\/espana\/240357601_850215.html\" rel=\"external nofollow\">el mayor error que cometi\u00f3 fue crear las autonom\u00edas<\/a>, que no solo han sido y siguen siendo un despilfarro, sino que con ellas se ha establecido un nuevo r\u00e9gimen centralista, pero m\u00e1s cercano al ciudadano, y una mayor divisi\u00f3n entre los espa\u00f1oles.<\/p>\n<p><strong>Con las autonom\u00edas<\/strong>, lo que se ha conseguido es que en vez de ser un pa\u00eds parezcamos <strong>una banda de mercenarios en la que cada cual tira para s\u00ed<\/strong>; solamente hay que escuchar los debates sobre El Estado Naci\u00f3n para ver c\u00f3mo los canarios, los vascos, gallegos, andaluces, aragoneses\u2026\u00a0 y as\u00ed todos, nunca hablan de Espa\u00f1a, sino de su rinconcito de poder, de su chiringuito.<\/p>\n<p>Esos castillitos con organismos duplicados para dar puestos de trabajo a sus ac\u00f3litos, a sus correligionarios:\u00a0<strong>profesionales de la pol\u00edtica que nunca trabajaron en la empresa privada<\/strong> porque quiz\u00e1s si lo hicieran\u00a0<strong>estar\u00edan en la calle.<\/strong><\/p>\n<p>Y es que cuando hay autonom\u00edas ricas y pobres, y a\u00fan encima las ricas quieren ser m\u00e1s ricas, no hay pa\u00eds ni conciencia de ello, y quiz\u00e1s esto se deba a que a Espa\u00f1a <strong>el concepto de democracia<\/strong>, de vivir todos juntos y que el que m\u00e1s tiene m\u00e1s debe aportar, <strong>nos queda grande<\/strong>.<\/p>\n<p><strong><span style=\"color: #1524ad;\">Un democracia de papel<\/span><\/strong><\/p>\n<p>Cuando se habla de que Espa\u00f1a es<strong>\u00a0una democracia, <\/strong>partimos<strong> de conceptos te\u00f3ricos <\/strong>plasmados en una Constituci\u00f3n,<strong> pero no en la pr\u00e1ctica;<\/strong>\u00a0si no es inconcebible la corrupci\u00f3n galopante en la que vivimos, el enchufismo o el despilfarro en obras in\u00fatiles sin que haya responsables que est\u00e9n ante la justicia.<\/p>\n<p>Pero esta mentalidad tercermundista que est\u00e1 en todos los niveles, esta falta de una cultura tolerante se aprecia en los m\u00e1s elemental de un sistema de libertades: opinar. Si uno critica a un partido eres del otro y viceversa, y as\u00ed todos; te marcan, te encasilla, en vez de ser racionalistas y comprender que cuando se hace una reprobaci\u00f3n es para mejorar.\u00a0<strong>Nos hemos convertido <\/strong>en hooligans, en forofos<strong>, en can\u00edbales del pensamiento libre capaces de devorar a quienes no piensen como nosotros.<\/strong><\/p>\n<p>El cupo vasco, la Generalitat de Catalu\u00f1a o los derechos forales de Navarra nos recuerdan que no todos somos iguales, que hay ciudadanos que disfrutan de mejores servicios y sueldos, y otros que contin\u00faan sufriendo infraestructuras caducas y que las palabras que m\u00e1s oyen y repiten es paro y pobreza.<\/p>\n<p><strong><span style=\"color: #1524ad;\">Personajillos, no presidentes<\/span><\/strong><\/p>\n<p>Quiz\u00e1s la causa de esta penosa situaci\u00f3n se encuentre en que<strong>\u00a0<\/strong>siempre hemos tenido\u00a0 presidentes, pero no estadistas; a que hemos tenido personajillos que han cedido a las presiones de todo tipo de formaciones pol\u00edticas con los recursos econ\u00f3micos de todos con tal de mantenerse en el poder.<\/p>\n<p>Ahora que se habla tanto de cambiar la Carta Magna, si no son la \u00e9lites, <strong>que sean las bases de los partidos (en quien conf\u00edo m\u00e1s)<\/strong>\u00a0las que levanten la voz y empiecen a hacerlo partiendo del primer principio que es inherente y esencia de una democracia: la\u00a0 igualdad. Una igualdad para todos, pues de la reciente Historia de Espa\u00f1a <strong>no hay que olvidar que unas regiones contribuyeron con su esfuerzo a levantar otras en detrimento de su progreso. <\/strong><\/p>\n<p>Ya es ahora de recordar los esfuerzos a las que fueron obligadas unas zonas de Espa\u00f1a hasta que quedaron empobrecidas, que comencemos con un equilibrio territorial y <strong>desterremos los privilegios de unos cuantos<\/strong>, pues solo as\u00ed es la \u00fanica forma de hacer justicia, de hacer pa\u00eds y de vislumbrar un futuro.<\/p>\n<p>&#8230;&#8230;&#8230;&#8230;&#8230;&#8230;.<\/p>\n<!-- AddThis Advanced Settings generic via filter on the_content --><!-- AddThis Share Buttons generic via filter on the_content -->","protected":false},"excerpt":{"rendered":"<p>Supongo que en la \u00e9poca de Adolfo Su\u00e1rez no ser\u00eda f\u00e1cil gobernar saliendo de una dictadura; pero el mayor error que cometi\u00f3 fue crear las autonom\u00edas, que no solo han sido y siguen siendo un despilfarro, sino que con ellas se ha establecido un nuevo r\u00e9gimen centralista, pero m\u00e1s cercano al ciudadano, y una mayor [&hellip;]<!-- AddThis Advanced Settings generic via filter on get_the_excerpt --><!-- AddThis Share Buttons generic via filter on get_the_excerpt --><\/p>\n","protected":false},"author":39,"featured_media":0,"comment_status":"open","ping_status":"closed","sticky":false,"template":"","format":"standard","meta":[],"categories":[23],"tags":[659,660,423],"_links":{"self":[{"href":"https:\/\/blogs.elcomercio.es\/2-laps-to-go\/wp-json\/wp\/v2\/posts\/932"}],"collection":[{"href":"https:\/\/blogs.elcomercio.es\/2-laps-to-go\/wp-json\/wp\/v2\/posts"}],"about":[{"href":"https:\/\/blogs.elcomercio.es\/2-laps-to-go\/wp-json\/wp\/v2\/types\/post"}],"author":[{"embeddable":true,"href":"https:\/\/blogs.elcomercio.es\/2-laps-to-go\/wp-json\/wp\/v2\/users\/39"}],"replies":[{"embeddable":true,"href":"https:\/\/blogs.elcomercio.es\/2-laps-to-go\/wp-json\/wp\/v2\/comments?post=932"}],"version-history":[{"count":1,"href":"https:\/\/blogs.elcomercio.es\/2-laps-to-go\/wp-json\/wp\/v2\/posts\/932\/revisions"}],"predecessor-version":[{"id":933,"href":"https:\/\/blogs.elcomercio.es\/2-laps-to-go\/wp-json\/wp\/v2\/posts\/932\/revisions\/933"}],"wp:attachment":[{"href":"https:\/\/blogs.elcomercio.es\/2-laps-to-go\/wp-json\/wp\/v2\/media?parent=932"}],"wp:term":[{"taxonomy":"category","embeddable":true,"href":"https:\/\/blogs.elcomercio.es\/2-laps-to-go\/wp-json\/wp\/v2\/categories?post=932"},{"taxonomy":"post_tag","embeddable":true,"href":"https:\/\/blogs.elcomercio.es\/2-laps-to-go\/wp-json\/wp\/v2\/tags?post=932"}],"curies":[{"name":"wp","href":"https:\/\/api.w.org\/{rel}","templated":true}]}}