{"id":218,"date":"2013-02-06T20:05:40","date_gmt":"2013-02-06T19:05:40","guid":{"rendered":"http:\/\/blogs.elcomercio.es\/al-otro-lado-del-atlantico\/?p=218"},"modified":"2013-02-06T20:05:40","modified_gmt":"2013-02-06T19:05:40","slug":"suiza-no-nos-quiere","status":"publish","type":"post","link":"https:\/\/blogs.elcomercio.es\/al-otro-lado-del-atlantico\/2013\/02\/06\/suiza-no-nos-quiere\/","title":{"rendered":"Suiza no nos quiere"},"content":{"rendered":"<p>La posibilidad de que Suiza decida \u201ccerrar\u201d sus fronteras a la inmigraci\u00f3n en las pr\u00f3ximas fechas ha hecho saltar la voz de alarma en varios pa\u00edses de Europa, empezando por Espa\u00f1a. Se est\u00e1 tachando la pol\u00edtica migratoria suiza de poco menos que racista. Y puede que en cierto modo lo sea. Pero lo cierto es que no es nada nuevo.<\/p>\n<p>Actualmente Suiza ya utiliza la denominada \u201ccl\u00e1usula de salvaguardia\u201d relativa a la libre circulaci\u00f3n de personas, seg\u00fan lo establece el acuerdo que tiene firmado con la Uni\u00f3n Europea. Su f\u00f3rmula de funcionamiento es sencilla: cuando el n\u00famero de permisos de residencia expedidos en el \u00faltimo a\u00f1o aumenta un 10% con respecto a la media de los tres a\u00f1os anteriores, la Confederaci\u00f3n Helv\u00e9tica reduce dr\u00e1sticamente el n\u00famero de admisiones. As\u00ed controlan los conocidos como \u201cefectos llamada\u201d. Esta norma ya se utiliza contra los ciudadanos de los pa\u00edses del Este: Estonia, Letonia, Lituania, Hungr\u00eda, Polonia, Eslovaquia, Rep\u00fablica Checa y Eslovenia. De hecho el pasado mes de mayo Bruselas conden\u00f3 la medida por su car\u00e1cter discriminatorio. Pero a los espa\u00f1oles este asunto nunca antes nos hab\u00eda importado.<\/p>\n<p>Ahora es distinto. Los que van a Suiza no provienen del Este. Salen principalmente de tres pa\u00edses: Italia, Portugal\u2026 y Espa\u00f1a. Y es precisamente el n\u00famero de espa\u00f1oles que est\u00e1 recibiendo Suiza en los \u00faltimos meses lo que preocupa \u2013y mucho- al Consejo Federal suizo.<\/p>\n<p>Al ritmo que van llegando inmigrantes en lo poco que va de 2013, se superar\u00eda la tasa del 10% antes de verano. Y gran parte de ese aumento se debe a la inmigraci\u00f3n espa\u00f1ola, portuguesa e italiana. Por lo que los helv\u00e9ticos est\u00e1n estudiando ampliar la citada cl\u00e1usula de salvaguardia a estos tres pa\u00edses.<\/p>\n<p>Seg\u00fan el ministro de Asuntos Exteriores Didier Burkhalter, en caso de decidir incluirnos en su \u201clista negra\u201d migratoria la medida se aplicar\u00eda \u00fanicamente durante un a\u00f1o. Pero lo cierto es que, aunque el ministro trate de suavizar los \u00e1nimos, son los propios ciudadanos suizos los que ya est\u00e1n hartos de tanta inmigraci\u00f3n. Algunos partidos pol\u00edticos han lanzado campa\u00f1as contra la inmigraci\u00f3n masiva e incluso se ha planteado un refer\u00e9ndum para afrontar lo que consideran un peligro de superpoblaci\u00f3n.<\/p>\n<p>En definitiva, parece claro que, se decida lo que se decida al respecto en abril o mayo pr\u00f3ximos, Suiza no nos quiere. Tampoco es de extra\u00f1ar, si ni nosotros mismos nos aguantamos. Como para decirles algo.<\/p>\n<p><a href=\"http:\/\/www.miguelangelrodriguez.net\" rel=\"external nofollow\">www.miguelangelrodriguez.net<\/a><\/p>\n<!-- AddThis Advanced Settings generic via filter on the_content --><!-- AddThis Share Buttons generic via filter on the_content -->","protected":false},"excerpt":{"rendered":"<p>La posibilidad de que Suiza decida \u201ccerrar\u201d sus fronteras a la inmigraci\u00f3n en las pr\u00f3ximas fechas ha hecho saltar la voz de alarma en varios pa\u00edses de Europa, empezando por Espa\u00f1a. Se est\u00e1 tachando la pol\u00edtica migratoria suiza de poco menos que racista. Y puede que en cierto modo lo sea. Pero lo cierto es [&hellip;]<!-- AddThis Advanced Settings generic via filter on get_the_excerpt --><!-- AddThis Share Buttons generic via filter on get_the_excerpt --><\/p>\n","protected":false},"author":6,"featured_media":0,"comment_status":"open","ping_status":"closed","sticky":false,"template":"","format":"standard","meta":[],"categories":[2,5,8],"tags":[56,376,614,721,858,859,886,1287,1474,1559,1614,1707],"_links":{"self":[{"href":"https:\/\/blogs.elcomercio.es\/al-otro-lado-del-atlantico\/wp-json\/wp\/v2\/posts\/218"}],"collection":[{"href":"https:\/\/blogs.elcomercio.es\/al-otro-lado-del-atlantico\/wp-json\/wp\/v2\/posts"}],"about":[{"href":"https:\/\/blogs.elcomercio.es\/al-otro-lado-del-atlantico\/wp-json\/wp\/v2\/types\/post"}],"author":[{"embeddable":true,"href":"https:\/\/blogs.elcomercio.es\/al-otro-lado-del-atlantico\/wp-json\/wp\/v2\/users\/6"}],"replies":[{"embeddable":true,"href":"https:\/\/blogs.elcomercio.es\/al-otro-lado-del-atlantico\/wp-json\/wp\/v2\/comments?post=218"}],"version-history":[{"count":0,"href":"https:\/\/blogs.elcomercio.es\/al-otro-lado-del-atlantico\/wp-json\/wp\/v2\/posts\/218\/revisions"}],"wp:attachment":[{"href":"https:\/\/blogs.elcomercio.es\/al-otro-lado-del-atlantico\/wp-json\/wp\/v2\/media?parent=218"}],"wp:term":[{"taxonomy":"category","embeddable":true,"href":"https:\/\/blogs.elcomercio.es\/al-otro-lado-del-atlantico\/wp-json\/wp\/v2\/categories?post=218"},{"taxonomy":"post_tag","embeddable":true,"href":"https:\/\/blogs.elcomercio.es\/al-otro-lado-del-atlantico\/wp-json\/wp\/v2\/tags?post=218"}],"curies":[{"name":"wp","href":"https:\/\/api.w.org\/{rel}","templated":true}]}}