{"id":219,"date":"2013-02-13T21:03:23","date_gmt":"2013-02-13T20:03:23","guid":{"rendered":"http:\/\/blogs.elcomercio.es\/al-otro-lado-del-atlantico\/?p=219"},"modified":"2013-02-13T21:03:23","modified_gmt":"2013-02-13T20:03:23","slug":"pitar-al-rey-es-gratis","status":"publish","type":"post","link":"https:\/\/blogs.elcomercio.es\/al-otro-lado-del-atlantico\/2013\/02\/13\/pitar-al-rey-es-gratis\/","title":{"rendered":"Pitar al Rey es gratis"},"content":{"rendered":"<div>\n<div>La pitada que sufri\u00f3\u00a0de nuevo el Rey\u00a0Don Juan Carlos durante la final de la Copa del Rey de Baloncesto en\u00a0Vitoria ha reabierto el ya recurrente debate sobre la posiblidad de penalizar de alg\u00fan modo estas conductas, que empiezan a ser casi una tradici\u00f3n cada vez que en este tipo de eventos coinciden determinadas aficiones de equipos de Espa\u00f1a. Equipos que, en efecto, juegan en las ligas espa\u00f1olas y en territorio espa\u00f1ol.<\/div>\n<div>\n<div>\n<div>\n<div>\n<div>\n<div>\n<div>\n<div>\n<div>\n<div>\n<p>Numerosos pol\u00edticos como Mar\u00eda Dolores de Cospedal o Ignacio Gonz\u00e1lez, entre otros, han expresado p\u00fablicamente su apoyo a la creaci\u00f3n de una legislaci\u00f3n que prohiba y castigue este tipo de comportamientos, que nada tienen que ver con el deporte y que generan violencia y enfrentamientos entre aficiones de un mismo pa\u00eds.<\/p>\n<p>Al parecer, llevar a buen t\u00e9rmino este tipo de iniciativas es poco realista ya que la libertad de expresi\u00f3n est\u00e1 por encima de cualquier legislaci\u00f3n que pueda oponerse a ella. El motivo es que ese tipo de pitadas multitudinarias al Himno o al Monarca est\u00e1n protegidas por ese principio de libertad. Distintos son los insultos directos al Rey, que s\u00ed pueden ser juzgados como injurias. Pero no los abucheos o pitadas, que los magistrados entienden como una simple cr\u00edtica y por tanto est\u00e1n defendidas por nuestras leyes, por muy ofensivas que estas actuaciones puedan parecer a algunos.<\/p>\n<p>El problema de fondo, no obstante, va m\u00e1s all\u00e1 de la libertad de expresi\u00f3n. Suele decirse que la libertad de un individuo termina donde empieza la de otro, y en este caso puede considerarse que se sobrepasa la l\u00ednea. Especialmente porque se introduce la pol\u00edtica en el deporte, se contamina la competici\u00f3n y se perturba el desarrollo normal del evento. Por no hablar de las pasiones que se desatan en unos y otros a la hora de defender sus creencias, no relacionadas con su equipo, y que a menudo terminan en graves enfrentamientos, trifulcas y peleas, en ocasiones de terribles consecuencias.<\/p>\n<p>A falta de una legislaci\u00f3n que apoye el respeto a las instituciones durante actos p\u00fablicos, quiz\u00e1 va siendo hora de que sean los propios organismos que regulan el deporte en Espa\u00f1a los que act\u00faen. A d\u00eda de hoy un estadio o afici\u00f3n que emita al un\u00edsono sonidos de primate para insultar a un jugador de color puede ser sancionado por la UEFA. \u00bfPor qu\u00e9 entonces se permite abuchear y silbar multitudinariamente al Rey de todos los espa\u00f1oles cuando se disputa precisamente la final de la Copa que lleva su nombre? No parece tener demasiado sentido.<\/p>\n<p>El problema es el de siempre en Espa\u00f1a. Si un organismo deportivo se decide a actuar ser\u00e1 tachado de fascista o nazi por no respetar la libertad de aquellos que silban. Pero nadie se para a pensar en la de aquellos que prefieren escuchar el Himno y simplemente aplaudir u observar en silencio al Rey. Qu\u00e9 triste realidad la nuestra.<\/p>\n<p><a href=\"http:\/\/www.miguelangelrodriguez.net\/\" target=\"_blank\" rel=\"external nofollow\">www.miguelangelrodriguez.net<\/a><\/p>\n<\/div>\n<\/div>\n<\/div>\n<\/div>\n<\/div>\n<\/div>\n<\/div>\n<\/div>\n<\/div>\n<\/div>\n<\/div>\n<!-- AddThis Advanced Settings generic via filter on the_content --><!-- AddThis Share Buttons generic via filter on the_content -->","protected":false},"excerpt":{"rendered":"<p>La pitada que sufri\u00f3\u00a0de nuevo el Rey\u00a0Don Juan Carlos durante la final de la Copa del Rey de Baloncesto en\u00a0Vitoria ha reabierto el ya recurrente debate sobre la posiblidad de penalizar de alg\u00fan modo estas conductas, que empiezan a ser casi una tradici\u00f3n cada vez que en este tipo de eventos coinciden determinadas aficiones de [&hellip;]<!-- AddThis Advanced Settings generic via filter on get_the_excerpt --><!-- AddThis Share Buttons generic via filter on get_the_excerpt --><\/p>\n","protected":false},"author":6,"featured_media":0,"comment_status":"open","ping_status":"closed","sticky":false,"template":"","format":"standard","meta":[],"categories":[2,3,5,8],"tags":[42,200,206,291,439,548,614,661,702,909,957,1263,1264,1429,1660,1710],"_links":{"self":[{"href":"https:\/\/blogs.elcomercio.es\/al-otro-lado-del-atlantico\/wp-json\/wp\/v2\/posts\/219"}],"collection":[{"href":"https:\/\/blogs.elcomercio.es\/al-otro-lado-del-atlantico\/wp-json\/wp\/v2\/posts"}],"about":[{"href":"https:\/\/blogs.elcomercio.es\/al-otro-lado-del-atlantico\/wp-json\/wp\/v2\/types\/post"}],"author":[{"embeddable":true,"href":"https:\/\/blogs.elcomercio.es\/al-otro-lado-del-atlantico\/wp-json\/wp\/v2\/users\/6"}],"replies":[{"embeddable":true,"href":"https:\/\/blogs.elcomercio.es\/al-otro-lado-del-atlantico\/wp-json\/wp\/v2\/comments?post=219"}],"version-history":[{"count":0,"href":"https:\/\/blogs.elcomercio.es\/al-otro-lado-del-atlantico\/wp-json\/wp\/v2\/posts\/219\/revisions"}],"wp:attachment":[{"href":"https:\/\/blogs.elcomercio.es\/al-otro-lado-del-atlantico\/wp-json\/wp\/v2\/media?parent=219"}],"wp:term":[{"taxonomy":"category","embeddable":true,"href":"https:\/\/blogs.elcomercio.es\/al-otro-lado-del-atlantico\/wp-json\/wp\/v2\/categories?post=219"},{"taxonomy":"post_tag","embeddable":true,"href":"https:\/\/blogs.elcomercio.es\/al-otro-lado-del-atlantico\/wp-json\/wp\/v2\/tags?post=219"}],"curies":[{"name":"wp","href":"https:\/\/api.w.org\/{rel}","templated":true}]}}