{"id":222,"date":"2013-03-21T20:43:10","date_gmt":"2013-03-21T19:43:10","guid":{"rendered":"http:\/\/blogs.elcomercio.es\/al-otro-lado-del-atlantico\/?p=222"},"modified":"2013-03-21T20:43:10","modified_gmt":"2013-03-21T19:43:10","slug":"el-viaje-mas-descafeinado-de-obama","status":"publish","type":"post","link":"https:\/\/blogs.elcomercio.es\/al-otro-lado-del-atlantico\/2013\/03\/21\/el-viaje-mas-descafeinado-de-obama\/","title":{"rendered":"El viaje m\u00e1s descafeinado de Obama"},"content":{"rendered":"<p>La visita de Barack Obama a Oriente Pr\u00f3ximo no ha dejado a nadie satisfecho. Si bien las expectativas generadas tampoco eran excesivamente optimistas \u2013no llevaba consigo un plan de paz ni un acuerdo para firmar bajo el brazo- lo cierto es que el m\u00e1ximo mandatario estadounidense tampoco ha logrado lo que pretend\u00eda con esta \u201cgira\u201d personal, que no era otra cosa que restablecer el <em>feeling<\/em> positivo con Palestinos e Israel\u00edes por igual.<\/p>\n<p>En el caso de sus aliados de Tel Aviv, la relaci\u00f3n con Benjamin Netanyahu era poco menos que g\u00e9lida desde la llegada del de Honolulu al poder. De hecho, \u00e9sta ha sido la primera vez que Obama ha pisado el territorio conflictivo desde que es Presidente. Por ese motivo, aprovech\u00f3 la oportunidad para proclamar la fortaleza de la alianza entre Israel y Estados Unidos. Pero sin convencer demasiado. Especialmente porque al d\u00eda siguiente, frente a los palestinos liderados por Mahmud Ab\u00e1s, declaraba que los asentamientos israel\u00edes no le parec\u00edan \u201cconstructivos ni apropiados para la paz\u201d y recalcaba que \u201cPalestina merece un Estado propio y el fin de la ocupaci\u00f3n\u201d. En definitiva, m\u00e1s de lo mismo. Palabras que no llevan a ninguna parte, ni ayudan de forma determinante a avanzar hacia la paz.<\/p>\n<p>El viaje, que terminaba el viernes en Jordania con la visita al rey Abdal\u00e1 II, le sirvi\u00f3 sin embargo para hablar largo y tendido con Netanyahu y Shimon Peres sobre las posturas estadounidenses hacia dos conflictos importantes que afectan a ambos pa\u00edses. El primero, la posibilidad de impacto de la guerra de Siria sobre Israel y la conveniencia o no de armar a los rebeldes contra Bashar al-Assad. Y el segundo, la postura norteamericana de di\u00e1logo y diplomacia ante Ir\u00e1n frente a la voluntad israel\u00ed de atacar sus centros neur\u00e1lgicos para detener su programa nuclear. Dos asuntos candentes sobre los que tampoco se sacaron conclusiones novedosas.<\/p>\n<p>El viaje de Obama, entendido como un gesto \u00fanico y apartado de su agenda habitual, no arroja luz sobre la situaci\u00f3n en Oriente Pr\u00f3ximo. Sin embargo, si se trata del principio de una serie de viajes y negociaciones en busca de la paz, puede ser un buen punto de partida. Habr\u00e1 que ver si el Presidente tiene la soluci\u00f3n al conflicto como una de sus prioridades en esta segunda legislatura, despu\u00e9s de haber pasado de puntillas sobre el asunto durante sus primeros cuatro a\u00f1os en la Casa Blanca.<\/p>\n<p><a href=\"http:\/\/www.miguelangelrodriguez.net\" rel=\"external nofollow\">www.miguelangelrodriguez.net<\/a><\/p>\n<!-- AddThis Advanced Settings generic via filter on the_content --><!-- AddThis Share Buttons generic via filter on the_content -->","protected":false},"excerpt":{"rendered":"<p>La visita de Barack Obama a Oriente Pr\u00f3ximo no ha dejado a nadie satisfecho. Si bien las expectativas generadas tampoco eran excesivamente optimistas \u2013no llevaba consigo un plan de paz ni un acuerdo para firmar bajo el brazo- lo cierto es que el m\u00e1ximo mandatario estadounidense tampoco ha logrado lo que pretend\u00eda con esta \u201cgira\u201d [&hellip;]<!-- AddThis Advanced Settings generic via filter on get_the_excerpt --><!-- AddThis Share Buttons generic via filter on get_the_excerpt --><\/p>\n","protected":false},"author":6,"featured_media":0,"comment_status":"open","ping_status":"closed","sticky":false,"template":"","format":"standard","meta":[],"categories":[2,4,5,8],"tags":[36,76,182,203,213,220,235,304,750,814,880,885,998,1144,1165,1187,1206,1246,1339,1520,1531,1580,1690,1708,1726],"_links":{"self":[{"href":"https:\/\/blogs.elcomercio.es\/al-otro-lado-del-atlantico\/wp-json\/wp\/v2\/posts\/222"}],"collection":[{"href":"https:\/\/blogs.elcomercio.es\/al-otro-lado-del-atlantico\/wp-json\/wp\/v2\/posts"}],"about":[{"href":"https:\/\/blogs.elcomercio.es\/al-otro-lado-del-atlantico\/wp-json\/wp\/v2\/types\/post"}],"author":[{"embeddable":true,"href":"https:\/\/blogs.elcomercio.es\/al-otro-lado-del-atlantico\/wp-json\/wp\/v2\/users\/6"}],"replies":[{"embeddable":true,"href":"https:\/\/blogs.elcomercio.es\/al-otro-lado-del-atlantico\/wp-json\/wp\/v2\/comments?post=222"}],"version-history":[{"count":0,"href":"https:\/\/blogs.elcomercio.es\/al-otro-lado-del-atlantico\/wp-json\/wp\/v2\/posts\/222\/revisions"}],"wp:attachment":[{"href":"https:\/\/blogs.elcomercio.es\/al-otro-lado-del-atlantico\/wp-json\/wp\/v2\/media?parent=222"}],"wp:term":[{"taxonomy":"category","embeddable":true,"href":"https:\/\/blogs.elcomercio.es\/al-otro-lado-del-atlantico\/wp-json\/wp\/v2\/categories?post=222"},{"taxonomy":"post_tag","embeddable":true,"href":"https:\/\/blogs.elcomercio.es\/al-otro-lado-del-atlantico\/wp-json\/wp\/v2\/tags?post=222"}],"curies":[{"name":"wp","href":"https:\/\/api.w.org\/{rel}","templated":true}]}}