{"id":256,"date":"2014-12-03T12:59:17","date_gmt":"2014-12-03T11:59:17","guid":{"rendered":"http:\/\/blogs.elcomercio.es\/al-otro-lado-del-atlantico\/?p=256"},"modified":"2014-12-03T12:59:17","modified_gmt":"2014-12-03T11:59:17","slug":"el-nombramiento-de-alonso-es-una-declaracion-de-intenciones-del-pp","status":"publish","type":"post","link":"https:\/\/blogs.elcomercio.es\/al-otro-lado-del-atlantico\/2014\/12\/03\/el-nombramiento-de-alonso-es-una-declaracion-de-intenciones-del-pp\/","title":{"rendered":"El nombramiento de Alonso es una declaraci\u00f3n de intenciones del PP"},"content":{"rendered":"<p>El nombramiento del hasta ahora portavoz del Grupo Popular en el Congreso, Alfonso Alonso, como nuevo ministro de Sanidad, Servicios Sociales e Igualdad, ha sido inesperado para muchos congresistas y analistas pol\u00edticos. Lo ha sido incluso para el protagonista, que ha reconocido que se sinti\u00f3 \u201csorprendido\u201d por la llamada del presidente del Gobierno y que achaca esta nueva responsabilidad simplemente a la confianza que Mariano Rajoy pueda tener en \u00e9l. Pero desde una \u00f3ptica mucho m\u00e1s pragm\u00e1tica, es evidente que detr\u00e1s de este movimiento existe una nueva estrategia del Partido Popular para mejorar su imagen p\u00fablica y trabajar en la intenci\u00f3n de voto de los espa\u00f1oles: tienen que comunicar m\u00e1s y mejor. Y por fin se dan cuenta.<\/p>\n<p>Rajoy ha empezado a pedir a su equipo de Gobierno y a la maquinaria de comunicaci\u00f3n de su partido que est\u00e9n m\u00e1s presentes en los medios de comunicaci\u00f3n. Que salgan m\u00e1s en la radio, la televisi\u00f3n y los peri\u00f3dicos. Un mensaje id\u00e9ntico al que daba Antonio Miguel Carmona a sus compa\u00f1eros del PSOE en su ya famoso v\u00eddeo de la \u201cpillada de la marioneta\u201d. Y el mismo del que, en definitiva, naci\u00f3 todo un fen\u00f3meno como Podemos. No es casualidad, pues, que una de las carteras m\u00e1s pol\u00e9micas de la presente legislatura del PP vaya a ser liderada por un hombre ampliamente curtido en estos menesteres.<\/p>\n<p>Cuando nadie en el Partido Popular quer\u00eda hablar ante los medios, Alfonso Alonso era quien respond\u00eda a las preguntas dif\u00edciles de los periodistas. Ten\u00eda la papeleta semanal de salir a la palestra a opinar de todos los temas de actualidad, plasmando la posici\u00f3n de su partido mientras otros se refugiaban en una pantalla de plasma. Por lo que sin duda parece la persona adecuada para el puesto. Al menos, desde un punto de vista puramente comunicativo.<\/p>\n<p>El nombramiento de Alonso es solamente el pistoletazo de salida para la carrera electoral, que debido a la irrupci\u00f3n de Podemos va a adelantarse varios meses en esta ocasi\u00f3n. Los grandes partidos est\u00e1n moviendo sus fichas. Los menos grandes (UPyD, Ciudadanos, etc) ya han apostado por l\u00edderes con fortaleza medi\u00e1tica para exponer sus ideas y planteamientos a la opini\u00f3n p\u00fablica. Estamos ante un movimiento muy popular en Am\u00e9rica Latina, pero no tanto en Espa\u00f1a: tratar de ganar elecciones a trav\u00e9s de la pantalla del televisor. Ser\u00e1 interesante ver qui\u00e9n se lleva el gato al agua.<\/p>\n<p>@rodriguezcaveda<br \/>\n<a href=\"http:\/\/www.miguelangelrodriguez.net\/\" rel=\"external nofollow\">www.miguelangelrodriguez.net<\/a><\/p>\n<!-- AddThis Advanced Settings generic via filter on the_content --><!-- AddThis Share Buttons generic via filter on the_content -->","protected":false},"excerpt":{"rendered":"<p>El nombramiento del hasta ahora portavoz del Grupo Popular en el Congreso, Alfonso Alonso, como nuevo ministro de Sanidad, Servicios Sociales e Igualdad, ha sido inesperado para muchos congresistas y analistas pol\u00edticos. Lo ha sido incluso para el protagonista, que ha reconocido que se sinti\u00f3 \u201csorprendido\u201d por la llamada del presidente del Gobierno y que [&hellip;]<!-- AddThis Advanced Settings generic via filter on get_the_excerpt --><!-- AddThis Share Buttons generic via filter on get_the_excerpt --><\/p>\n","protected":false},"author":6,"featured_media":0,"comment_status":"open","ping_status":"open","sticky":false,"template":"","format":"standard","meta":[],"categories":[2,5],"tags":[96,103,113,119,125,132,239,295,301,322,369,414,426,489,563,614,832,943,1023,1039,1052,1078,1090,1092,1163,1252,1275,1284,1291,1341,1370,1443,1479,1514,1539,1587,1649],"_links":{"self":[{"href":"https:\/\/blogs.elcomercio.es\/al-otro-lado-del-atlantico\/wp-json\/wp\/v2\/posts\/256"}],"collection":[{"href":"https:\/\/blogs.elcomercio.es\/al-otro-lado-del-atlantico\/wp-json\/wp\/v2\/posts"}],"about":[{"href":"https:\/\/blogs.elcomercio.es\/al-otro-lado-del-atlantico\/wp-json\/wp\/v2\/types\/post"}],"author":[{"embeddable":true,"href":"https:\/\/blogs.elcomercio.es\/al-otro-lado-del-atlantico\/wp-json\/wp\/v2\/users\/6"}],"replies":[{"embeddable":true,"href":"https:\/\/blogs.elcomercio.es\/al-otro-lado-del-atlantico\/wp-json\/wp\/v2\/comments?post=256"}],"version-history":[{"count":0,"href":"https:\/\/blogs.elcomercio.es\/al-otro-lado-del-atlantico\/wp-json\/wp\/v2\/posts\/256\/revisions"}],"wp:attachment":[{"href":"https:\/\/blogs.elcomercio.es\/al-otro-lado-del-atlantico\/wp-json\/wp\/v2\/media?parent=256"}],"wp:term":[{"taxonomy":"category","embeddable":true,"href":"https:\/\/blogs.elcomercio.es\/al-otro-lado-del-atlantico\/wp-json\/wp\/v2\/categories?post=256"},{"taxonomy":"post_tag","embeddable":true,"href":"https:\/\/blogs.elcomercio.es\/al-otro-lado-del-atlantico\/wp-json\/wp\/v2\/tags?post=256"}],"curies":[{"name":"wp","href":"https:\/\/api.w.org\/{rel}","templated":true}]}}