{"id":257,"date":"2014-12-17T13:38:14","date_gmt":"2014-12-17T12:38:14","guid":{"rendered":"http:\/\/blogs.elcomercio.es\/al-otro-lado-del-atlantico\/?p=257"},"modified":"2014-12-17T13:38:14","modified_gmt":"2014-12-17T12:38:14","slug":"25-anos-de-los-simpson","status":"publish","type":"post","link":"https:\/\/blogs.elcomercio.es\/al-otro-lado-del-atlantico\/2014\/12\/17\/25-anos-de-los-simpson\/","title":{"rendered":"25 a\u00f1os de Los Simpson"},"content":{"rendered":"<p>La serie televisiva &#8216;Los Simpson&#8217; cumple esta semana 25 a\u00f1os. Un cuarto de siglo en el que Homer, Marge, Bart, Lisa y Maggie han hecho historia temporada tras temporada, convirti\u00e9ndose en la <em>sitcom<\/em> de mayor duraci\u00f3n de la historia televisiva de Estados Unidos y en todo un fen\u00f3meno a nivel mundial.<\/p>\n<p>Los creadores de la serie ya han confirmado que habr\u00e1 temporada 27. Y salvo que los resultados var\u00eden repentinamente, a los seres amarillos de Springfield les queda a\u00fan un largo camino por recorrer. Al menos eso espera la cadena FOX, que ostenta los derechos de explotaci\u00f3n de &#8216;Los Simpson&#8217; hasta dentro de casi 70 a\u00f1os y seguir\u00e1 haciendo caja con ellos mientras tengan tir\u00f3n.<\/p>\n<p>En Espa\u00f1a, las andanzas de Homer y su familia son seguidas por cerca de dos millones de espectadores diariamente. Apenas un 1% de toda nuestra poblaci\u00f3n es ajeno a la existencia de estos peculiares seres de cuatro dedos. Ellos son, sin duda, los reyes de la peque\u00f1a pantalla. Y de la grande tambi\u00e9n cuando lo intentan, ya que su pel\u00edcula recaud\u00f3 en 2007 m\u00e1s de 500 millones de d\u00f3lares en todo el mundo. Una aut\u00e9ntica gallina de los huevos de oro que ha dado a Matt Groening una fortuna equiparable a la recaudaci\u00f3n de su propio largometraje.<\/p>\n<p>Pero, adem\u00e1s de un entretenimiento para los espectadores y una m\u00e1quina de hacer dinero para sus productores, &#8216;Los Simpson&#8217; son un reflejo cr\u00edtico de la sociedad mundial en general y de la norteamericana en particular. En sus m\u00e1s de 560 episodios se han tratado temas tan pol\u00e9micos como el capitalismo, la corrupci\u00f3n, la tenencia de armas, la homosexualidad, el racismo, los conflictos internacionales, la religi\u00f3n y la Iglesia&#8230; A trav\u00e9s de los ojos de Homer hemos visto la sociedad de las grandes multinacionales y a trav\u00e9s de los de Lisa, la realidad filos\u00f3fica de las cosas que nos rodean. Todo un estudio sociol\u00f3gico para las generaciones venideras, en ocasiones verdaderamente fiel a la realidad. Afortunadamente, cuando les vemos a ellos a\u00fan nos quedan ganas de re\u00edrnos de los errores y contradicciones de nuestra propia sociedad. Lo malo es que, al contrario que en &#8216;Los Simpson&#8217;, en el mundo real no podemos rehacerla de nuevo cada vez que termina un cap\u00edtulo.<\/p>\n<p>&nbsp;<\/p>\n<p><a href=\"http:\/\/www.miguelangelrodriguez.net\/\" rel=\"external nofollow\">www.miguelangelrodriguez.net<\/a><\/p>\n<p>@rodriguezcaveda<\/p>\n<!-- AddThis Advanced Settings generic via filter on the_content --><!-- AddThis Share Buttons generic via filter on the_content -->","protected":false},"excerpt":{"rendered":"<p>La serie televisiva &#8216;Los Simpson&#8217; cumple esta semana 25 a\u00f1os. Un cuarto de siglo en el que Homer, Marge, Bart, Lisa y Maggie han hecho historia temporada tras temporada, convirti\u00e9ndose en la sitcom de mayor duraci\u00f3n de la historia televisiva de Estados Unidos y en todo un fen\u00f3meno a nivel mundial. Los creadores de la [&hellip;]<!-- AddThis Advanced Settings generic via filter on get_the_excerpt --><!-- AddThis Share Buttons generic via filter on get_the_excerpt --><\/p>\n","protected":false},"author":6,"featured_media":0,"comment_status":"open","ping_status":"open","sticky":false,"template":"","format":"standard","meta":[],"categories":[2,4,6,8],"tags":[24,125,127,129,130,212,286,322,463,475,592,621,713,769,812,969,980,995,1021,1040,1078,1443,1512,1526,1527,1533,1541,1551],"_links":{"self":[{"href":"https:\/\/blogs.elcomercio.es\/al-otro-lado-del-atlantico\/wp-json\/wp\/v2\/posts\/257"}],"collection":[{"href":"https:\/\/blogs.elcomercio.es\/al-otro-lado-del-atlantico\/wp-json\/wp\/v2\/posts"}],"about":[{"href":"https:\/\/blogs.elcomercio.es\/al-otro-lado-del-atlantico\/wp-json\/wp\/v2\/types\/post"}],"author":[{"embeddable":true,"href":"https:\/\/blogs.elcomercio.es\/al-otro-lado-del-atlantico\/wp-json\/wp\/v2\/users\/6"}],"replies":[{"embeddable":true,"href":"https:\/\/blogs.elcomercio.es\/al-otro-lado-del-atlantico\/wp-json\/wp\/v2\/comments?post=257"}],"version-history":[{"count":0,"href":"https:\/\/blogs.elcomercio.es\/al-otro-lado-del-atlantico\/wp-json\/wp\/v2\/posts\/257\/revisions"}],"wp:attachment":[{"href":"https:\/\/blogs.elcomercio.es\/al-otro-lado-del-atlantico\/wp-json\/wp\/v2\/media?parent=257"}],"wp:term":[{"taxonomy":"category","embeddable":true,"href":"https:\/\/blogs.elcomercio.es\/al-otro-lado-del-atlantico\/wp-json\/wp\/v2\/categories?post=257"},{"taxonomy":"post_tag","embeddable":true,"href":"https:\/\/blogs.elcomercio.es\/al-otro-lado-del-atlantico\/wp-json\/wp\/v2\/tags?post=257"}],"curies":[{"name":"wp","href":"https:\/\/api.w.org\/{rel}","templated":true}]}}