{"id":258,"date":"2015-02-04T19:58:19","date_gmt":"2015-02-04T18:58:19","guid":{"rendered":"http:\/\/blogs.elcomercio.es\/al-otro-lado-del-atlantico\/?p=258"},"modified":"2015-02-04T19:58:19","modified_gmt":"2015-02-04T18:58:19","slug":"la-gran-mentira-de-podemos-es-su-lider","status":"publish","type":"post","link":"https:\/\/blogs.elcomercio.es\/al-otro-lado-del-atlantico\/2015\/02\/04\/la-gran-mentira-de-podemos-es-su-lider\/","title":{"rendered":"La gran mentira de Podemos es su l\u00edder"},"content":{"rendered":"<p>Hasta la fecha he hecho un esfuerzo consciente para no escribir sobre Podemos. Incluso esta misma semana me planteaba si no era mejor escribir sobre Jeb Bush y su camino hacia la Casa Blanca, algo que me parece mucho m\u00e1s interesante que hablar de Pablo Iglesias y su tropa. Pero la manifestaci\u00f3n del fin de semana pasado, y los resultados de la encuesta del CIS me han hecho recapacitar. Hablemos, pues, de la gran mentira de Podemos: Pablo Iglesias.<\/p>\n<p>Iglesias debe ser en estos d\u00edas un hombre encantado consigo mismo. Sin ning\u00fan m\u00e9rito digno de menci\u00f3n que le preceda, ni una carrera brillante en ninguna disciplina, ni siquiera un historial pol\u00edtico en el que apoyarse, se ha erigido en el portavoz de los ciudadanos indignados de Espa\u00f1a. Parece todo un milagro. Pero no lo es. Y no lo es porque su partido, lejos de ser tan ajeno a las influencias del poder como pretende, ha sido dirigido desde su creaci\u00f3n por el capital del Gobierno venezolano. De hecho, parte de ese capital ha salido ya a la luz con las famosas facturas del se\u00f1or Monedero. Hay una parte que a\u00fan no se ha hecho p\u00fablica, pero sin duda lo har\u00e1 \u2013convenientemente- antes de que nos toque ir a las urnas. Primera mentira.<\/p>\n<p>Iglesias no es comunista. Al menos, no es un comunista de los buenos, de los de antes. De los que de verdad cre\u00edan en la igualdad de clases y viv\u00edan seg\u00fan su discurso, algo muy respetable se comparta o no. Don Pablo es un rojo \u201cespecial\u201d. Un hombre que, como se ve en un popular v\u00eddeo de Internet, se jacta de romperse una mano parti\u00e9ndole la cara a un joven por intentar robar una mesa de mezclas. Un joven que no era \u201cde mi situaci\u00f3n socioecon\u00f3mica\u201d seg\u00fan Iglesias, sino que era \u201cgentuza, de clase mucho m\u00e1s baja que la nuestra\u201d. Iglesias <em>dixit<\/em>. Segunda mentira.<\/p>\n<p>El l\u00edder de Podemos hace gala del di\u00e1logo como su principal arma de ataque. Pero tampoco es as\u00ed. En varios de sus discursos, el madrile\u00f1o cita a combatir al capitalismo, al que considera \u201cel enemigo\u201d, con \u201cel lenguaje de la fuerza\u201d. Asegura que \u201cportar armas es un derecho y una de las bases de la democracia\u201d y llega a pedir \u201cdisculpas por no romper la cara a todos los fachas con los que discuto en televisi\u00f3n\u201d. Todo un ejemplo de persona dialogante. Adem\u00e1s, llega a justificar el terrorismo porque seg\u00fan \u00e9l \u201ctiene explicaciones pol\u00edticas\u201d. Tercera mentira.<\/p>\n<p>Tampoco el eurodiputado es dem\u00f3crata, como afirma hasta la saciedad. Y no lo es por varios motivos, entre los que se encuentran\u00a0 declaraciones contra la propiedad privada del resto de ciudadanos (frases como \u201cser dem\u00f3crata es expropiar\u201d) o incluso por sus planes de futuro para Espa\u00f1a. \u201cHay quitar de en medio a los partidos pol\u00edticos\u201d. Toda una declaraci\u00f3n de intenciones al m\u00e1s puro estilo Ch\u00e1vez. Qui\u00e9n sabe, igual se le aparece en forma de pajarito, como a Maduro. Cuarta mentira.<\/p>\n<p>El CIS dice que el partido de este sujeto est\u00e1 segundo en intenci\u00f3n de voto en Espa\u00f1a. Pero el problema no es ese. El problema es que, vi\u00e9ndose quien es en realidad, a\u00fan haya tantas personas que crean que es el adecuado para liderar este pa\u00eds. Ser indignado es una cosa. Ser ciego, otra. Ser suicida es peor.<\/p>\n<p>@rodriguezcaveda<br \/>\nwww.miguelangelrodriguez.net<\/p>\n<!-- AddThis Advanced Settings generic via filter on the_content --><!-- AddThis Share Buttons generic via filter on the_content -->","protected":false},"excerpt":{"rendered":"<p>Hasta la fecha he hecho un esfuerzo consciente para no escribir sobre Podemos. Incluso esta misma semana me planteaba si no era mejor escribir sobre Jeb Bush y su camino hacia la Casa Blanca, algo que me parece mucho m\u00e1s interesante que hablar de Pablo Iglesias y su tropa. Pero la manifestaci\u00f3n del fin de [&hellip;]<!-- AddThis Advanced Settings generic via filter on get_the_excerpt --><!-- AddThis Share Buttons generic via filter on get_the_excerpt --><\/p>\n","protected":false},"author":6,"featured_media":0,"comment_status":"open","ping_status":"open","sticky":false,"template":"","format":"standard","meta":[],"categories":[2,5,8],"tags":[208,367,416,563,597,614,755,831,847,864,1080,1099,1196,1197,1224,1275,1291,1341,1543,1652,1675,1676,1719],"_links":{"self":[{"href":"https:\/\/blogs.elcomercio.es\/al-otro-lado-del-atlantico\/wp-json\/wp\/v2\/posts\/258"}],"collection":[{"href":"https:\/\/blogs.elcomercio.es\/al-otro-lado-del-atlantico\/wp-json\/wp\/v2\/posts"}],"about":[{"href":"https:\/\/blogs.elcomercio.es\/al-otro-lado-del-atlantico\/wp-json\/wp\/v2\/types\/post"}],"author":[{"embeddable":true,"href":"https:\/\/blogs.elcomercio.es\/al-otro-lado-del-atlantico\/wp-json\/wp\/v2\/users\/6"}],"replies":[{"embeddable":true,"href":"https:\/\/blogs.elcomercio.es\/al-otro-lado-del-atlantico\/wp-json\/wp\/v2\/comments?post=258"}],"version-history":[{"count":0,"href":"https:\/\/blogs.elcomercio.es\/al-otro-lado-del-atlantico\/wp-json\/wp\/v2\/posts\/258\/revisions"}],"wp:attachment":[{"href":"https:\/\/blogs.elcomercio.es\/al-otro-lado-del-atlantico\/wp-json\/wp\/v2\/media?parent=258"}],"wp:term":[{"taxonomy":"category","embeddable":true,"href":"https:\/\/blogs.elcomercio.es\/al-otro-lado-del-atlantico\/wp-json\/wp\/v2\/categories?post=258"},{"taxonomy":"post_tag","embeddable":true,"href":"https:\/\/blogs.elcomercio.es\/al-otro-lado-del-atlantico\/wp-json\/wp\/v2\/tags?post=258"}],"curies":[{"name":"wp","href":"https:\/\/api.w.org\/{rel}","templated":true}]}}