{"id":259,"date":"2015-02-18T13:43:53","date_gmt":"2015-02-18T12:43:53","guid":{"rendered":"http:\/\/blogs.elcomercio.es\/al-otro-lado-del-atlantico\/?p=259"},"modified":"2015-02-18T13:43:53","modified_gmt":"2015-02-18T12:43:53","slug":"grecia-da-el-primer-paso-atras","status":"publish","type":"post","link":"https:\/\/blogs.elcomercio.es\/al-otro-lado-del-atlantico\/2015\/02\/18\/grecia-da-el-primer-paso-atras\/","title":{"rendered":"Grecia da el primer paso atr\u00e1s"},"content":{"rendered":"<p>Poco ha tardado el nuevo Gobierno griego en dar un golpe de tim\u00f3n a las promesas que llevaron al actual Ejecutivo al poder. La alarmante falta de liquidez, las tensiones de su maltrecho sistema financiero y, por supuesto, la presi\u00f3n exterior del Eurogrupo -ultim\u00e1tum de por medio- han obligado a Tsipras a anunciar la solicitud de una ampliaci\u00f3n del rescate griego de hasta seis meses. No es que esto suponga aceptar un nuevo rescate como tal, pero s\u00ed abre un proceso para negociar el acceso a nuevas l\u00edneas de cr\u00e9dito. Algo que sirve al ministro griego de finanzas, Yanis Varufakis, como f\u00f3rmula para &#8220;coger ox\u00edgeno&#8221; ante la evidente posibilidad de morir ahogado. Los de SYRIZA empiezan su legislatura cediendo ante Europa donde juraron y perjuraron que no lo har\u00edan.<\/p>\n<p>Los motivos que alegan los griegos son, por supuesto, distintos. Para Tsipras y su equipo, todo es culpa del presidente del Eurogrupo, Jeroen Dijsselbloem, causante \u00faltimo de la ruptura de sus negociaciones. Negociaciones que, seg\u00fan el propio Varufakis, estaban ya plasmadas en un borrador en poder del comisario de Econom\u00eda de la UE, Pierre Moscovici, en el que se explicaba la extensi\u00f3n del rescate y se pon\u00eda de manifiesto la necesidad de paliar la crisis humanitaria en Grecia. El caso es que todas las fuentes -salvo las griegas- indican que no hab\u00eda tal borrador, sino que simplemente se trataba de una de tantas propuestas recogidas en un documento de trabajo sin consensuar a\u00fan.<\/p>\n<p>De uno u otro modo, lo que queda claro es que los nuevos gobernantes helenos ya est\u00e1n empezando a darse cuenta de las m\u00faltiples dificultades que tiene aplicar, aunque sea lejanamente, sus propuestas econ\u00f3micas. Propuestas muy populistas y populares, pero muy poco realistas. Igual a alguien le suena familiar.<\/p>\n<p>Eso s\u00ed, la actitud desafiante -como la esperanza- es lo \u00faltimo que se pierde. A pesar de su anuncio, Tsipras ha reiterado que pretende cumplir sus promesas electorales y, de hecho, sus primeras leyes ser\u00e1n aprobadas este viernes en el Parlamento. Genio y figura. M\u00e1s cuando acaba de ceder ante el Eurogrupo a las primeras de cambio. Aunque por supuesto la culpa sea de los dem\u00e1s.<\/p>\n<p>@rodriguezcaveda<br \/>\n<a href=\"http:\/\/www.miguelangelrodriguez.net\" rel=\"external nofollow\">www.miguelangelrodriguez.net<\/a><\/p>\n<!-- AddThis Advanced Settings generic via filter on the_content --><!-- AddThis Share Buttons generic via filter on the_content -->","protected":false},"excerpt":{"rendered":"<p>Poco ha tardado el nuevo Gobierno griego en dar un golpe de tim\u00f3n a las promesas que llevaron al actual Ejecutivo al poder.<!-- AddThis Advanced Settings generic via filter on get_the_excerpt --><!-- AddThis Share Buttons generic via filter on get_the_excerpt --><\/p>\n","protected":false},"author":6,"featured_media":0,"comment_status":"open","ping_status":"open","sticky":false,"template":"","format":"standard","meta":[],"categories":[2,5,8],"tags":[409,531,555,560,643,646,647,755,765,767,894,968,1079,1107,1255,1417,1571,1629],"_links":{"self":[{"href":"https:\/\/blogs.elcomercio.es\/al-otro-lado-del-atlantico\/wp-json\/wp\/v2\/posts\/259"}],"collection":[{"href":"https:\/\/blogs.elcomercio.es\/al-otro-lado-del-atlantico\/wp-json\/wp\/v2\/posts"}],"about":[{"href":"https:\/\/blogs.elcomercio.es\/al-otro-lado-del-atlantico\/wp-json\/wp\/v2\/types\/post"}],"author":[{"embeddable":true,"href":"https:\/\/blogs.elcomercio.es\/al-otro-lado-del-atlantico\/wp-json\/wp\/v2\/users\/6"}],"replies":[{"embeddable":true,"href":"https:\/\/blogs.elcomercio.es\/al-otro-lado-del-atlantico\/wp-json\/wp\/v2\/comments?post=259"}],"version-history":[{"count":0,"href":"https:\/\/blogs.elcomercio.es\/al-otro-lado-del-atlantico\/wp-json\/wp\/v2\/posts\/259\/revisions"}],"wp:attachment":[{"href":"https:\/\/blogs.elcomercio.es\/al-otro-lado-del-atlantico\/wp-json\/wp\/v2\/media?parent=259"}],"wp:term":[{"taxonomy":"category","embeddable":true,"href":"https:\/\/blogs.elcomercio.es\/al-otro-lado-del-atlantico\/wp-json\/wp\/v2\/categories?post=259"},{"taxonomy":"post_tag","embeddable":true,"href":"https:\/\/blogs.elcomercio.es\/al-otro-lado-del-atlantico\/wp-json\/wp\/v2\/tags?post=259"}],"curies":[{"name":"wp","href":"https:\/\/api.w.org\/{rel}","templated":true}]}}