{"id":264,"date":"2015-04-29T14:36:00","date_gmt":"2015-04-29T12:36:00","guid":{"rendered":"http:\/\/blogs.elcomercio.es\/al-otro-lado-del-atlantico\/?p=264"},"modified":"2015-04-29T14:36:00","modified_gmt":"2015-04-29T12:36:00","slug":"tve-master-en-humillacion","status":"publish","type":"post","link":"https:\/\/blogs.elcomercio.es\/al-otro-lado-del-atlantico\/2015\/04\/29\/tve-master-en-humillacion\/","title":{"rendered":"TVE, M\u00e1ster en humillaci\u00f3n"},"content":{"rendered":"<p>Lo que est\u00e1 ocurriendo en Masterchef, programa que emite Televisi\u00f3n Espa\u00f1ola, es un insulto para los televidentes y para todos aquellos que, con nuestros impuestos, seguimos manteniendo a flote la deficitaria cadena p\u00fablica estatal. De ser en sus inicios un programa ameno, sobre personas ilusionadas con hacer sus pinitos en el mundo de la cocina, ha pasado a ser un espacio en el que un reducido grupo de cocineros profesionales, especialmente amargados y estirados, aprovechan la m\u00ednima ocasi\u00f3n para dejar claro que pueden cocinar mejor que inform\u00e1ticos, dependientes, comerciales o jubilados. Algo que, por supuesto, se les presupone. Pero que, no obstante, recuerdan cada vez que tienen oportunidad, perdiendo adem\u00e1s las maneras.<\/p>\n<p>Despu\u00e9s del lamentable episodio ya conocido de \u201cle\u00f3n come gamba\u201d, en el que Jordi Cruz pisoteaba a un concursante acus\u00e1ndole de mofarse del jurado hasta hacerle llorar desconsoladamente, el numerito de esta semana no ha sido para menos. El cocinero catal\u00e1n decidi\u00f3 esta vez estampar boca abajo y romper en pedazos el plato de Pablo, uno de los concursantes, sin siquiera probarlo. Al grito de \u201cestoy harto\u201d y \u201cdeja de poner excusas y ponte a trabajar\u201d, el de Manresa demostr\u00f3 que nada tienen que ver las estrellas Michel\u00edn con la buena educaci\u00f3n. Un espect\u00e1culo lamentable y humillante, no solo para el participante sino para el espectador.<\/p>\n<p>Aunque para nosotros sea nueva, la figura de juez \u201cduro\u201d en los realities no la hemos inventado en Espa\u00f1a. Ni Jordi Cruz, ni tampoco Risto Mejide, que podr\u00eda ser la referencia directa en el panorama televisivo espa\u00f1ol. \u00c9ste es un perfil que lleva explot\u00e1ndose en programas internacionales durante d\u00e9cadas, aunque si hay alguien que de verdad puede llevarse la medalla de haber puesto \u201cde moda\u201d el personaje, \u00e9se es sin duda Simon Cowell, al que hemos podido ver como juez en <em>American Idol<\/em> y <em>Britain\u2019s Got Talent<\/em>.<\/p>\n<p>En nuestro pa\u00eds, Risto recogi\u00f3 con \u00e9xito el testigo en <em>Operaci\u00f3n Triunfo<\/em>, creando un estilo nuevo para el p\u00fablico espa\u00f1ol. Un personaje al que sin duda ha sacado mucho partido. Pero, guste m\u00e1s o menos, \u00e9l lo ha hecho con sarcasmo, acidez y siempre con inteligencia. No con mala educaci\u00f3n, rabia incontenida o divismo exacerbado, como s\u00ed ha hecho Cruz.<\/p>\n<p>La audiencia no es tonta, y a nadie le gustan los que abusan de la debilidad de los dem\u00e1s. La verdad, me habr\u00eda gustado un <em>Chester<\/em> de los de Risto con Jordi Cruz, para ver si le bajaba los humos. Lamentablemente para el catal\u00e1n, al buscar un chef al que entrevistar Mejide eligi\u00f3 a Dabiz Mu\u00f1oz, que tiene mucha m\u00e1s clase y una estrella de ventaja. Se siente.<\/p>\n<p>@rodriguezcaveda<br \/>\n<a href=\"http:\/\/www.miguelangelrodriguez.net\/\" rel=\"external nofollow\">www.miguelangelrodriguez.net<\/a><\/p>\n<!-- AddThis Advanced Settings generic via filter on the_content --><!-- AddThis Share Buttons generic via filter on the_content -->","protected":false},"excerpt":{"rendered":"<p>Lo que est\u00e1 ocurriendo en Masterchef, programa que emite Televisi\u00f3n Espa\u00f1ola, es un insulto para los televidentes y para todos aquellos que, con nuestros impuestos, seguimos manteniendo a flote la deficitaria cadena p\u00fablica estatal. De ser en sus inicios un programa ameno, sobre personas ilusionadas con hacer sus pinitos en el mundo de la cocina, [&hellip;]<!-- AddThis Advanced Settings generic via filter on get_the_excerpt --><!-- AddThis Share Buttons generic via filter on get_the_excerpt --><\/p>\n","protected":false},"author":6,"featured_media":0,"comment_status":"open","ping_status":"open","sticky":false,"template":"","format":"standard","meta":[],"categories":[2,6,8],"tags":[346,390,401,452,466,735,821,862,902,903,921,952,953,1034,1054,1180,1269,1330,1382,1439,1450,1525,1587,1635],"_links":{"self":[{"href":"https:\/\/blogs.elcomercio.es\/al-otro-lado-del-atlantico\/wp-json\/wp\/v2\/posts\/264"}],"collection":[{"href":"https:\/\/blogs.elcomercio.es\/al-otro-lado-del-atlantico\/wp-json\/wp\/v2\/posts"}],"about":[{"href":"https:\/\/blogs.elcomercio.es\/al-otro-lado-del-atlantico\/wp-json\/wp\/v2\/types\/post"}],"author":[{"embeddable":true,"href":"https:\/\/blogs.elcomercio.es\/al-otro-lado-del-atlantico\/wp-json\/wp\/v2\/users\/6"}],"replies":[{"embeddable":true,"href":"https:\/\/blogs.elcomercio.es\/al-otro-lado-del-atlantico\/wp-json\/wp\/v2\/comments?post=264"}],"version-history":[{"count":0,"href":"https:\/\/blogs.elcomercio.es\/al-otro-lado-del-atlantico\/wp-json\/wp\/v2\/posts\/264\/revisions"}],"wp:attachment":[{"href":"https:\/\/blogs.elcomercio.es\/al-otro-lado-del-atlantico\/wp-json\/wp\/v2\/media?parent=264"}],"wp:term":[{"taxonomy":"category","embeddable":true,"href":"https:\/\/blogs.elcomercio.es\/al-otro-lado-del-atlantico\/wp-json\/wp\/v2\/categories?post=264"},{"taxonomy":"post_tag","embeddable":true,"href":"https:\/\/blogs.elcomercio.es\/al-otro-lado-del-atlantico\/wp-json\/wp\/v2\/tags?post=264"}],"curies":[{"name":"wp","href":"https:\/\/api.w.org\/{rel}","templated":true}]}}