{"id":46,"date":"2008-10-28T19:35:01","date_gmt":"2008-10-28T19:35:01","guid":{"rendered":"http:\/\/blogs.elcomercio.es\/al-otro-lado-del-atlantico\/?p=46"},"modified":"2008-10-28T19:35:01","modified_gmt":"2008-10-28T19:35:01","slug":"de-neonazis-razas-obamas-y-mccains","status":"publish","type":"post","link":"https:\/\/blogs.elcomercio.es\/al-otro-lado-del-atlantico\/2008\/10\/28\/de-neonazis-razas-obamas-y-mccains\/","title":{"rendered":"De neonazis, razas, Obamas y McCains"},"content":{"rendered":"<p><P class=MsoNormal style=\"MARGIN: 0cm 0cm 10pt\"><FONT size=3><FONT face=Calibri><SPAN style=\"mso-tab-count: 1\">           <\/SPAN><SPAN style=\"mso-ascii-font-family: Calibri; mso-hansi-font-family: Calibri; mso-ascii-theme-font: minor-latin; mso-hansi-theme-font: minor-latin\">El tema racial est\u00e1 siendo clave en esta campa\u00f1a electoral estadounidense<\/SPAN>. La noticia sobre el frustrado intento de asesinato de Barack Obama por un grupo de neonazis ha dado la vuelta al mundo. Su <SPAN style=\"mso-ascii-font-family: Calibri; mso-hansi-font-family: Calibri; mso-ascii-theme-font: minor-latin; mso-hansi-theme-font: minor-latin\">objetivo: evitar que un afroamericano llegase a la Casa Blanca.<?xml:namespace prefix = o ns = \"urn:schemas-microsoft-com:office:office\" \/><o:p><\/o:p><\/SPAN><\/FONT><\/FONT><\/p>\n<p> <P class=MsoNormal style=\"MARGIN: 0cm 0cm 10pt; TEXT-INDENT: 35.4pt\"><SPAN style=\"mso-ascii-font-family: Calibri; mso-hansi-font-family: Calibri; mso-ascii-theme-font: minor-latin; mso-hansi-theme-font: minor-latin\"><FONT size=3><FONT face=Calibri>La discriminaci\u00f3n por el color de la piel es una de las pocas cosas que podr\u00edan dar la vuelta a estos comicios. De hecho, algunos expertos aseguran que las encuestas actuales son enga\u00f1osas, debido a que muchos estadounidenses no reconocen p\u00fablicamente ser racistas, pero luego obran \u2013y votan- como tales. <o:p><\/o:p><\/FONT><\/FONT><\/SPAN><\/p>\n<p> <P class=MsoNormal style=\"MARGIN: 0cm 0cm 10pt; TEXT-INDENT: 35.4pt\"><SPAN style=\"mso-ascii-font-family: Calibri; mso-hansi-font-family: Calibri; mso-ascii-theme-font: minor-latin; mso-hansi-theme-font: minor-latin\"><FONT size=3><FONT face=Calibri>En el caso del de Honolulu el color de su tez podr\u00eda \u2013tristemente- ser un h\u00e1ndicap en su contra, aunque de momento no parece que as\u00ed sea. Pero no todo es por m\u00e9ritos propios. El mal papel de John McCain y Sarah Palin a la hora de captar el voto afroamericano, hispano, asi\u00e1tico o haitiano americano ha ayudado mucho a que el Senador por Illinois siga por delante en la carrera hacia el Despacho Oval, seg\u00fan los sondeos de intenci\u00f3n de voto.<o:p><\/o:p><\/FONT><\/FONT><\/SPAN><\/p>\n<p> <P class=MsoNormal style=\"MARGIN: 0cm 0cm 10pt; TEXT-INDENT: 35.4pt\"><SPAN style=\"mso-ascii-font-family: Calibri; mso-hansi-font-family: Calibri; mso-ascii-theme-font: minor-latin; mso-hansi-theme-font: minor-latin\"><FONT size=3><FONT face=Calibri>Para muestra, un bot\u00f3n. Hace apenas unos d\u00edas el candidato republicano retir\u00f3 su propaganda pol\u00edtica en espa\u00f1ol por falta de fondos, dando as\u00ed por perdidos los votos de los hispanos indecisos. Sin embargo, esta semana su compa\u00f1era de cartel, la candidata a la vicepresidencia Sarah Palin, apareci\u00f3 en Virginia acompa\u00f1ada por \u201cTito el constructor\u201d, un inmigrante colombiano nacionalizado estadounidense. Actuaciones \u00e9stas que, adem\u00e1s de resultar contradictorias y carentes de efecto, son poco menos que rid\u00edculas en una campa\u00f1a electoral seria.<o:p><\/o:p><\/FONT><\/FONT><\/SPAN><\/p>\n<p> <P class=MsoNormal style=\"MARGIN: 0cm 0cm 10pt; TEXT-INDENT: 35.4pt\"><SPAN style=\"mso-ascii-font-family: Calibri; mso-hansi-font-family: Calibri; mso-ascii-theme-font: minor-latin; mso-hansi-theme-font: minor-latin\"><FONT size=3><FONT face=Calibri>Precisamente por ello, Obama puede tener un apoyo con el que McCain no hab\u00eda contado: el de las minor\u00edas \u00e9tnicas no afroamericanas que viven en Estados Unidos. Una poblaci\u00f3n que, en el a\u00f1o 2050, ya ser\u00e1 mayor\u00eda en el pa\u00eds. Y que ahora puede otorgar a uno de los dos la llave del 1600 de Pennsylvania Avenue. Pronto lo veremos.<o:p><\/o:p><\/FONT><\/FONT><\/SPAN><\/p>\n<p> <P class=MsoNormal style=\"MARGIN: 0cm 0cm 10pt; TEXT-INDENT: 35.4pt\"><SPAN style=\"mso-ascii-font-family: Calibri; mso-hansi-font-family: Calibri; mso-ascii-theme-font: minor-latin; mso-hansi-theme-font: minor-latin\"><A href=\"http:\/\/www.miguelangelrodriguezcaveda.com\/\"><FONT face=Calibri color=#0000ff size=3>www.miguelangelrodriguezcaveda.com<\/FONT><\/A><\/SPAN><\/p>\n<!-- AddThis Advanced Settings generic via filter on the_content --><!-- AddThis Share Buttons generic via filter on the_content -->","protected":false},"excerpt":{"rendered":"<p>El tema racial est\u00e1 siendo clave en esta campa\u00f1a electoral estadounidense. La noticia sobre el frustrado intento de asesinato de Barack Obama por un grupo de neonazis ha dado la vuelta al mundo. Su objetivo: evitar que un afroamericano llegase a la Casa Blanca. La discriminaci\u00f3n por el color de la piel es una de [&hellip;]<!-- AddThis Advanced Settings generic via filter on get_the_excerpt --><!-- AddThis Share Buttons generic via filter on get_the_excerpt --><\/p>\n","protected":false},"author":6,"featured_media":0,"comment_status":"open","ping_status":"closed","sticky":false,"template":"","format":"standard","meta":[],"categories":[6],"tags":[162,559,866,1044,1143,1165,1363],"_links":{"self":[{"href":"https:\/\/blogs.elcomercio.es\/al-otro-lado-del-atlantico\/wp-json\/wp\/v2\/posts\/46"}],"collection":[{"href":"https:\/\/blogs.elcomercio.es\/al-otro-lado-del-atlantico\/wp-json\/wp\/v2\/posts"}],"about":[{"href":"https:\/\/blogs.elcomercio.es\/al-otro-lado-del-atlantico\/wp-json\/wp\/v2\/types\/post"}],"author":[{"embeddable":true,"href":"https:\/\/blogs.elcomercio.es\/al-otro-lado-del-atlantico\/wp-json\/wp\/v2\/users\/6"}],"replies":[{"embeddable":true,"href":"https:\/\/blogs.elcomercio.es\/al-otro-lado-del-atlantico\/wp-json\/wp\/v2\/comments?post=46"}],"version-history":[{"count":0,"href":"https:\/\/blogs.elcomercio.es\/al-otro-lado-del-atlantico\/wp-json\/wp\/v2\/posts\/46\/revisions"}],"wp:attachment":[{"href":"https:\/\/blogs.elcomercio.es\/al-otro-lado-del-atlantico\/wp-json\/wp\/v2\/media?parent=46"}],"wp:term":[{"taxonomy":"category","embeddable":true,"href":"https:\/\/blogs.elcomercio.es\/al-otro-lado-del-atlantico\/wp-json\/wp\/v2\/categories?post=46"},{"taxonomy":"post_tag","embeddable":true,"href":"https:\/\/blogs.elcomercio.es\/al-otro-lado-del-atlantico\/wp-json\/wp\/v2\/tags?post=46"}],"curies":[{"name":"wp","href":"https:\/\/api.w.org\/{rel}","templated":true}]}}