{"id":11,"date":"2017-08-18T09:54:47","date_gmt":"2017-08-18T07:54:47","guid":{"rendered":"http:\/\/blogs.elcomercio.es\/alguien-tiene-que-decirlo\/?p=11"},"modified":"2017-08-22T09:55:17","modified_gmt":"2017-08-22T07:55:17","slug":"teorias-e-ideologias","status":"publish","type":"post","link":"https:\/\/blogs.elcomercio.es\/alguien-tiene-que-decirlo\/2017\/08\/18\/teorias-e-ideologias\/","title":{"rendered":"Teor\u00edas e ideolog\u00edas"},"content":{"rendered":"<p>Seg\u00fan el DRAE, una teor\u00eda es una serie de las leyes que sirven para relacionar determinado orden de fen\u00f3menos. En una teor\u00eda se organizan las observaciones para explicar un fen\u00f3meno, siguiendo un razonamiento l\u00f3gico. Las teor\u00edas forman parte del m\u00e9todo cient\u00edfico y son imprescindibles para el avance de la ciencia. Las ideolog\u00edas tambi\u00e9n organizan las ideas para caracterizar un pensamiento, una forma de ver el mundo y tambi\u00e9n son imprescindibles para el avance de la sociedad. En ambos casos, esa organizaci\u00f3n de las experiencias pasadas nos permite prever c\u00f3mo ser\u00e1 el futuro si se dan determinadas condiciones.<\/p>\n<p>Ambas: teor\u00edas e ideolog\u00edas, son muy \u00fatiles porque cuando no sabemos qu\u00e9 pensar, carecemos de informaci\u00f3n suficiente o nos vemos ante un l\u00edo que no sabemos c\u00f3mo abordar, nuestra teor\u00eda y nuestra ideolog\u00eda nos muestra c\u00f3mo debemos reaccionar, suponemos que suceder\u00e1 lo que predice nuestra teor\u00eda o nuestra ideolog\u00eda en esas circunstancias. Esto resulta muy c\u00f3modo porque evita que perdamos el tiempo pensando in\u00fatilmente. La teor\u00eda y la ideolog\u00eda siempre nos marca el camino, si nosotros no sabemos por d\u00f3nde tenemos que ir nos fiamos de otros que piensan como nosotros, y que piensan por nosotros, para indic\u00e1rnoslo.<\/p>\n<p>No entiendo mucho de ciencias sociales, pero por razones profesionales me he tenido que adscribir a diversas teor\u00edas, compaginando como pude las tendencias dominantes con mi propia experiencia. El conocimiento cient\u00edfico siempre es provisional, una teor\u00eda es v\u00e1lida mientras su predicciones encajan con la realidad observada y si no es as\u00ed debemos, no simplemente rechazar la teor\u00eda que nos ha fallado, sino sustituirla por otra que encaje mejor con lo que se est\u00e1 viendo. Y aqu\u00ed viene el problema; a los cient\u00edficos a veces se les olvida que las cosas no son inmutables y no digamos lo que sucede con los seguidores de una determinada ideolog\u00eda. Con m\u00e1s frecuencia de la debida, cuando la situaci\u00f3n no encaja con la teor\u00eda o la ideolog\u00eda que nos ampara, nos sentimos desvalidos, pero en vez de esforzarnos en buscar una alternativa que se adapte mejor a lo que estamos viendo, elegimos la posici\u00f3n m\u00e1s c\u00f3moda negando la realidad. Si esto sucede con las teor\u00edas, a las que habitualmente se llega por la v\u00eda del raciocinio, qu\u00e9 no pasar\u00e1 con las ideolog\u00edas, a las cuales nos solemos incorporar por la v\u00eda de las emociones.<\/p>\n<p>Las teor\u00edas y la ideolog\u00edas son como el agua, en las cantidades adecuadas tonifican y vivifican, pero si nos excedemos con ellas nos pueden ahogar. Echen un vistazo a su alrededor y vean en cu\u00e1ntas ocasiones nuestros l\u00edderes, nuestros vecinos o nosotros mismos, preferimos ahogarnos antes de reconocer lo tozuda que es la realidad.<\/p>\n<!-- AddThis Advanced Settings generic via filter on the_content --><!-- AddThis Share Buttons generic via filter on the_content -->","protected":false},"excerpt":{"rendered":"<p>Seg\u00fan el DRAE, una teor\u00eda es una serie de las leyes que sirven para relacionar determinado orden de fen\u00f3menos. En una teor\u00eda se organizan las observaciones para explicar un fen\u00f3meno, siguiendo un razonamiento l\u00f3gico. Las teor\u00edas forman parte del m\u00e9todo cient\u00edfico y son imprescindibles para el avance de la ciencia. Las ideolog\u00edas tambi\u00e9n organizan las [&hellip;]<!-- AddThis Advanced Settings generic via filter on get_the_excerpt --><!-- AddThis Share Buttons generic via filter on get_the_excerpt --><\/p>\n","protected":false},"author":19247,"featured_media":0,"comment_status":"open","ping_status":"closed","sticky":false,"template":"","format":"standard","meta":[],"categories":[1],"tags":[],"_links":{"self":[{"href":"https:\/\/blogs.elcomercio.es\/alguien-tiene-que-decirlo\/wp-json\/wp\/v2\/posts\/11"}],"collection":[{"href":"https:\/\/blogs.elcomercio.es\/alguien-tiene-que-decirlo\/wp-json\/wp\/v2\/posts"}],"about":[{"href":"https:\/\/blogs.elcomercio.es\/alguien-tiene-que-decirlo\/wp-json\/wp\/v2\/types\/post"}],"author":[{"embeddable":true,"href":"https:\/\/blogs.elcomercio.es\/alguien-tiene-que-decirlo\/wp-json\/wp\/v2\/users\/19247"}],"replies":[{"embeddable":true,"href":"https:\/\/blogs.elcomercio.es\/alguien-tiene-que-decirlo\/wp-json\/wp\/v2\/comments?post=11"}],"version-history":[{"count":1,"href":"https:\/\/blogs.elcomercio.es\/alguien-tiene-que-decirlo\/wp-json\/wp\/v2\/posts\/11\/revisions"}],"predecessor-version":[{"id":12,"href":"https:\/\/blogs.elcomercio.es\/alguien-tiene-que-decirlo\/wp-json\/wp\/v2\/posts\/11\/revisions\/12"}],"wp:attachment":[{"href":"https:\/\/blogs.elcomercio.es\/alguien-tiene-que-decirlo\/wp-json\/wp\/v2\/media?parent=11"}],"wp:term":[{"taxonomy":"category","embeddable":true,"href":"https:\/\/blogs.elcomercio.es\/alguien-tiene-que-decirlo\/wp-json\/wp\/v2\/categories?post=11"},{"taxonomy":"post_tag","embeddable":true,"href":"https:\/\/blogs.elcomercio.es\/alguien-tiene-que-decirlo\/wp-json\/wp\/v2\/tags?post=11"}],"curies":[{"name":"wp","href":"https:\/\/api.w.org\/{rel}","templated":true}]}}