{"id":14,"date":"2017-08-20T09:55:58","date_gmt":"2017-08-20T07:55:58","guid":{"rendered":"http:\/\/blogs.elcomercio.es\/alguien-tiene-que-decirlo\/?p=14"},"modified":"2017-08-22T09:56:38","modified_gmt":"2017-08-22T07:56:38","slug":"el-deseo-de-hacer-dano","status":"publish","type":"post","link":"https:\/\/blogs.elcomercio.es\/alguien-tiene-que-decirlo\/2017\/08\/20\/el-deseo-de-hacer-dano\/","title":{"rendered":"El deseo de hacer da\u00f1o"},"content":{"rendered":"<p>Estos d\u00edas no hay otro tema, ni puede haberlo.<\/p>\n<p>Las Ramblas son una met\u00e1fora del Mundo, buen escenario para un atentado propagand\u00edstico, la garant\u00eda de que en todos los pa\u00edses con compatriotas victimados tendr\u00e1 la repercusi\u00f3n adecuada. Las v\u00edctimas pertenec\u00edan a 35 pa\u00edses de todos los continentes. \u00bfPor qu\u00e9 nos afecta tanto la proximidad? Por solidaridad vecinal, porque nos recuerda que lo mismo que ellos pod\u00edamos haber sido nosotros. Pudo haber sido en las fiestas de San Mateo o en Las Piraguas. No es una amenaza exclusiva de las grandes ciudades; hace apenas 10 meses fue detenido un reclutador de muyaidines en Gij\u00f3n. \u00bfQui\u00e9n conoce Saint-Etienne-du-Rouvray? una villa normanda que no alcanza los 30.000 habitantes, con todo, su p\u00e1rroco fue degollado hace un a\u00f1o por dos sujetos que se cre\u00edan soldados de un califato que no lleg\u00f3 a existir. No hay lugar seguro en el mundo porque basta una furgoneta o un cuchillo de cocina para producir el caos.<\/p>\n<p>Por desgracia, en Espa\u00f1a sabemos lo que es el terrorismo. Aunque pueda pensarse que Asturias ha estado lejos del escenario terrorista, no es as\u00ed: hasta 18 asturianos murieron en atentados etarras y sumamos en nuestro territorio un atentado del GRAPO y tres de ETA. Cuando tras el 11-M las tropas fueron retiradas de Irak, donde se encontraban bajo mando polaco, en Polonia se tom\u00f3 como un gesto de cobard\u00eda, una forma de escabullirse de la amenaza terrorista. Recuerdo cuando mi amiga Edyta, polaca retornada a su pa\u00eds por aquellas fechas, contaba que se esforzaba por explicar a sus compatriotas que tras tantos a\u00f1os de vivir bajo el terrorismo los espa\u00f1oles no iban a temer m\u00e1s a Al-Qaeda que a las organizaciones que desde dentro hab\u00edan causado m\u00e1s de 900 muertos. Los polacos no lo entend\u00edan.<\/p>\n<p>Es descorazonador, pero es m\u00e1s l\u00fagubre reconocer que Occidente no parece ser el objetivo prioritario del terrorismo yihadista. O no se ha convertido en el escenario de la carnicer\u00eda ambicionada gracias a la prevenci\u00f3n. Al horror producido por la proximidad de la muerte se suma el de pensar en la cat\u00e1strofe que cada d\u00eda se produce en la lejan\u00eda. Las cifras son aterradoras; de los 15.818 atentados yihadistas que tuvieron lugar entre 2000 y 2014 solo tuvieron lugar en Europa 22; es decir, por cada atentado de este tipo que hubo en Europa hubo 719 en el resto del mundo, en su mayor\u00eda con v\u00edctimas musulmanas. Nuestras, entonces, 191 muertos de Madrid, siendo un balance terrible, palidece ante los 16.205 muertos que durante el mismo tiempo hubo en Irak, los 14.359 de Afganist\u00e1n o los 10.035 de Nigeria. Siria con \u201csolo\u201d 3.727, a\u00fan no hab\u00eda entrado en la fase m\u00e1s terrible de su guerra y el DAESH acababa de comenzar su macabra andadura. No me he atrevido a actualizar las cifras, solo est\u00e1n en mi mente los recientes 13 asesinados en Barcelona y Cambrils.<\/p>\n<p>Tengo presentes las palabras del arzobispo de Barcelona que recordaba lo hermoso que ha sido ver unidos a los hombres y mujeres de buena voluntad. Lamentablemente tienen que suceder estas cosas para volver a recordar lo que realmente es importante. A ver lo que dura.<\/p>\n<!-- AddThis Advanced Settings generic via filter on the_content --><!-- AddThis Share Buttons generic via filter on the_content -->","protected":false},"excerpt":{"rendered":"<p>Estos d\u00edas no hay otro tema, ni puede haberlo. Las Ramblas son una met\u00e1fora del Mundo, buen escenario para un atentado propagand\u00edstico, la garant\u00eda de que en todos los pa\u00edses con compatriotas victimados tendr\u00e1 la repercusi\u00f3n adecuada. Las v\u00edctimas pertenec\u00edan a 35 pa\u00edses de todos los continentes. \u00bfPor qu\u00e9 nos afecta tanto la proximidad? Por [&hellip;]<!-- AddThis Advanced Settings generic via filter on get_the_excerpt --><!-- AddThis Share Buttons generic via filter on get_the_excerpt --><\/p>\n","protected":false},"author":19247,"featured_media":0,"comment_status":"open","ping_status":"closed","sticky":false,"template":"","format":"standard","meta":[],"categories":[1],"tags":[],"_links":{"self":[{"href":"https:\/\/blogs.elcomercio.es\/alguien-tiene-que-decirlo\/wp-json\/wp\/v2\/posts\/14"}],"collection":[{"href":"https:\/\/blogs.elcomercio.es\/alguien-tiene-que-decirlo\/wp-json\/wp\/v2\/posts"}],"about":[{"href":"https:\/\/blogs.elcomercio.es\/alguien-tiene-que-decirlo\/wp-json\/wp\/v2\/types\/post"}],"author":[{"embeddable":true,"href":"https:\/\/blogs.elcomercio.es\/alguien-tiene-que-decirlo\/wp-json\/wp\/v2\/users\/19247"}],"replies":[{"embeddable":true,"href":"https:\/\/blogs.elcomercio.es\/alguien-tiene-que-decirlo\/wp-json\/wp\/v2\/comments?post=14"}],"version-history":[{"count":1,"href":"https:\/\/blogs.elcomercio.es\/alguien-tiene-que-decirlo\/wp-json\/wp\/v2\/posts\/14\/revisions"}],"predecessor-version":[{"id":15,"href":"https:\/\/blogs.elcomercio.es\/alguien-tiene-que-decirlo\/wp-json\/wp\/v2\/posts\/14\/revisions\/15"}],"wp:attachment":[{"href":"https:\/\/blogs.elcomercio.es\/alguien-tiene-que-decirlo\/wp-json\/wp\/v2\/media?parent=14"}],"wp:term":[{"taxonomy":"category","embeddable":true,"href":"https:\/\/blogs.elcomercio.es\/alguien-tiene-que-decirlo\/wp-json\/wp\/v2\/categories?post=14"},{"taxonomy":"post_tag","embeddable":true,"href":"https:\/\/blogs.elcomercio.es\/alguien-tiene-que-decirlo\/wp-json\/wp\/v2\/tags?post=14"}],"curies":[{"name":"wp","href":"https:\/\/api.w.org\/{rel}","templated":true}]}}