{"id":157,"date":"2023-06-19T18:35:19","date_gmt":"2023-06-19T16:35:19","guid":{"rendered":"https:\/\/blogs.elcomercio.es\/alguien-tiene-que-decirlo\/?p=157"},"modified":"2023-06-19T18:35:19","modified_gmt":"2023-06-19T16:35:19","slug":"por-que-suprimir-lo-que-bien-funciona","status":"publish","type":"post","link":"https:\/\/blogs.elcomercio.es\/alguien-tiene-que-decirlo\/2023\/06\/19\/por-que-suprimir-lo-que-bien-funciona\/","title":{"rendered":"\u00bfPor qu\u00e9 suprimir lo que bien funciona?"},"content":{"rendered":"<p><strong>Hace d\u00edas visitaba la excelente colecci\u00f3n de arte del instituto Bernaldo de Quir\u00f3s de Mieres y no s\u00e9 qu\u00e9 me llam\u00f3 m\u00e1s la atenci\u00f3n, si la calidad y abundancia de las obras expuestas o que la lograse con un presupuesto casi nulo. \u00bfEl secreto? La constancia y, nunca mejor dicho, el amor al arte<\/strong><\/p>\n<p>No es la constancia nuestra virtud m\u00e1s destacada, as\u00ed que es un doble milagro que la iniciativa de su directora en los primeros 70, Carmen D\u00edaz Casta\u00f1\u00f3n, fuese prolongada por sus sucesores hasta la actualidad, incrementando el museo con obras de los m\u00e1s destacados artistas del siglo XX en el panorama asturiano y nacional. Es realmente sorprendente que una iniciativa, si no privada, s\u00ed personal y colectiva, se mantuviese e hiciese crecer la colecci\u00f3n para llegar a ser una de las pinacotecas m\u00e1s importantes (y desconocidas) de Asturias. Estamos tan acostumbrados a que los sucesores de los m\u00e1s altos cargos quieran marcar las diferencias con sus predecesores que nos parece casi normal que las iniciativas, brillantes o no, partan continuamente de cero. Este caso demuestra que con m\u00e1s ilusi\u00f3n e imaginaci\u00f3n que medios se pueda crear una instituci\u00f3n tan l\u00facida tras medio siglo de esfuerzo continuo.<\/p>\n<p>Menos a\u00f1os que esta pinacoteca, y m\u00e1s recursos, tiene la Fundaci\u00f3n Princesa de Asturias, cuyo art\u00edculo segundo de sus estatutos (Objetos y fines) establece que \u201cla Fundaci\u00f3n apoyar\u00e1 la b\u00fasqueda del bienestar social y cultural de los asturianos\u201d, por delante de la concesi\u00f3n de los premios.<\/p>\n<p>No me interesan tanto las giras internacionales del coro por 14 pa\u00edses, ni su participaci\u00f3n en grandes eventos sociales, ni su discograf\u00eda. Me interesan m\u00e1s sus esperadas actuaciones dom\u00e9sticas anuales, como El Mes\u00edas o los conciertos la v\u00edspera de los premios o sus m\u00e1s de 400 conciertos en 29 localidades del Principado. \u00bfHan visto a gente de toda edad hacer cola durante horas para conseguir dos entradas de un ensayo general como si fuera para un concierto de los Stones? Eso satisface \u201cla b\u00fasqueda del bienestar social y cultural de los asturianos\u201d, seg\u00fan rezan sus estatutos. No tienen la repercusi\u00f3n medi\u00e1tica de los premios, pero expresan el alma de la idea fundacional y no es pr\u00e1ctico esperar que un cuerpo funcione sin alma. El cine llama zombis a los cuerpos sin alma. Viv\u00ed algunas de las actuaciones del coro juvenil por diferentes puntos de Asturias y vi c\u00f3mo la gente se sent\u00eda part\u00edcipe, a trav\u00e9s de estas actuaciones, de la actividad de su Fundaci\u00f3n. Muchos de los que all\u00ed acud\u00edan se desplazaban a Oviedo a disfrutar la calle el d\u00eda de la entrega de los premios, pero en aquel momento eran los premios los que se desplazaban hasta ellos y les hac\u00eda recordar que no estaban olvidados, que no todo era relumbr\u00f3n. Por esta labor, que combinaba la proyecci\u00f3n local, estatal e internacional, el Parlamento Europeo distingui\u00f3 al Coro en 2007 con un reconocimiento extraordinario &#8220;por su destacado servicio en pro de la Uni\u00f3n Europea&#8221;. Era un tiempo de esplendor.<\/p>\n<p>Como en todas las instituciones, la pandemia supuso un par\u00f3n, y como sucedi\u00f3 en algunas, se aprovech\u00f3 para aligerar peso y prescindir de lo que menos parec\u00eda interesar. A pesar de que el coste de las actividades musicales resulta insignificante, ya que solo representaba el 7% del presupuesto gastado, frente al 89% de los premios, fue la m\u00fasica la primera en sentir la guada\u00f1a. La Escuela Internacional de M\u00fasica nunca volvi\u00f3 a convocarse; tampoco los coros infantil y juvenil volvieron a cantar, para desaparecer oficialmente este a\u00f1o por decisi\u00f3n un\u00e1nime del patronato. Supongo la tristeza que produjo en sus directores Natalia Ruis\u00e1nchez y Jos\u00e9 \u00c1ngel \u00c9mbil, as\u00ed como la consternaci\u00f3n de los componentes del coro s\u00e9nior, al presentir que estaban segando la hierba bajo sus pies. Se percataron entonces de que hac\u00eda a\u00f1os que, poco a poco, hab\u00edan ido dejando de ser la joya de la corona. Heridos, sintieron menospreciado su esfuerzo que, aunque voluntario, como el de los coros desaparecidos, tambi\u00e9n representaba un trabajo no remunerado.<\/p>\n<p>Lejos quedan aquellos tiempos, cuando en 2008 se premi\u00f3 el Sistema Nacional de Orquestas Juveniles e Infantiles de Venezuela por haber combinado \u201cla m\u00e1xima calidad art\u00edstica y una profunda convicci\u00f3n \u00e9tica aplicada a la mejora de la realidad social\u201d. Tambi\u00e9n se olvid\u00f3 que el Consejo Internacional de la M\u00fasica, dependiente de Naciones Unidas, consider\u00f3 al coro un &#8220;Ejemplo Mundial&#8221; en la promoci\u00f3n de la ense\u00f1anza musical y el reconocimiento del Parlamento Europeo.<\/p>\n<p>\u00bfPuede alguien imaginarse qu\u00e9 suceder\u00eda si el Sporting clausurase sus equipos infantiles y juveniles? El Vetusta nunca podr\u00e1 estar por delante del Real Oviedo, pero ser\u00eda suicida que el primer equipo prescindiese de sus filiales. Sin embargo, esto parece estar sucediendo con los coros de la Fundaci\u00f3n Princesa de Asturias, y lo que es peor a\u00fan, por voluntad un\u00e1nime de su patronato, que vota lo contrario de lo que predica. No parece l\u00f3gico suponer que haya sido por causas econ\u00f3micas, pero que tal unanimidad contradiga el esp\u00edritu de la propia Fundaci\u00f3n requiere una explicaci\u00f3n convincente. Cualquier aparente sinraz\u00f3n necesita ser explicada, en caso contrario estamos autorizados a pensar que la raz\u00f3n es inconfesable. A m\u00ed me recuerda lo que le pas\u00f3 a un amigo que dirig\u00eda otra fundaci\u00f3n oficial: le fueron mermando el presupuesto hasta justificar su expulsi\u00f3n por inoperante cuando se lleg\u00f3 al punto de no poder mantener la actividad que hasta entonces hab\u00eda tenido la instituci\u00f3n.<\/p>\n<p>\u00bfConseguir\u00e1n sus actuales dirigentes lo que hasta ahora no consiguieron los grupos pol\u00edticos antimon\u00e1rquicos?<\/p>\n<!-- AddThis Advanced Settings generic via filter on the_content --><!-- AddThis Share Buttons generic via filter on the_content -->","protected":false},"excerpt":{"rendered":"<p>Hace d\u00edas visitaba la excelente colecci\u00f3n de arte del instituto Bernaldo de Quir\u00f3s de Mieres y no s\u00e9 qu\u00e9 me llam\u00f3 m\u00e1s la atenci\u00f3n, si la calidad y abundancia de las obras expuestas o que la lograse con un presupuesto casi nulo. \u00bfEl secreto? La constancia y, nunca mejor dicho, el amor al arte No [&hellip;]<!-- AddThis Advanced Settings generic via filter on get_the_excerpt --><!-- AddThis Share Buttons generic via filter on get_the_excerpt --><\/p>\n","protected":false},"author":19247,"featured_media":0,"comment_status":"open","ping_status":"closed","sticky":false,"template":"","format":"standard","meta":[],"categories":[1],"tags":[],"_links":{"self":[{"href":"https:\/\/blogs.elcomercio.es\/alguien-tiene-que-decirlo\/wp-json\/wp\/v2\/posts\/157"}],"collection":[{"href":"https:\/\/blogs.elcomercio.es\/alguien-tiene-que-decirlo\/wp-json\/wp\/v2\/posts"}],"about":[{"href":"https:\/\/blogs.elcomercio.es\/alguien-tiene-que-decirlo\/wp-json\/wp\/v2\/types\/post"}],"author":[{"embeddable":true,"href":"https:\/\/blogs.elcomercio.es\/alguien-tiene-que-decirlo\/wp-json\/wp\/v2\/users\/19247"}],"replies":[{"embeddable":true,"href":"https:\/\/blogs.elcomercio.es\/alguien-tiene-que-decirlo\/wp-json\/wp\/v2\/comments?post=157"}],"version-history":[{"count":1,"href":"https:\/\/blogs.elcomercio.es\/alguien-tiene-que-decirlo\/wp-json\/wp\/v2\/posts\/157\/revisions"}],"predecessor-version":[{"id":158,"href":"https:\/\/blogs.elcomercio.es\/alguien-tiene-que-decirlo\/wp-json\/wp\/v2\/posts\/157\/revisions\/158"}],"wp:attachment":[{"href":"https:\/\/blogs.elcomercio.es\/alguien-tiene-que-decirlo\/wp-json\/wp\/v2\/media?parent=157"}],"wp:term":[{"taxonomy":"category","embeddable":true,"href":"https:\/\/blogs.elcomercio.es\/alguien-tiene-que-decirlo\/wp-json\/wp\/v2\/categories?post=157"},{"taxonomy":"post_tag","embeddable":true,"href":"https:\/\/blogs.elcomercio.es\/alguien-tiene-que-decirlo\/wp-json\/wp\/v2\/tags?post=157"}],"curies":[{"name":"wp","href":"https:\/\/api.w.org\/{rel}","templated":true}]}}