{"id":16,"date":"2017-10-09T09:55:10","date_gmt":"2017-10-09T07:55:10","guid":{"rendered":"http:\/\/blogs.elcomercio.es\/alguien-tiene-que-decirlo\/?p=16"},"modified":"2017-10-09T09:55:10","modified_gmt":"2017-10-09T07:55:10","slug":"cuando-hablen-de-la-patria","status":"publish","type":"post","link":"https:\/\/blogs.elcomercio.es\/alguien-tiene-que-decirlo\/2017\/10\/09\/cuando-hablen-de-la-patria\/","title":{"rendered":"Cuando hablen de la patria\u2026"},"content":{"rendered":"<p>Cuando asist\u00ed en la distancia a los acontecimientos del 1-O y del 3-O vinieron a mi mente dos im\u00e1genes: la del <em>Anschluss<\/em>, es decir, la anexi\u00f3n de Austria el III Reich y la de V\u00edctor Manuel cantando Esto no es una canci\u00f3n (obvio poner el t\u00edtulo completo).<\/p>\n<p>Lo primero que hice fue acudir a YouTube para ver si de verdad las im\u00e1genes que recordaba se correspond\u00edan con la realidad y en efecto, all\u00ed estaba la gente exultante, gritando y cantando feliz por el inicio de una nueva era que se avecinaba y que lo cambiar\u00eda todo.<\/p>\n<p>Lo segundo fue comprobar si la letra de la canci\u00f3n dec\u00eda lo que recordaba y en efecto, tambi\u00e9n era as\u00ed. Tres estrofas que se revelaban contra aquellos que quer\u00edan imponer unilateralmente su voluntad a los dem\u00e1s. La canci\u00f3n fue inspirada por el 23 \u2013F y pens\u00e9 que al fin y al cabo aunque las armas eran diferentes el odio era el mismo. No tengo ni idea de lo que opina V\u00edctor Manuel sobre el tema, pero como las canciones populares no son solo de su autor formal, sino tambi\u00e9n de la gente que las acoge y que las canta me siento libre para imaginar con ella lo que quiera. Naci\u00f3 como una especie de canto antimilitarista y ahora se puede ver como un canto anti militante o al menos como un canto contra las militancias excesivas y fagocitarias. Yo, en mi infinita inocencia no me di cuenta en un principio que ambas circunstancias pretend\u00edan imponer sociedades totalitarias.<\/p>\n<p>La primera estrofa recuerda que nadie quiere saber nada de batallas ganadas cara al sol porque lo importante es que no importe el color, ni el sexo ni la raza o el bando en que luch\u00f3; la segunda nos dice que no se debe tachar de traidor al que lleva la patria dentro, pegada al coraz\u00f3n y no anda por la calle con ella en procesi\u00f3n. Qu\u00e9 visi\u00f3n con 36 a\u00f1os de adelanto.<\/p>\n<p>La tercera no tiene desperdicio, toda entera:<\/p>\n<p style=\"text-align: center;\">Cuando hablen de la patria no olviden que es mejor,<\/p>\n<p style=\"text-align: center;\">sentirla a nuestro lado que ser su salvador,<\/p>\n<p style=\"text-align: center;\">por repetir su nombre no te armas de raz\u00f3n,<\/p>\n<p style=\"text-align: center;\">aqu\u00ed cabemos todos o no cabe ni Dios.<\/p>\n<p>Como resulta evidente se trata de un himno fascista, como los que cantaba su amigo Joan Manuel. Ser\u00eda bonito que cuando unos canten La Estaca otros les recordaran que Esto no es una canci\u00f3n<\/p>\n<!-- AddThis Advanced Settings generic via filter on the_content --><!-- AddThis Share Buttons generic via filter on the_content -->","protected":false},"excerpt":{"rendered":"<p>Cuando asist\u00ed en la distancia a los acontecimientos del 1-O y del 3-O vinieron a mi mente dos im\u00e1genes: la del Anschluss, es decir, la anexi\u00f3n de Austria el III Reich y la de V\u00edctor Manuel cantando Esto no es una canci\u00f3n (obvio poner el t\u00edtulo completo). Lo primero que hice fue acudir a YouTube [&hellip;]<!-- AddThis Advanced Settings generic via filter on get_the_excerpt --><!-- AddThis Share Buttons generic via filter on get_the_excerpt --><\/p>\n","protected":false},"author":19247,"featured_media":0,"comment_status":"open","ping_status":"closed","sticky":false,"template":"","format":"standard","meta":[],"categories":[1],"tags":[],"_links":{"self":[{"href":"https:\/\/blogs.elcomercio.es\/alguien-tiene-que-decirlo\/wp-json\/wp\/v2\/posts\/16"}],"collection":[{"href":"https:\/\/blogs.elcomercio.es\/alguien-tiene-que-decirlo\/wp-json\/wp\/v2\/posts"}],"about":[{"href":"https:\/\/blogs.elcomercio.es\/alguien-tiene-que-decirlo\/wp-json\/wp\/v2\/types\/post"}],"author":[{"embeddable":true,"href":"https:\/\/blogs.elcomercio.es\/alguien-tiene-que-decirlo\/wp-json\/wp\/v2\/users\/19247"}],"replies":[{"embeddable":true,"href":"https:\/\/blogs.elcomercio.es\/alguien-tiene-que-decirlo\/wp-json\/wp\/v2\/comments?post=16"}],"version-history":[{"count":1,"href":"https:\/\/blogs.elcomercio.es\/alguien-tiene-que-decirlo\/wp-json\/wp\/v2\/posts\/16\/revisions"}],"predecessor-version":[{"id":17,"href":"https:\/\/blogs.elcomercio.es\/alguien-tiene-que-decirlo\/wp-json\/wp\/v2\/posts\/16\/revisions\/17"}],"wp:attachment":[{"href":"https:\/\/blogs.elcomercio.es\/alguien-tiene-que-decirlo\/wp-json\/wp\/v2\/media?parent=16"}],"wp:term":[{"taxonomy":"category","embeddable":true,"href":"https:\/\/blogs.elcomercio.es\/alguien-tiene-que-decirlo\/wp-json\/wp\/v2\/categories?post=16"},{"taxonomy":"post_tag","embeddable":true,"href":"https:\/\/blogs.elcomercio.es\/alguien-tiene-que-decirlo\/wp-json\/wp\/v2\/tags?post=16"}],"curies":[{"name":"wp","href":"https:\/\/api.w.org\/{rel}","templated":true}]}}