{"id":164,"date":"2023-07-22T17:29:04","date_gmt":"2023-07-22T15:29:04","guid":{"rendered":"https:\/\/blogs.elcomercio.es\/alguien-tiene-que-decirlo\/?p=164"},"modified":"2024-02-23T17:30:17","modified_gmt":"2024-02-23T16:30:17","slug":"el-mayor-proyecto-de-rewilding-de-asturias","status":"publish","type":"post","link":"https:\/\/blogs.elcomercio.es\/alguien-tiene-que-decirlo\/2023\/07\/22\/el-mayor-proyecto-de-rewilding-de-asturias\/","title":{"rendered":"\u00bfEl mayor proyecto de &#8216;rewilding&#8217; de Asturias?"},"content":{"rendered":"<p><strong>Tam\u00f3n era en 1990 un espacio dominado por 90 hect\u00e1reas de prader\u00edas, un amplio eucaliptal de 60 y una sola hect\u00e1rea de bosque natural, en medio de un territorio industrial. DuPont se propuso la recuperaci\u00f3n ambiental de todo el valle<\/strong><\/p>\n<p>Llamamos &#8216;rewilding&#8217; o reasilvestramiento a la recuperaci\u00f3n de la p\u00e9rdida de biodiversidad provocada por los humanos. Un concepto que evolucion\u00f3 r\u00e1pidamente tras la aparici\u00f3n de la Biolog\u00eda de la Conservaci\u00f3n en los a\u00f1os 80. Su objetivo es liberar a los ecosistemas de la presi\u00f3n humana para que puedan autorregularse y recuperar su funcionalidad. Bajo este paraguas se han promovido ideas pol\u00e9micas, como la desaparici\u00f3n de los porreos de las r\u00edas asturianas, la liberaci\u00f3n de pigargos o la introducci\u00f3n de bisontes europeos.<\/p>\n<p>Sin embargo, alejado de toda pol\u00e9mica, uno de los proyectos m\u00e1s importantes de renaturalizaci\u00f3n que se ha hecho en Asturias lleva d\u00e9cadas funcionando y cumpliendo su misi\u00f3n, acarreando una vida discreta y una historia \u00fatil en medio de la Asturias m\u00e1s industrializada.<\/p>\n<p>Tam\u00f3n era, en 1990, un espacio dominado por 90 hect\u00e1reas de prader\u00edas, un amplio eucaliptal de 60 y con una sola hect\u00e1rea de bosque natural en medio de un territorio industrial. Cuando la multinacional DuPont decidi\u00f3 asentarse en Asturias se propuso una restauraci\u00f3n paisaj\u00edstica y la recuperaci\u00f3n ambiental de todo el valle, una superficie de m\u00e1s de 2 km2, a lo largo de ocho a\u00f1os, incluyendo la creaci\u00f3n de un humedal y la restituci\u00f3n de una turbera.<\/p>\n<p>Un visionario de la empresa, una ONG y una veintena de t\u00e9cnicos de la Universidad de Oviedo elaboraron el plan<br \/>\nFuera del c\u00edrculo m\u00e1s implicado en el proyecto, pocos comprendieron el objetivo de la empresa. Frente al espacio deslucido e insalubre propio de la industria pesada asturiana, parec\u00eda tener sentido crear un ajardinamiento, un lugar m\u00e1s agradable para el trabajo, pero el proyecto no era eso. \u00bfQu\u00e9 era entonces? Era un proyecto de &#8216;rewilding&#8217;, el mayor que ha habido en muchos a\u00f1os, solo que no lo sab\u00edamos porque el nombre a\u00fan no hab\u00eda nacido. Se trataba de restituir, en un espacio industrial, un lugar donde la naturaleza volviese a ser como se supon\u00eda que era antes de que el ser humano la transformase profundamente. Y sin perjudicar la actividad de la nueva industria. As\u00ed, un visionario de la empresa, una ONG y una veintena de t\u00e9cnicos de la Universidad de Oviedo elaboraron un plan para recrear los h\u00e1bitats m\u00e1s adecuados seg\u00fan el sustrato geol\u00f3gico, el suelo, la orientaci\u00f3n y la disponibilidad de agua. Primero fueron las plantas. Una de las cosas que m\u00e1s interesaron a la empresa, que al fin y al cabo ten\u00eda que sufragarlo de su propio bolsillo, fue que el proyecto se ejecutar\u00eda con un m\u00ednimo movimiento de tierras y tendr\u00eda un coste bajo de mantenimiento, a ser posible nulo. Hoy dir\u00edamos que el proyecto minimizaba su huella de carbono. Bastaba facilitar la tarea a la naturaleza porque cuando se trabaja a favor de la tendencia espont\u00e1nea, la naturaleza trabaja gratis. El proyecto de Tam\u00f3n supuso para muchos de los que intervinimos en \u00e9l una ocasi\u00f3n que raras veces se da en la vida de un acad\u00e9mico: la posibilidad de convertir la teor\u00eda de los libros en una experiencia real. Y \u00fatil.<\/p>\n<p>Fue una grata sorpresa comprobar que el bosque no dejaba ver los \u00e1rboles. El eucaliptal que ocupaba la colina norte no fue talado a matarrasa; se tuvo especial cuidado en respetar los muchos peque\u00f1os \u00e1rboles aut\u00f3ctonos que hab\u00edan logrado mantenerse bajo el dosel que los ocultaba y obstaculizaba su crecimiento. Muchos robles &#8216;reaparecieron&#8217; y ampararon el crecimiento de los m\u00e1s de 22.000 nuevos plantones que regeneraron los dos amplios robledales que hoy flanquean el valle. Cada \u00e1rbol recuperado ahorraba una reposici\u00f3n y garantizaba el mantenimiento de los genotipos locales. No serv\u00edan plantas de cualquier procedencia que pudiesen contaminar gen\u00e9ticamente los \u00e1rboles de la zona. Se plantaron 50 especies de \u00e1rboles y arbustos durante seis a\u00f1os, pr\u00e1cticamente a mano para evitar que se afectase la din\u00e1mica h\u00eddrica y causase erosi\u00f3n. El proyecto demostr\u00f3 que el mito de que &#8216;bajo los eucaliptos no crece nada&#8217; era falso y que, adem\u00e1s, se pod\u00eda recuperar un bosque en el lugar ocupado por un eucaliptal. Tambi\u00e9n se plant\u00f3 un lauredal de 11 ha, que forma actualmente el mayor bosque de laurel de Asturias y probablemente de todo el norte de Espa\u00f1a. Su tama\u00f1o no pretend\u00eda batir un record; fue algo casual. Se plant\u00f3 un lauredal menor en el lugar id\u00f3neo, pero los caballos de un vecino lo invadieron y lo ramonearon casi por completo. Sin desanimarse, la cooperativa forestal plant\u00f3 un nuevo lauredal al lado y con el tiempo el primitivo rebrot\u00f3. La suma de ambas intentonas logr\u00f3 el hito.<\/p>\n<p>Se pretendi\u00f3 recuperar dos turberas drenadas desde antiguo para desecarlas. El objetivo se consigui\u00f3 plenamente en la menor. No fue posible cortar el efecto de la sangr\u00eda de agua que los antiguos habitantes hab\u00edan perpetrado en la m\u00e1s grande y tras varios intentos, s\u00f3lo qued\u00f3 una leve sombra de lo que fue en otro tiempo.<\/p>\n<p>No hab\u00eda que reconstruir un pasado remoto, sino tambi\u00e9n recordar lo que hab\u00eda sido antes de convertirse en un espacio industrial. Quer\u00edamos conservar ejemplos de lo que llamamos etapas de sustituci\u00f3n, entre ellos la valiosa campi\u00f1a atl\u00e1ntica (entramado de cultivos, prados y matorrales con setos arb\u00f3reos de gran diversidad biol\u00f3gica). El problema era que estas etapas intermedias no son estables porque naturalmente tienden a matorralizarse, salvo que se les aplique de forma continua el manejo tradicional. \u00bfC\u00f3mo conseguirlo? Metiendo a pastar las razas m\u00e1s antiguas de Asturias, entonces amenazadas de extinci\u00f3n, capaces de mantener los prados a raya en el punto adecuado y cuyos excedentes pod\u00edan ser vendidos. \u00a1Pero c\u00f3mo! \u00bfUna industria qu\u00edmica criando ganado? Pues s\u00ed. Ahora se llama econom\u00eda circular. Entonces se llamaba no tener miedo a la innovaci\u00f3n.<\/p>\n<!-- AddThis Advanced Settings generic via filter on the_content --><!-- AddThis Share Buttons generic via filter on the_content -->","protected":false},"excerpt":{"rendered":"<p>Tam\u00f3n era en 1990 un espacio dominado por 90 hect\u00e1reas de prader\u00edas, un amplio eucaliptal de 60 y una sola hect\u00e1rea de bosque natural, en medio de un territorio industrial. DuPont se propuso la recuperaci\u00f3n ambiental de todo el valle Llamamos &#8216;rewilding&#8217; o reasilvestramiento a la recuperaci\u00f3n de la p\u00e9rdida de biodiversidad provocada por los [&hellip;]<!-- AddThis Advanced Settings generic via filter on get_the_excerpt --><!-- AddThis Share Buttons generic via filter on get_the_excerpt --><\/p>\n","protected":false},"author":19247,"featured_media":0,"comment_status":"open","ping_status":"closed","sticky":false,"template":"","format":"standard","meta":[],"categories":[1],"tags":[],"_links":{"self":[{"href":"https:\/\/blogs.elcomercio.es\/alguien-tiene-que-decirlo\/wp-json\/wp\/v2\/posts\/164"}],"collection":[{"href":"https:\/\/blogs.elcomercio.es\/alguien-tiene-que-decirlo\/wp-json\/wp\/v2\/posts"}],"about":[{"href":"https:\/\/blogs.elcomercio.es\/alguien-tiene-que-decirlo\/wp-json\/wp\/v2\/types\/post"}],"author":[{"embeddable":true,"href":"https:\/\/blogs.elcomercio.es\/alguien-tiene-que-decirlo\/wp-json\/wp\/v2\/users\/19247"}],"replies":[{"embeddable":true,"href":"https:\/\/blogs.elcomercio.es\/alguien-tiene-que-decirlo\/wp-json\/wp\/v2\/comments?post=164"}],"version-history":[{"count":1,"href":"https:\/\/blogs.elcomercio.es\/alguien-tiene-que-decirlo\/wp-json\/wp\/v2\/posts\/164\/revisions"}],"predecessor-version":[{"id":165,"href":"https:\/\/blogs.elcomercio.es\/alguien-tiene-que-decirlo\/wp-json\/wp\/v2\/posts\/164\/revisions\/165"}],"wp:attachment":[{"href":"https:\/\/blogs.elcomercio.es\/alguien-tiene-que-decirlo\/wp-json\/wp\/v2\/media?parent=164"}],"wp:term":[{"taxonomy":"category","embeddable":true,"href":"https:\/\/blogs.elcomercio.es\/alguien-tiene-que-decirlo\/wp-json\/wp\/v2\/categories?post=164"},{"taxonomy":"post_tag","embeddable":true,"href":"https:\/\/blogs.elcomercio.es\/alguien-tiene-que-decirlo\/wp-json\/wp\/v2\/tags?post=164"}],"curies":[{"name":"wp","href":"https:\/\/api.w.org\/{rel}","templated":true}]}}