{"id":170,"date":"2023-11-21T18:13:41","date_gmt":"2023-11-21T17:13:41","guid":{"rendered":"https:\/\/blogs.elcomercio.es\/alguien-tiene-que-decirlo\/?p=170"},"modified":"2024-02-23T18:18:19","modified_gmt":"2024-02-23T17:18:19","slug":"no-es-pais-para-intelectuales","status":"publish","type":"post","link":"https:\/\/blogs.elcomercio.es\/alguien-tiene-que-decirlo\/2023\/11\/21\/no-es-pais-para-intelectuales\/","title":{"rendered":"No es pa\u00eds para intelectuales"},"content":{"rendered":"<p><strong>Se valora m\u00e1s la opini\u00f3n que el conocimiento. O se confunden, que puede ser peor. Muchos se fijan m\u00e1s en qui\u00e9n lo dice que en lo que dice<\/strong><\/p>\n<p>Si un intelectual, como dice el Diccionario Oxford, es aquella persona que se dedica fundamentalmente a actividades o trabajos en los que predomina el uso de la inteligencia, los que se reconozcan en esta actividad viven horas bajas. En tiempos de posverdad priman las emociones sobre los hechos y no es una excepci\u00f3n escuchar a l\u00edderes &#8216;queer&#8217; decir que la realidad est\u00e1 sobrevalorada.<\/p>\n<p>La inteligencia, en estos tiempos, se usa para mejorar los chirimbolos tecnol\u00f3gicos o para encontrar un subterfugio legal para defraudar a Hacienda, pero poco para reflexionar sobre lo que sucede. Desde luego, resulta m\u00e1s dif\u00edcil encontrar en los medios reflexiones tranquilizadoras que noticias alarmantes presentadas desde una perspectiva aterradora. El miedo es un potente agente movilizador.<\/p>\n<p>El covid nos ha ense\u00f1ado mucho sobre esto. Las noticias m\u00e1s pesimistas y alarmantes dominaron sobre las informaciones que trataban de explicar objetivamente qu\u00e9 estaba sucediendo, lo que se conoc\u00eda, lo que se desconoc\u00eda, lo que era razonable y lo que no. Muchas personas reaccionaron como nuestros ancestros medievales ante la peste negra. Las vacunas pasaron de ser el medio m\u00e1s efectivo para evitar la enfermedad a convertirse en experimentos macabros que pretend\u00edan extinguir la humanidad o convertirla en un ej\u00e9rcito de zombis. Y lo peor es que los pa\u00edses con mayor tradici\u00f3n cient\u00edfica, como Estados Unidos, Reino Unido, Alemania o Austria encabezaron las listas de negacionistas e indisciplinados contra las medidas m\u00e1s razonables. Los extremos pol\u00edticos, una vez m\u00e1s se tocaron.<\/p>\n<p>Se valora m\u00e1s la opini\u00f3n que el conocimiento. O se confunden, que puede ser peor. Muchos se fijan m\u00e1s en qui\u00e9n lo dice que en lo que dice. En una tertulia de amigos, charlando sobre la retirada de unos trabajos de un conocido cient\u00edfico de la universidad de Oviedo, uno de los presentes no sab\u00eda de qu\u00e9 est\u00e1bamos hablando y cuando alguien trat\u00f3 de ponerle en antecedentes, antes de que acabara ya hab\u00eda tomado posici\u00f3n. Segundos le llev\u00f3 zanjar con un \u00abte lo digo yo\u00bb sobre un tema tan confuso que minutos antes desconoc\u00eda por completo.<\/p>\n<p>Crece la imperiosa necesidad de situarse en el bando pol\u00edticamente correcto y hacer ostentaci\u00f3n innecesaria de ello. Me recuerda a aquellos susceptibles de ser tenidos por marxistas que, reci\u00e9n acabada la Guerra Civil, se convirtieron en los m\u00e1s implacables falangistas para congraciarse con las autoridades vencedoras y aparentar que estaban fuera de toda sospecha. Reescribir la historia siempre fue una apetecible quimera. Un amigo catal\u00e1n me cont\u00f3 la historia de un anarquista que en el pueblo de su padre fusil\u00f3 a todos los enemigos de la revoluci\u00f3n y despu\u00e9s de la guerra lo encontraron por la zona de Valencia haciendo lo propio en el bando franquista. Un justiciero por naturaleza.<\/p>\n<p>Desgraciadamente no es cuesti\u00f3n de cultura. Los jerarcas nazis no eran incultos: amaban a Wagner y entend\u00edan de pintura, qued\u00e1ndose algunos de ellos con el &#8216;arte degenerado&#8217; que confiscaron a los jud\u00edos. Nada de esto les impidi\u00f3 quemar los libros que se opon\u00edan a sus designios. Himmler se mare\u00f3 en una corrida de toros viendo c\u00f3mo aquellos salvajes espa\u00f1oles torturaban a un pobre animal indefenso, lo que no le impidi\u00f3 hacer lo mismo con los jud\u00edos, gitanos y eslavos, a los que consideraba subhumanos. Hablando con una pariente, profesora de Filosof\u00eda, sobre el car\u00e1cter y el comportamiento, no aceptando que s\u00f3lo pueden modelarse hasta cierto punto por la educaci\u00f3n nos solt\u00f3: \u00ab\u00a1Ah, claro, como sois bi\u00f3logos, sois deterministas!\u00bb. Su rechazo a la gen\u00e9tica me record\u00f3 lo peligroso que era dedicarse a esta disciplina en la Uni\u00f3n Sovi\u00e9tica durante los a\u00f1os 30, cuando la Gen\u00e9tica se consideraba una ciencia burguesa, &#8216;ideol\u00f3gicamente incorrecta&#8217;, \u00abla prostituta del capitalismo\u00bb. Por eso varios genetistas fueron enviados a campos de trabajos forzados o ejecutados por practicar una &#8216;ciencia fascista&#8217;. Eran otros tiempos, pero permaneces sus rescoldos.<\/p>\n<p>Es f\u00e1cil imaginar por qu\u00e9 la ideolog\u00eda tiene m\u00e1s gancho que la ciencia. La ideolog\u00eda proporciona una respuesta autom\u00e1tica. No hace falta pensar en qui\u00e9nes son los buenos (nosotros) y los malos (los otros), as\u00ed que el posicionamiento es inmediato. La ciencia est\u00e1 llena de incertidumbres. La duda (met\u00f3dica) forma parte del m\u00e9todo cient\u00edfico, aunque, como hemos visto durante el covid, suele interpretarse como falta de conocimiento y de seguridad. Una hip\u00f3tesis, por muy razonable que sea, no basta para ser aceptada; tiene que pasar por el filtro de la comprobaci\u00f3n. Desgraciadamente hemos visto pregonar que determinadas ideas, a veces descabelladas, contaban con el respaldo cient\u00edfico, sin haber pasado por el necesario filtro comprobatorio, s\u00f3lo porque un cient\u00edfico las defendiese.<\/p>\n<p>El desapasionamiento en los debates no se ve como un signo de ponderaci\u00f3n, sino de tibieza y sopesar los pros y los contras te convierte en equidistante. Si quieres desacreditar a alguien no tienes m\u00e1s que ponerle un adjetivo. Si no es injurioso, el uso reiterado en un determinado contexto acaba convirti\u00e9ndolo en vejatorio. Hemos asistido a un posicionamiento de 514 firmantes de un manifiesto, varios de ellos reconocidos intelectuales, que ped\u00edan retirar del festival de San Sebasti\u00e1n el documental &#8216;No me llame Ternera&#8217;. Al parecer ninguno lo hab\u00eda visto. Una vez exhibido se comprob\u00f3 que hubiera sido mejor esperar unos d\u00edas para posicionarse, pero la inmediatez impera.<\/p>\n<p>No se concibe no militar en ning\u00fan bando. Por mucho que pretendas mantener un pensamiento independiente, los que no est\u00e9n de acuerdo contigo te encasillar\u00e1n siempre en el bando que no deseas.<\/p>\n<!-- AddThis Advanced Settings generic via filter on the_content --><!-- AddThis Share Buttons generic via filter on the_content -->","protected":false},"excerpt":{"rendered":"<p>Se valora m\u00e1s la opini\u00f3n que el conocimiento. O se confunden, que puede ser peor. Muchos se fijan m\u00e1s en qui\u00e9n lo dice que en lo que dice Si un intelectual, como dice el Diccionario Oxford, es aquella persona que se dedica fundamentalmente a actividades o trabajos en los que predomina el uso de la [&hellip;]<!-- AddThis Advanced Settings generic via filter on get_the_excerpt --><!-- AddThis Share Buttons generic via filter on get_the_excerpt --><\/p>\n","protected":false},"author":19247,"featured_media":0,"comment_status":"open","ping_status":"closed","sticky":false,"template":"","format":"standard","meta":[],"categories":[1],"tags":[],"_links":{"self":[{"href":"https:\/\/blogs.elcomercio.es\/alguien-tiene-que-decirlo\/wp-json\/wp\/v2\/posts\/170"}],"collection":[{"href":"https:\/\/blogs.elcomercio.es\/alguien-tiene-que-decirlo\/wp-json\/wp\/v2\/posts"}],"about":[{"href":"https:\/\/blogs.elcomercio.es\/alguien-tiene-que-decirlo\/wp-json\/wp\/v2\/types\/post"}],"author":[{"embeddable":true,"href":"https:\/\/blogs.elcomercio.es\/alguien-tiene-que-decirlo\/wp-json\/wp\/v2\/users\/19247"}],"replies":[{"embeddable":true,"href":"https:\/\/blogs.elcomercio.es\/alguien-tiene-que-decirlo\/wp-json\/wp\/v2\/comments?post=170"}],"version-history":[{"count":1,"href":"https:\/\/blogs.elcomercio.es\/alguien-tiene-que-decirlo\/wp-json\/wp\/v2\/posts\/170\/revisions"}],"predecessor-version":[{"id":171,"href":"https:\/\/blogs.elcomercio.es\/alguien-tiene-que-decirlo\/wp-json\/wp\/v2\/posts\/170\/revisions\/171"}],"wp:attachment":[{"href":"https:\/\/blogs.elcomercio.es\/alguien-tiene-que-decirlo\/wp-json\/wp\/v2\/media?parent=170"}],"wp:term":[{"taxonomy":"category","embeddable":true,"href":"https:\/\/blogs.elcomercio.es\/alguien-tiene-que-decirlo\/wp-json\/wp\/v2\/categories?post=170"},{"taxonomy":"post_tag","embeddable":true,"href":"https:\/\/blogs.elcomercio.es\/alguien-tiene-que-decirlo\/wp-json\/wp\/v2\/tags?post=170"}],"curies":[{"name":"wp","href":"https:\/\/api.w.org\/{rel}","templated":true}]}}