{"id":172,"date":"2024-02-01T18:17:10","date_gmt":"2024-02-01T17:17:10","guid":{"rendered":"https:\/\/blogs.elcomercio.es\/alguien-tiene-que-decirlo\/?p=172"},"modified":"2024-02-23T18:17:53","modified_gmt":"2024-02-23T17:17:53","slug":"ay-de-mis-porreos","status":"publish","type":"post","link":"https:\/\/blogs.elcomercio.es\/alguien-tiene-que-decirlo\/2024\/02\/01\/ay-de-mis-porreos\/","title":{"rendered":"\u00a1Ay de mis porreos!"},"content":{"rendered":"<p><strong>Los esfuerzos para tratar de que los porreos de Villaviciosa no sean engullidos de nuevo por la r\u00eda parecen ir contra las estrategias de la UE sobre la naturaleza. No tienen en cuenta los valores culturales que mantiene un paisaje tan singular como estos polders asturianos<\/strong><\/p>\n<p>emos comentado en otras ocasiones algunos casos de reasilvestramiento m\u00e1s o menos pol\u00e9micos. Toca hoy hablar de los porreos de Villaviciosa, para intentar aportar alguna luz al debate que desde hace a\u00f1os se viene desarrollando sobre si deben restaurarse o dejarse languidecer hasta su desaparici\u00f3n.<\/p>\n<p>Tal vez alguno desconozca qu\u00e9 son los porreos. Son prados ganados al mar, situados por debajo del nivel de marea. Para crearlos, algunas de las m\u00e1s adineradas familias de la zona levantaron diques que aislaban las antiguas junqueras y fangos intermareales del agua de la r\u00eda, cavaron canales de drenaje para que el agua de la lluvia no los inundase y construyeron un ingenioso sistema de compuertas que permit\u00eda al agua salir, pero no entrar. Como los polders holandeses, pero a escala local.<\/p>\n<p>La mayor\u00eda de los porreos se generaron a partir de las desamortizaciones del siglo XIX que buscaban generar ingresos para el Estado. Otorgaban concesiones (que no ventas) a promotores dispuestos a cerrar estos terrenos para convertirlos en tierras agr\u00edcolas o ganaderas. Una privatizaci\u00f3n de un terreno com\u00fan, como eran los terrenos ba\u00f1ados por el mar. Los terratenientes con dinero suficiente para ejecutar obras de esa envergadura pujaron por tales concesiones, para recuperar su inversi\u00f3n explotando los terrenos rurales de nueva creaci\u00f3n. As\u00ed, Rosendo Villaverde recibi\u00f3 autorizaci\u00f3n en 1861 para cerrar en la desembocadura del r\u00edo Sebrayo; el a\u00f1o siguiente se cerr\u00f3 el porreo de El Sal\u00edn, que fue comprado por el abuelo del famoso marqu\u00e9s de Villaviciosa; en 1870 se repar\u00f3 el porreo de Muslera, cuyo cierre se hab\u00eda roto, y en 1873 se concede a Bernardo Llanos y \u00c1lvarez de las Asturias una nueva concesi\u00f3n para aprovechar otras marismas del Estado. Nuevos proyectos de polderizaci\u00f3n siguieron hasta 1954 y transformaciones similares, aunque menos amplias, hubo en Avil\u00e9s y en Ribadesella.<\/p>\n<p>Aunque el objetivo perseguido con las concesiones era puramente econ\u00f3mico, la artificializaci\u00f3n de las m\u00e1rgenes de la r\u00eda tuvo efectos ambientales notables. Los terrenos aislados de la influencia marina se fueron desalando, aterrando y colmatando para producir potentes suelos muy productivos. La lluvia y los canales generaron peque\u00f1os ecosistemas palustres y los cultivos y los pastizales desarrollaron la flora y una fauna que conocimos durante todo el siglo pasado, pero la cosa empez\u00f3 a cambiar en el presente. Desconozco si la degradaci\u00f3n de los diques hasta su total colapso se debi\u00f3 a la falta de mantenimiento de los concesionarios, una vez perdido el inter\u00e9s ganadero de los porreos, o si alguna administraci\u00f3n impidi\u00f3 entonces repararlos. El caso es que en la segunda d\u00e9cada del presente siglo una tras otra fueron rompi\u00e9ndose las barreras que aislaban muchos porreos de la r\u00eda, que fueron inund\u00e1ndose. \u00bfPor qu\u00e9 ninguna administraci\u00f3n se encarg\u00f3 de reconstruirlos? Creo que la respuesta nos deriva hacia la legislaci\u00f3n europea.<\/p>\n<p>La Directiva Marco del Agua fue aprobada en el a\u00f1o 2000 y traspuesta a la legislaci\u00f3n espa\u00f1ola tres a\u00f1os m\u00e1s tarde. Su objetivo: evitar el deterioro de los recursos acu\u00e1ticos. En ella se dedica un especial inter\u00e9s a las aguas transicionales, es decir, a las r\u00edas. El agua es la protagonista y el medio acu\u00e1tico es el recurso a conservar y a recuperar. Entre otras cosas, propone identificar las alteraciones morfol\u00f3gicas ocasionadas por las intervenciones antropog\u00e9nicas sobre las masas de agua y su reversi\u00f3n al estado original. Y as\u00ed choca con la conservaci\u00f3n de los porreos.<\/p>\n<p>Pero eso no es todo. Como consecuencia del Pacto Verde Europeo de 2020, la Ley de Restauraci\u00f3n de la Naturaleza de la UE avanza en su tramitaci\u00f3n. Su objetivo fundamental pretende revertir las alteraciones provocadas por el ser humano en todos los ecosistemas naturales europeos. As\u00ed que los esfuerzos para tratar de que los porreos no sean engullidos de nuevo por la r\u00eda parecen ir contra las estrategias de la Uni\u00f3n Europea sobre la naturaleza, y las normativas comunitarias son el marco de referencia para las leyes nacionales y la actuaci\u00f3n de cualquier administraci\u00f3n, estatal, auton\u00f3mica o local.<\/p>\n<p>La Directiva Marco del Agua solo se encarga de la protecci\u00f3n del agua y otorga preferencia a la naturalidad de las aguas transicionales sobre otras actividades humanas. No tiene en cuenta los valores culturales que mantiene un paisaje tan singular como estos polders asturianos, que pueden estar protegidos por otras normas que tal vez entren en conflicto con ella. Supongo que, llegado el caso, ser\u00edan los tribunales quienes deber\u00edan establecer qu\u00e9 leyes deben prevalecer sobre otras y no tengo ni idea de qui\u00e9n puede llevarse el gato al agua. Jueces tiene el estado y las instituciones europeas para decidirlo.<\/p>\n<p>Todos sentimos la a\u00f1oranza del paisaje que conocimos en nuestra infancia y en nuestra juventud. Para cada uno de nosotros es el marco de referencia, la Arcadia feliz, en la que todo cambio supone un riesgo de degradaci\u00f3n. Esto, en Biolog\u00eda de la Conservaci\u00f3n, se conoce como el S\u00edndrome de las Referencias Cambiantes. \u00bfCu\u00e1l es la situaci\u00f3n original que debemos tratar de recuperar? \u00bfLa que recordamos nosotros? \u00bfLa que contaban nuestros padres? \u00bfLa que escuchamos a nuestros abuelos? \u00bfLa Edad Media? \u00bfLa romanizaci\u00f3n? \u00bfEl Neol\u00edtico? \u00bfEl Paleol\u00edtico? \u00bfLa llegada del primer humano? Este es todav\u00eda un tema de intenso debate acad\u00e9mico. En Villaviciosa podr\u00eda estar m\u00e1s claro, pero nos llevar\u00eda a la \u00e9poca anterior a los porreos, si no se tienen en cuenta sus otros valores culturales y ambientales que las leyes europeas no han considerado.<\/p>\n<p>En resumen: parece un tema ideal para hacer una tesis doctoral de Derecho Administrativo.<\/p>\n<!-- AddThis Advanced Settings generic via filter on the_content --><!-- AddThis Share Buttons generic via filter on the_content -->","protected":false},"excerpt":{"rendered":"<p>Los esfuerzos para tratar de que los porreos de Villaviciosa no sean engullidos de nuevo por la r\u00eda parecen ir contra las estrategias de la UE sobre la naturaleza. No tienen en cuenta los valores culturales que mantiene un paisaje tan singular como estos polders asturianos emos comentado en otras ocasiones algunos casos de reasilvestramiento [&hellip;]<!-- AddThis Advanced Settings generic via filter on get_the_excerpt --><!-- AddThis Share Buttons generic via filter on get_the_excerpt --><\/p>\n","protected":false},"author":19247,"featured_media":0,"comment_status":"open","ping_status":"closed","sticky":false,"template":"","format":"standard","meta":[],"categories":[1],"tags":[],"_links":{"self":[{"href":"https:\/\/blogs.elcomercio.es\/alguien-tiene-que-decirlo\/wp-json\/wp\/v2\/posts\/172"}],"collection":[{"href":"https:\/\/blogs.elcomercio.es\/alguien-tiene-que-decirlo\/wp-json\/wp\/v2\/posts"}],"about":[{"href":"https:\/\/blogs.elcomercio.es\/alguien-tiene-que-decirlo\/wp-json\/wp\/v2\/types\/post"}],"author":[{"embeddable":true,"href":"https:\/\/blogs.elcomercio.es\/alguien-tiene-que-decirlo\/wp-json\/wp\/v2\/users\/19247"}],"replies":[{"embeddable":true,"href":"https:\/\/blogs.elcomercio.es\/alguien-tiene-que-decirlo\/wp-json\/wp\/v2\/comments?post=172"}],"version-history":[{"count":1,"href":"https:\/\/blogs.elcomercio.es\/alguien-tiene-que-decirlo\/wp-json\/wp\/v2\/posts\/172\/revisions"}],"predecessor-version":[{"id":173,"href":"https:\/\/blogs.elcomercio.es\/alguien-tiene-que-decirlo\/wp-json\/wp\/v2\/posts\/172\/revisions\/173"}],"wp:attachment":[{"href":"https:\/\/blogs.elcomercio.es\/alguien-tiene-que-decirlo\/wp-json\/wp\/v2\/media?parent=172"}],"wp:term":[{"taxonomy":"category","embeddable":true,"href":"https:\/\/blogs.elcomercio.es\/alguien-tiene-que-decirlo\/wp-json\/wp\/v2\/categories?post=172"},{"taxonomy":"post_tag","embeddable":true,"href":"https:\/\/blogs.elcomercio.es\/alguien-tiene-que-decirlo\/wp-json\/wp\/v2\/tags?post=172"}],"curies":[{"name":"wp","href":"https:\/\/api.w.org\/{rel}","templated":true}]}}