{"id":181,"date":"2024-05-03T17:25:11","date_gmt":"2024-05-03T15:25:11","guid":{"rendered":"https:\/\/blogs.elcomercio.es\/alguien-tiene-que-decirlo\/?p=181"},"modified":"2024-06-17T17:27:03","modified_gmt":"2024-06-17T15:27:03","slug":"son-como-ninos-1","status":"publish","type":"post","link":"https:\/\/blogs.elcomercio.es\/alguien-tiene-que-decirlo\/2024\/05\/03\/son-como-ninos-1\/","title":{"rendered":"Son como ni\u00f1os (1)"},"content":{"rendered":"<p><strong>Lo que me llam\u00f3 la atenci\u00f3n de Berl\u00edn es que la gente no paseaba perros, paseaba ni\u00f1os. Y los pocos perros que vi, pobrecitos, iban solos<\/strong><\/p>\n<p>Querida Perdita: Esta Semana Santa estuve en Berl\u00edn y todav\u00eda no me he recuperado de la impresi\u00f3n. Siempre hab\u00eda o\u00eddo decir que los alemanes eran gente muy adelantada, tanto en lo tecnol\u00f3gico como en lo social. Y gente muy seria y met\u00f3dica. No s\u00e9 c\u00f3mo andar\u00e1n de adelantos tecnol\u00f3gicos, pero en lo social y en la conciencia ciudadana vuelvo con muchas dudas.<\/p>\n<p>Lo que m\u00e1s me llam\u00f3 la atenci\u00f3n fue ver tan pocos perros por la calle. La gente no paseaba perros, paseaba ni\u00f1os. Y los pocos perros que vi, pobrecitos, iban solos. Bueno, quiero decir que iban con su due\u00f1o y \u00e9ste no llevaba otro perro para que jugaran los dos, que, si no, se aburren, los pobres. Es cierto que tienen a su amo, perd\u00f3n, a su compa\u00f1ero humano, pero no es lo mismo. Los perros necesitan a sus iguales para sentirse realmente acompa\u00f1ados y su amor por los humanos no les compensa. Yo creo que no son como nosotros, que tratamos de combatir la soledad con cualquier cosa que parezca un compa\u00f1ero. No hay m\u00e1s que ver lo nerviosos que se ponen cuando ven por la calle a otro perro y tiran de la correa con fuerza y ladran alegremente para ir a jugar con \u00e9l o para contarse sus chismes, que son muy inteligentes. Por lo menos el m\u00edo.<\/p>\n<p>Pues, no. All\u00ed hab\u00eda tan pocos perros por la calle que pocas veces encontrar\u00edan un igual. Adem\u00e1s, s\u00f3lo vi uno que fuese en brazos, pero lo llevaban cruzando un sem\u00e1foro, as\u00ed que a lo peor lo devolvieron al suelo en cuanto cruz\u00f3 la calle. \u00bfTe acuerdas cuando la gente compraba un perro para obligarse a sacarlo y hacer ejercicio? Menos mal que esos tiempos han pasado, al menos aqu\u00ed, porque all\u00ed no lo parece. Desde luego, aqu\u00ed hemos acabado con la esclavitud de los perros, ya no son instrumentos de los que nos servimos para satisfacer nuestros caprichos, ni nuestras necesidades, sino que son nuestros compa\u00f1eros, nuestros iguales, o nuestros parecidos, y a ese punto no parecen haber llegado los berlineses. F\u00edjate si estar\u00e1n atrasados. Porque los perritos seguro que prefieren ir colgados de las mochilitas o en un carrito, porque son como ni\u00f1os remolones, que andan pidiendo ir en cuello en cuanto los pones en el suelo.<\/p>\n<p>Hablando de carritos: tambi\u00e9n me llam\u00f3 la atenci\u00f3n que hubiese bastantes. Unos empujados a mano, otros enganchados en una bicicleta, pero no llevan perros, no. Ni te lo puedes imaginar, \u00a1llevaban ni\u00f1os! \u00a1Ni\u00f1os en los carritos de los perros! \u00a1No vi ni un solo perro en una silla con ruedas! Hab\u00eda carritos grandes, como corralitos rodantes, donde un beb\u00e9 retozaba mientras lo paseaban. Otros, m\u00e1s peque\u00f1os, eran como una amplia cesta donde la criatura parec\u00eda tan satisfecha como nuestros chuchis cuando los sacamos de paseo. Primero me indign\u00f3, pero luego lo pens\u00e9 mejor. Si all\u00ed tratan tan bien a los ni\u00f1os como nosotros tratamos a nuestros perros, igual no son tan malos ni tan torpes.<\/p>\n<p>Tampoco vi tiendas de ropa. Ropa de perros, digo. All\u00ed los perros iban completamente desnudos. Con el fr\u00edo que debe hacer en invierno. Menos mal que aqu\u00ed hemos logrado salvar a los perros de la intemperie a la que antes los hab\u00edamos obligado. Dicen que el perro lleva con el hombre veinte mil a\u00f1os o as\u00ed. \u00a1Qu\u00e9 horror! \u00a1El fr\u00edo que habr\u00e1n pasado todo ese tiempo! \u00a1Y la humedad! Moj\u00e1ndose cuando llueve, los pobres. Qu\u00e9 inhumanos hemos sido los humanos durante tanto tiempo. Ah, tampoco he visto ninguno de esos graciosos mo\u00f1itos que les ponemos sobre la cabeza a los amigos peludos, atados con una gomita, para que los pelos no les caigan delante de los ojos. Aunque claro, si no es una perrita y es un macho, igual le da verg\u00fcenza y se altera.<\/p>\n<p>Como por la calle hab\u00eda tantos ni\u00f1os peque\u00f1os, me acord\u00e9 de una pel\u00edcula de los ingleses aquellos que hac\u00edan pel\u00edculas tontas preguntando qu\u00e9 hab\u00edan hecho por nosotros los romanos y cosas as\u00ed, &#8216;El sentido de la vida&#8217;, creo que se llamaba. En ella un matrimonio ingl\u00e9s se preguntaba por qu\u00e9 los cat\u00f3licos ten\u00edan tantos hijos. Pues los berlineses ser\u00edan protestantes, porque Lutero era alem\u00e1n. Ahora que lo pienso, tambi\u00e9n hubo un papa alem\u00e1n, hace poco. A ver si los cat\u00f3licos son ellos y nosotros\u2026 Bueno, que me l\u00edo. Igual era un papa protestante, porque nosotros siempre fuimos m\u00e1s cat\u00f3licos que ellos. Pues no faltaba m\u00e1s. Pero se ve\u00edan m\u00e1s ni\u00f1os que aqu\u00ed por la calle. No s\u00e9\u2026<\/p>\n<p>Todav\u00eda lo entiendo menos porque me dijeron que la primera ley contra el maltrato animal, que pod\u00eda enviar a la c\u00e1rcel a quien maltratara a un animal dom\u00e9stico, la hicieron los alemanes en los a\u00f1os 30. Incluso me contaron que un famoso fil\u00f3sofo se volvi\u00f3 loco, o se muri\u00f3 o no s\u00e9 qu\u00e9, cuando vio que un cochero maltrataba a su caballo con un l\u00e1tigo. \u00bfTe imaginas? Antes estos alemanes parec\u00edan m\u00e1s humanos que los de ahora. No hab\u00eda m\u00e1s que ver a aquel se\u00f1or que mandaba tanto, con su bigotito como de Charlot, acariciando con cari\u00f1o a su perra, que era una monada. Como dicen que una persona que ama a los animales no puede tratar mal a las personas, que tambi\u00e9n son seres sintientes, vete t\u00fa a saber si no se han inventado todo.<\/p>\n<p>Bueno, te dejo, que cada vez entiendo menos este mundo que nos ha tocado vivir. Un beso: Kino.<\/p>\n<p>Dedicado a la memoria de Jonathan Swift, autor de Los viajes de Gulliver.<\/p>\n<!-- AddThis Advanced Settings generic via filter on the_content --><!-- AddThis Share Buttons generic via filter on the_content -->","protected":false},"excerpt":{"rendered":"<p>Lo que me llam\u00f3 la atenci\u00f3n de Berl\u00edn es que la gente no paseaba perros, paseaba ni\u00f1os. Y los pocos perros que vi, pobrecitos, iban solos Querida Perdita: Esta Semana Santa estuve en Berl\u00edn y todav\u00eda no me he recuperado de la impresi\u00f3n. Siempre hab\u00eda o\u00eddo decir que los alemanes eran gente muy adelantada, tanto [&hellip;]<!-- AddThis Advanced Settings generic via filter on get_the_excerpt --><!-- AddThis Share Buttons generic via filter on get_the_excerpt --><\/p>\n","protected":false},"author":19247,"featured_media":0,"comment_status":"open","ping_status":"closed","sticky":false,"template":"","format":"standard","meta":[],"categories":[1],"tags":[],"_links":{"self":[{"href":"https:\/\/blogs.elcomercio.es\/alguien-tiene-que-decirlo\/wp-json\/wp\/v2\/posts\/181"}],"collection":[{"href":"https:\/\/blogs.elcomercio.es\/alguien-tiene-que-decirlo\/wp-json\/wp\/v2\/posts"}],"about":[{"href":"https:\/\/blogs.elcomercio.es\/alguien-tiene-que-decirlo\/wp-json\/wp\/v2\/types\/post"}],"author":[{"embeddable":true,"href":"https:\/\/blogs.elcomercio.es\/alguien-tiene-que-decirlo\/wp-json\/wp\/v2\/users\/19247"}],"replies":[{"embeddable":true,"href":"https:\/\/blogs.elcomercio.es\/alguien-tiene-que-decirlo\/wp-json\/wp\/v2\/comments?post=181"}],"version-history":[{"count":1,"href":"https:\/\/blogs.elcomercio.es\/alguien-tiene-que-decirlo\/wp-json\/wp\/v2\/posts\/181\/revisions"}],"predecessor-version":[{"id":182,"href":"https:\/\/blogs.elcomercio.es\/alguien-tiene-que-decirlo\/wp-json\/wp\/v2\/posts\/181\/revisions\/182"}],"wp:attachment":[{"href":"https:\/\/blogs.elcomercio.es\/alguien-tiene-que-decirlo\/wp-json\/wp\/v2\/media?parent=181"}],"wp:term":[{"taxonomy":"category","embeddable":true,"href":"https:\/\/blogs.elcomercio.es\/alguien-tiene-que-decirlo\/wp-json\/wp\/v2\/categories?post=181"},{"taxonomy":"post_tag","embeddable":true,"href":"https:\/\/blogs.elcomercio.es\/alguien-tiene-que-decirlo\/wp-json\/wp\/v2\/tags?post=181"}],"curies":[{"name":"wp","href":"https:\/\/api.w.org\/{rel}","templated":true}]}}