{"id":188,"date":"2024-08-08T13:50:22","date_gmt":"2024-08-08T11:50:22","guid":{"rendered":"https:\/\/blogs.elcomercio.es\/alguien-tiene-que-decirlo\/?p=188"},"modified":"2024-08-19T13:51:09","modified_gmt":"2024-08-19T11:51:09","slug":"obra-sin-autor","status":"publish","type":"post","link":"https:\/\/blogs.elcomercio.es\/alguien-tiene-que-decirlo\/2024\/08\/08\/obra-sin-autor\/","title":{"rendered":"Obra sin autor"},"content":{"rendered":"<p><strong>Impresiona recorrer el siglo XX de Berl\u00edn a trav\u00e9s de sus obras de arte, las experimentales y las otras, como nos muestran sus museos y los murales de la calle<\/strong><\/p>\n<p>Un amigo me recomend\u00f3 que si iba a Berl\u00edn pasase por la Nueva Galer\u00eda Nacional, donde una exposici\u00f3n permit\u00eda comprender en una sola visita la historia alemana. En efecto, tuve la ocasi\u00f3n de ver la exposici\u00f3n &#8216;La prueba de la tortura. Arte entre pol\u00edtica y sociedad&#8217; que repasa el estado art\u00edstico, an\u00edmico, pol\u00edtico y social de ambas Alemanias, con gui\u00f1os a Europa y Estados Unidos usando obras realizadas entre 1945 y 2000. Creo que gracias al consejo de mi amigo entend\u00ed varias cosas.<\/p>\n<p>Al salir del museo record\u00e9 una pel\u00edcula que hab\u00eda visto hace pocos a\u00f1os, titulada en Espa\u00f1a &#8216;La sombra del pasado&#8217;, cuyo t\u00edtulo original era &#8216;Werk ohne Autor&#8217; (Obra sin autor). Entonces me fij\u00e9 m\u00e1s en el thriller que representaba la historia de los que se las ingeniaron para pasar de la adhesi\u00f3n inquebrantable al r\u00e9gimen nazi en el Reich a prosperar a la sombra del r\u00e9gimen comunista de la Rep\u00fablica Democr\u00e1tica Alemana para finalmente convertirse en honorables dem\u00f3cratas en la Rep\u00fablica Federal. Pero ahora record\u00e9 otro nivel que representaba la pel\u00edcula, contrastando la visi\u00f3n del arte, supeditada al ojo vigilante del partido que controlaba Alemania Oriental, frente a la libertad creativa imperante en Alemania Occidental. El protagonista de la pel\u00edcula despierta su vocaci\u00f3n art\u00edstica visitando en su infancia una exposici\u00f3n de &#8216;Arte Degenerado&#8217;, poco antes del estallido de la Segunda Guerra Mundial. No obstante, se ve obligado a formarse como artista en el territorio controlado por la Uni\u00f3n Sovi\u00e9tica, realizando murales de Realismo Socialista en el que obreros, agricultores, estudiantes y cient\u00edficos trabajan solidariamente en una feliz apoteosis que deben a la acertada pol\u00edtica de sus dirigentes. Pero el protagonista no est\u00e1 contento con su prometedora carrera y anhela un arte ahora condenado por ser burgu\u00e9s y capitalista, al anteponer la subjetividad creadora del artista a la propaganda del partido. As\u00ed, acaba escap\u00e1ndose a la Rep\u00fablica Federal de Alemania, donde queda deslumbrado por el arte de vanguardia que se estaba realizando en esa parte del pa\u00eds. Vuelve a empezar desde cero para desarrollar una obra personal, sin la tutela del Estado, que, por su t\u00e9cnica mezcla elementos ajenos mediante el collage, la fotograf\u00eda y la distorsi\u00f3n pict\u00f3rica, para hibridar una obra sin autor definido.<\/p>\n<p>No s\u00e9 qu\u00e9 dicen los manuales de Historia del Arte, pero en aquel momento comprend\u00ed que no era de extra\u00f1ar que el arte contempor\u00e1neo alem\u00e1n, particularmente dif\u00edcil de comprender, experimental entre las vanguardias experimentales, fuese una reacci\u00f3n al encorsetamiento ideol\u00f3gico de dos generaciones de artistas reprimidas por dos reg\u00edmenes totalitarios sucesivos; el nazi y el comunista y que la nueva generaci\u00f3n necesitara expresarse libremente. Tras encadenar dos borracheras dictatoriales consecutivas, la libertad creadora del autor era lo m\u00e1s importante, m\u00e1s a\u00fan que el resultado.<\/p>\n<p>Luego me enter\u00e9 de que la pel\u00edcula estaba inspirada en Gerhard Richter, un pintor alem\u00e1n que en l\u00edneas generales hab\u00eda tenido una vida similar. A Richter no le gust\u00f3 esa especie de biograf\u00eda ap\u00f3crifa, porque consider\u00f3 que deformaba su propia historia. Pero es lo que tienen las pel\u00edculas &#8216;basadas en hechos reales&#8217;. Se basan en ellos, pero no los representan, porque son obras creativas y no documentales, en las que importa m\u00e1s la libertad de creaci\u00f3n y el desarrollo de la acci\u00f3n dram\u00e1tica que la fidelidad a los hechos en los que se inspira. Lo m\u00e1s curioso es que en el mismo museo hab\u00eda tambi\u00e9n una exposici\u00f3n sobre Richter titulada &#8216;100 obras para Berl\u00edn&#8217; en la que el autor expon\u00eda obras inspiradas en el Holocausto que iban desde la ca\u00edda del muro hasta la actualidad. No es casualidad esta vinculaci\u00f3n entre las exposiciones, la pel\u00edcula y la historia, ya que como se\u00f1al\u00f3 un cr\u00edtico \u00abLa obra de Gerhard Richter es impensable sin la historia de Alemania\u00bb. Las tres no eran m\u00e1s que caras de la misma moneda. Y si una moneda no puede tener m\u00e1s que dos caras, la tercera tiene canto.<\/p>\n<p>Impresiona recorrer el siglo XX de Berl\u00edn a trav\u00e9s de sus obras de arte, las experimentales y las otras, como nos muestran sus museos y los murales de la calle. Es impresionante porque vemos en ellas reflejada nuestra propia historia. En 1953 el gobierno de Alemania Oriental, incapaz de alcanzar los logros de sus hermanastros occidentales, exigi\u00f3 a la poblaci\u00f3n que redoblase su trabajo para recuperar la confianza del gobierno porque si no se consegu\u00edan los objetivos se reducir\u00edan los salarios. El resultado: la primera y \u00fanica huelga contra un r\u00e9gimen que presum\u00eda de abanderar la justicia social y mimar a la clase trabajadora. Los obreros marcharon hacia la Casa de los Ministerios en la que un a\u00f1o ante se hab\u00eda inaugurado un enorme mural, titulado &#8216;La construcci\u00f3n de la Rep\u00fablica&#8217;. En este mural todav\u00eda pueden verse obreros, campesinos, ingenieros y j\u00f3venes que se manifestaban sonrientes al son de la m\u00fasica para agradecer los esfuerzos del gobierno por procurarles un feliz y brillante futuro. La huelga fue reprimida por los tanques sovi\u00e9ticos y varios manifestantes fueron abatidos por la Polic\u00eda del Pueblo all\u00ed mismo. Bertolt Brecht escribi\u00f3 un poema en el que propon\u00eda una soluci\u00f3n r\u00e1pida y sencilla al problema razonando: \u00abEl pueblo perdi\u00f3 la confianza del Gobierno \/ y solo podr\u00eda recuperarla redoblando su trabajo. \/ \u00bfNo ser\u00eda \/ M\u00e1s f\u00e1cil para el Gobierno \/ disolver al pueblo \/ y elegir otro?\u00bb. Aunque Brecht expres\u00f3 su solidaridad con el partido comunista alem\u00e1n tras los acontecimientos, no public\u00f3 su poema hasta seis a\u00f1os m\u00e1s tarde, eso s\u00ed en Alemania Occidental, por si acaso.<\/p>\n<!-- AddThis Advanced Settings generic via filter on the_content --><!-- AddThis Share Buttons generic via filter on the_content -->","protected":false},"excerpt":{"rendered":"<p>Impresiona recorrer el siglo XX de Berl\u00edn a trav\u00e9s de sus obras de arte, las experimentales y las otras, como nos muestran sus museos y los murales de la calle Un amigo me recomend\u00f3 que si iba a Berl\u00edn pasase por la Nueva Galer\u00eda Nacional, donde una exposici\u00f3n permit\u00eda comprender en una sola visita la [&hellip;]<!-- AddThis Advanced Settings generic via filter on get_the_excerpt --><!-- AddThis Share Buttons generic via filter on get_the_excerpt --><\/p>\n","protected":false},"author":19247,"featured_media":0,"comment_status":"open","ping_status":"closed","sticky":false,"template":"","format":"standard","meta":[],"categories":[1],"tags":[],"_links":{"self":[{"href":"https:\/\/blogs.elcomercio.es\/alguien-tiene-que-decirlo\/wp-json\/wp\/v2\/posts\/188"}],"collection":[{"href":"https:\/\/blogs.elcomercio.es\/alguien-tiene-que-decirlo\/wp-json\/wp\/v2\/posts"}],"about":[{"href":"https:\/\/blogs.elcomercio.es\/alguien-tiene-que-decirlo\/wp-json\/wp\/v2\/types\/post"}],"author":[{"embeddable":true,"href":"https:\/\/blogs.elcomercio.es\/alguien-tiene-que-decirlo\/wp-json\/wp\/v2\/users\/19247"}],"replies":[{"embeddable":true,"href":"https:\/\/blogs.elcomercio.es\/alguien-tiene-que-decirlo\/wp-json\/wp\/v2\/comments?post=188"}],"version-history":[{"count":1,"href":"https:\/\/blogs.elcomercio.es\/alguien-tiene-que-decirlo\/wp-json\/wp\/v2\/posts\/188\/revisions"}],"predecessor-version":[{"id":189,"href":"https:\/\/blogs.elcomercio.es\/alguien-tiene-que-decirlo\/wp-json\/wp\/v2\/posts\/188\/revisions\/189"}],"wp:attachment":[{"href":"https:\/\/blogs.elcomercio.es\/alguien-tiene-que-decirlo\/wp-json\/wp\/v2\/media?parent=188"}],"wp:term":[{"taxonomy":"category","embeddable":true,"href":"https:\/\/blogs.elcomercio.es\/alguien-tiene-que-decirlo\/wp-json\/wp\/v2\/categories?post=188"},{"taxonomy":"post_tag","embeddable":true,"href":"https:\/\/blogs.elcomercio.es\/alguien-tiene-que-decirlo\/wp-json\/wp\/v2\/tags?post=188"}],"curies":[{"name":"wp","href":"https:\/\/api.w.org\/{rel}","templated":true}]}}