{"id":195,"date":"2024-12-18T10:59:00","date_gmt":"2024-12-18T09:59:00","guid":{"rendered":"https:\/\/blogs.elcomercio.es\/alguien-tiene-que-decirlo\/?p=195"},"modified":"2025-01-15T11:01:06","modified_gmt":"2025-01-15T10:01:06","slug":"la-ira-es-el-motor-1-dos-estudios-turbadores","status":"publish","type":"post","link":"https:\/\/blogs.elcomercio.es\/alguien-tiene-que-decirlo\/2024\/12\/18\/la-ira-es-el-motor-1-dos-estudios-turbadores\/","title":{"rendered":"La ira es el motor (1): dos estudios turbadores"},"content":{"rendered":"\n<p>Volvemos a instaurar una nueva Edad de Oro de la censura porque, en un mundo dominado por la ira, la \u00fanica libertad de expresi\u00f3n que reconocemos es la propia y alabamos la diversidad mientras rechazamos cualquier idea que no sea la nuestra.<\/p>\n\n\n\n<p>He conocido un par de estudios que, aunque obtienen conclusiones que parece obvias, su lectura conjunta eriza el pelo del colodrillo.<\/p>\n\n\n\n<p>El primero fue realizado por una universidad noruega y publicado en la revista &#8216;Global Environmental Change&#8217;. Aseguraba que la ira era el principal movilizador social, especialmente de la acci\u00f3n clim\u00e1tica, m\u00e1s que el miedo (que suele fomentar la ira), la injusticia, la responsabilidad o la esperanza. Aunque esta ser\u00eda una movilizaci\u00f3n para un noble objetivo, acababa reconociendo que la iracundia era el sistema ideal para captar adeptos y movilizarlos para cualquier causa.<\/p>\n\n\n\n<p>El segundo, publicado en &#8216;Nature Human Behaviour&#8217;, fue realizado sobre 35 millones de publicaciones en Facebook y comprob\u00f3 que el 75% de las personas que comparten noticias no las han le\u00eddo y eso contribuye a la desinformaci\u00f3n. Los contenidos pol\u00edticos extremos y alineados con el usuario eran m\u00e1s compartidos sin lectura previa y este comportamiento estaba m\u00e1s marcado en los usuarios conservadores (77%) que en los progresistas (14%), mientras que los pol\u00edticamente m\u00e1s neutrales eran menos propensos a hacer correr la informaci\u00f3n sin conocer su contenido. Confirma que la indignaci\u00f3n es una f\u00e1brica de bulos y se utiliza a favor, para amplificar las narrativas.<\/p>\n\n\n\n<p>Que la ira es el motor ideal de las movilizaciones est\u00e1 claro. Pero que es tan peligrosa como un mono con una ametralladora, tambi\u00e9n. La ametralladora es la ira y el mono el que difunde las noticias irascibles. Lejos quedan los tiempos en los que se pensaba que las redes sociales democratizar\u00edan la informaci\u00f3n. Las consignas de Elon Musk &#8216;vosotros sois los medios&#8217; y &#8216;env\u00eda el link de X a tus amigos para que se enteren de la verdad&#8217; dan pavor sabiendo que el 75% de los que lo hacen no saben lo que hacen.<\/p>\n\n\n\n<p>Es peligroso abusar de ese motor para defender cualquier causa pretendidamente justa, porque legalidad y justicia no significan lo mismo para todo el mundo. La ira parece justificarse cuando se convierte en el \u00faltimo recurso ante un mundo que, lejos de mostrarse razonable, parece encaminarse al desastre. Se convierte as\u00ed en la excusa ideal para justificar la supremac\u00eda moral y la desmesura y eso suscita adhesiones inmediatas, crea sentimiento de grupo, pero tambi\u00e9n genera resistencias, opiniones y movimientos opuestos, por los excesos y los errores que cometen los iracundos. Porque la ira unifica al grupo, pero divide la sociedad. Provoca rechazo e impide que posturas alejadas puedan encontrar un punto com\u00fan por el que trabajar en la misma direcci\u00f3n. Unos no entienden por qu\u00e9 la sociedad no secunda masivamente sus justas y necesarias reivindicaciones y otros no comprenden por qu\u00e9 las ideas demoledoras dominan la sociedad opinante, cuando son tan poco aceptadas por su base. Los estudios psicol\u00f3gicos han demostrado que el miedo aumenta el impacto de la informaci\u00f3n. Es tan antiguo como el viejo aforismo &#8216;Good news are no news&#8217;, es decir, que las buenas noticias no son noticias. El mensaje dominante es que todo funciona mal, porque se destacan los problemas y se velan los logros. Se recurre antes a la opini\u00f3n de un &#8216;youtuber&#8217;, porque es m\u00e1s asequible y da m\u00e1s juego, que a la de un profesional conocedor del problema. La ira es el motor y necesita gasolina para que no se detenga. Como resulta dif\u00edcil detectar los verdaderos asuntos que nos complican la vida y mucho m\u00e1s complicado abordarlos y resolverlos, suele preferirse recurrir a t\u00f3picos, como visibilizar problemas que a estas alturas ya resultan sobreexpuestos, o empecinarse en soluciones ideol\u00f3gicas para enfrentarnos a un enemigo nebuloso en vez de buscar soluciones pr\u00e1cticas. Por poner un ejemplo: nos resulta m\u00e1s f\u00e1cil indignarnos porque las estudiantes universitarias no elijan carreras STEM (ciencia-tecnolog\u00eda-ingenier\u00eda-matem\u00e1ticas) y echar la culpa al patriarcado, que buscar la causa por la que, en los \u00faltimos a\u00f1os, cuanto m\u00e1s se visibiliza este problema menos chicas eligen estos estudios. Sentirnos airados nos tranquiliza la conciencia, pero no nos resuelve el asunto.<\/p>\n\n\n\n<p>El estudio realizado sobre Facebook demuestra que los iracundos arrastran m\u00e1s gente que los comedidos, pero cuando las emociones pasan en tropel por encima de los hechos la corriente puede llevarnos a cualquier parte, salvo donde queremos ir. La ira nubla nuestra capacidad de razonar. As\u00ed, nos hace correr tras un eslogan, con frecuencia contradictorio, o buscar airadamente un chivo expiatorio antes que trabajar en un arreglo arduo y a veces impopular. Los inmigrantes, las farmac\u00e9uticas, el capitalismo, las vacunas, las pandemias, Europa, el sentimiento de culpa por ser humanos, el contubernio judeo-mas\u00f3nico. \u00a1Elija su enemigo, seg\u00fan en qu\u00e9 lado de la barricada est\u00e9! \u00a1Enf\u00e1dese porque se va muy despacio o porque se corre demasiado! Fomentar las emociones produce habituaci\u00f3n y la habituaci\u00f3n hast\u00edo, y para superar el hast\u00edo hay que recurrir al superest\u00edmulo si se quiere estar ah\u00ed, en primera l\u00ednea, y eso nos lleva a una carrera armament\u00edstica moral que nos hace perder la relaci\u00f3n con la realidad y convierte la depuraci\u00f3n pol\u00edtica en una necesidad. Por eso nos volvemos tan cainitas, porque anteponemos la pureza de nuestros ideales al acuerdo con quienes piensan parecido, pero no igual, y eso nos hace perder fuerza. Volvemos a instaurar una nueva Edad de Oro de la censura porque en un mundo dominado por la ira la \u00fanica libertad de expresi\u00f3n que reconocemos es la propia y alabamos la diversidad mientras rechazamos cualquier idea que no sea la nuestra. Como dec\u00eda Alaska, antes sab\u00edas qui\u00e9n era la censura y pod\u00edas hasta negociar con ella, ahora no.<\/p>\n<!-- AddThis Advanced Settings generic via filter on the_content --><!-- AddThis Share Buttons generic via filter on the_content -->","protected":false},"excerpt":{"rendered":"<p>Volvemos a instaurar una nueva Edad de Oro de la censura porque, en un mundo dominado por la ira, la \u00fanica libertad de expresi\u00f3n que reconocemos es la propia y alabamos la diversidad mientras rechazamos cualquier idea que no sea la nuestra. He conocido un par de estudios que, aunque obtienen conclusiones que parece obvias, [&hellip;]<!-- AddThis Advanced Settings generic via filter on get_the_excerpt --><!-- AddThis Share Buttons generic via filter on get_the_excerpt --><\/p>\n","protected":false},"author":19247,"featured_media":0,"comment_status":"open","ping_status":"closed","sticky":false,"template":"","format":"standard","meta":[],"categories":[1],"tags":[],"_links":{"self":[{"href":"https:\/\/blogs.elcomercio.es\/alguien-tiene-que-decirlo\/wp-json\/wp\/v2\/posts\/195"}],"collection":[{"href":"https:\/\/blogs.elcomercio.es\/alguien-tiene-que-decirlo\/wp-json\/wp\/v2\/posts"}],"about":[{"href":"https:\/\/blogs.elcomercio.es\/alguien-tiene-que-decirlo\/wp-json\/wp\/v2\/types\/post"}],"author":[{"embeddable":true,"href":"https:\/\/blogs.elcomercio.es\/alguien-tiene-que-decirlo\/wp-json\/wp\/v2\/users\/19247"}],"replies":[{"embeddable":true,"href":"https:\/\/blogs.elcomercio.es\/alguien-tiene-que-decirlo\/wp-json\/wp\/v2\/comments?post=195"}],"version-history":[{"count":1,"href":"https:\/\/blogs.elcomercio.es\/alguien-tiene-que-decirlo\/wp-json\/wp\/v2\/posts\/195\/revisions"}],"predecessor-version":[{"id":196,"href":"https:\/\/blogs.elcomercio.es\/alguien-tiene-que-decirlo\/wp-json\/wp\/v2\/posts\/195\/revisions\/196"}],"wp:attachment":[{"href":"https:\/\/blogs.elcomercio.es\/alguien-tiene-que-decirlo\/wp-json\/wp\/v2\/media?parent=195"}],"wp:term":[{"taxonomy":"category","embeddable":true,"href":"https:\/\/blogs.elcomercio.es\/alguien-tiene-que-decirlo\/wp-json\/wp\/v2\/categories?post=195"},{"taxonomy":"post_tag","embeddable":true,"href":"https:\/\/blogs.elcomercio.es\/alguien-tiene-que-decirlo\/wp-json\/wp\/v2\/tags?post=195"}],"curies":[{"name":"wp","href":"https:\/\/api.w.org\/{rel}","templated":true}]}}