{"id":25,"date":"2017-11-22T11:15:43","date_gmt":"2017-11-22T10:15:43","guid":{"rendered":"http:\/\/blogs.elcomercio.es\/alguien-tiene-que-decirlo\/?p=25"},"modified":"2017-11-22T11:15:43","modified_gmt":"2017-11-22T10:15:43","slug":"los-lobos-y-el-proces","status":"publish","type":"post","link":"https:\/\/blogs.elcomercio.es\/alguien-tiene-que-decirlo\/2017\/11\/22\/los-lobos-y-el-proces\/","title":{"rendered":"Los lobos y el Proc\u00e9s"},"content":{"rendered":"<p>No s\u00e9 cuanta gente se habr\u00e1 percatado de cu\u00e1ntos puntos tienen en com\u00fan lo que se dice en Asturias de los lobos y el <em>Proc\u00e9s<\/em> de independencia de Catalu\u00f1a. En ambos casos hay dos posturas aparentemente irreconciliables, exageraciones claras y un problema, latente a veces, violentamente manifestado otras, que lleva mucho tiempo sin resolver. Con el permiso de Plutarco podemos considerar ambas cuestiones como \u201cv\u00edas paralelas\u201d por las numerosas similitudes que presentan. Veamos algunas:<\/p>\n<p><strong>La pasi\u00f3n y la ley<\/strong>: los partidarios de ambas posturas son apasionados y a veces piden cosas que no tienen encaje legal: ni se puede dejar las manos libres a los afectados ni hay razones t\u00e9cnicas para que el lobo sea incluido en el cat\u00e1logo de especies amenazadas, ni se pueden aceptar los lobos colgados de las se\u00f1ales. Como dijo Frans Timmermans, vicepresidente de la Comisi\u00f3n Europea: \u201cSi alguien piensa que la pasi\u00f3n basta para permitirse ignorar las leyes est\u00e1 en un grave error\u201d.<\/p>\n<p><strong>Mutismo gubernativo<\/strong>: Cuando una parte calla y se esconde detr\u00e1s de la ley, sin hacer pedagog\u00eda de la misma, los medios buscan respuestas entre los que siempre est\u00e1n dispuestos a hablar y as\u00ed ganan todas las jugadas medi\u00e1ticas por incomparecencia del contrario. Las administraciones tienen criterios t\u00e9cnicos que sustentan sus decisiones, pero no los hacen llegar a la sociedad. Ignoro por qu\u00e9. No s\u00e9 si es que no saben, si es que no pueden, si es que no quieren o si no se atreven a hacerlo.<\/p>\n<p><strong>Dificultad de negociaci\u00f3n<\/strong>: Ninguna de las posturas m\u00e1s extremas se ha aproximado lo suficiente como para ser capaces de compartir algo que se pueda negociar. El estado, a la defensiva, no osa hacer movimientos que remuevan aguas procelosas y la oposici\u00f3n est\u00e1 m\u00e1s pendiente de los votos que de solucionar los problemas. Esto ata\u00f1e especialmente a los que caen en la tentaci\u00f3n del populismo. \u00a1Algunos victimizan alternativamente al lobo y al paisano! Ning\u00fan partido pol\u00edtico que siembre la discordia solucionar\u00e1 el problema del lobo.<\/p>\n<p><strong>Religi\u00f3n civil<\/strong>: El compromiso se adquiere como una imposici\u00f3n insoslayable que est\u00e1 por encima de la voluntad de quien lo asume. Hay un componente importante de fe, que se impone a la raz\u00f3n y a las razones de los dem\u00e1s.<\/p>\n<p><strong>Los mitos y las realidades<\/strong>: Los discursos que llegan a los ciudadanos est\u00e1n m\u00e1s cerca de la mitoman\u00eda que de la realidad. La representaci\u00f3n de Lucifer es enfrentada a un franciscanismo absurdo. La primera piedra la pone el sentimiento, luego se retuerce la realidad hasta que coincida con \u00e9l. Solo falta que tambi\u00e9n los lobos contribuyan a resucitar a Franco.<\/p>\n<p><strong>La posverdad rampante<\/strong>: El lobo no es una especie amenazada, ni estrictamente protegida, ni Europa ha prohibido nunca matar lobos al norte del Duero. Se ha dicho en la prensa que el Principado trampea informes o que decreta el exterminio de los lobos. Ni disminuyen los da\u00f1os al ganado al aumentar los ungulados silvestres, ni hay matanzas indiscriminadas. Cualquier d\u00eda nos enteraremos de que los cibertrolls rusos alimentan nuestras redes sociales.<\/p>\n<p><strong>Una parte usurpa la representaci\u00f3n del todo<\/strong>: Es una pr\u00e1ctica period\u00edstica poco aconsejable pedirle una soluci\u00f3n a un ganadero que acaba de perder su ganado. La respuesta suele ser muy contundente, pero muy poco pr\u00e1ctica. La parte del movimiento ecologista que exige la protecci\u00f3n a ultranza dice hablar en nombre de la ciencia y del movimiento conservacionista, pero nunca han tenido el respaldo de los que m\u00e1s han hecho por la conservaci\u00f3n de los grandes carn\u00edvoros ni de muchos de los cient\u00edficos que trabajan en este problema.<\/p>\n<p><strong>Utilizaci\u00f3n de figuras populares<\/strong>: Conseguir que Dani Rovira pida desde Instagram el fin de la caza del lobo en Asturias garantiza la cobertura de la prensa, pero no demuestra que el control sea un desprop\u00f3sito.<\/p>\n<p><strong>Doble rasero<\/strong>: Los defensores del lobo acusan a la administraci\u00f3n de falta de criterios cient\u00edficos, pero sin aportar tampoco datos relevantes ni contrastados. Se proclaman como hechos cient\u00edficos demostrados meras hip\u00f3tesis u opiniones personales.<\/p>\n<p>En las fiestas de la confusi\u00f3n, cada parte habla para soliviantar a sus convencidos y el resto de los mortales no aciertan a comprender qu\u00e9 est\u00e1 pasando.<\/p>\n<p>&nbsp;<\/p>\n<!-- AddThis Advanced Settings generic via filter on the_content --><!-- AddThis Share Buttons generic via filter on the_content -->","protected":false},"excerpt":{"rendered":"<p>No s\u00e9 cuanta gente se habr\u00e1 percatado de cu\u00e1ntos puntos tienen en com\u00fan lo que se dice en Asturias de los lobos y el Proc\u00e9s de independencia de Catalu\u00f1a. En ambos casos hay dos posturas aparentemente irreconciliables, exageraciones claras y un problema, latente a veces, violentamente manifestado otras, que lleva mucho tiempo sin resolver. Con [&hellip;]<!-- AddThis Advanced Settings generic via filter on get_the_excerpt --><!-- AddThis Share Buttons generic via filter on get_the_excerpt --><\/p>\n","protected":false},"author":19247,"featured_media":0,"comment_status":"open","ping_status":"closed","sticky":false,"template":"","format":"standard","meta":[],"categories":[1],"tags":[],"_links":{"self":[{"href":"https:\/\/blogs.elcomercio.es\/alguien-tiene-que-decirlo\/wp-json\/wp\/v2\/posts\/25"}],"collection":[{"href":"https:\/\/blogs.elcomercio.es\/alguien-tiene-que-decirlo\/wp-json\/wp\/v2\/posts"}],"about":[{"href":"https:\/\/blogs.elcomercio.es\/alguien-tiene-que-decirlo\/wp-json\/wp\/v2\/types\/post"}],"author":[{"embeddable":true,"href":"https:\/\/blogs.elcomercio.es\/alguien-tiene-que-decirlo\/wp-json\/wp\/v2\/users\/19247"}],"replies":[{"embeddable":true,"href":"https:\/\/blogs.elcomercio.es\/alguien-tiene-que-decirlo\/wp-json\/wp\/v2\/comments?post=25"}],"version-history":[{"count":1,"href":"https:\/\/blogs.elcomercio.es\/alguien-tiene-que-decirlo\/wp-json\/wp\/v2\/posts\/25\/revisions"}],"predecessor-version":[{"id":26,"href":"https:\/\/blogs.elcomercio.es\/alguien-tiene-que-decirlo\/wp-json\/wp\/v2\/posts\/25\/revisions\/26"}],"wp:attachment":[{"href":"https:\/\/blogs.elcomercio.es\/alguien-tiene-que-decirlo\/wp-json\/wp\/v2\/media?parent=25"}],"wp:term":[{"taxonomy":"category","embeddable":true,"href":"https:\/\/blogs.elcomercio.es\/alguien-tiene-que-decirlo\/wp-json\/wp\/v2\/categories?post=25"},{"taxonomy":"post_tag","embeddable":true,"href":"https:\/\/blogs.elcomercio.es\/alguien-tiene-que-decirlo\/wp-json\/wp\/v2\/tags?post=25"}],"curies":[{"name":"wp","href":"https:\/\/api.w.org\/{rel}","templated":true}]}}