{"id":28,"date":"2018-01-15T11:44:56","date_gmt":"2018-01-15T10:44:56","guid":{"rendered":"http:\/\/blogs.elcomercio.es\/alguien-tiene-que-decirlo\/?p=28"},"modified":"2018-01-15T11:44:56","modified_gmt":"2018-01-15T10:44:56","slug":"mortadelo-y-filemon-mision-en-tractoria","status":"publish","type":"post","link":"https:\/\/blogs.elcomercio.es\/alguien-tiene-que-decirlo\/2018\/01\/15\/mortadelo-y-filemon-mision-en-tractoria\/","title":{"rendered":"Mortadelo y Filem\u00f3n: Misi\u00f3n en Tractoria"},"content":{"rendered":"<p>Cada vez que hay acontecimientos importantes: una oleada de secuestros a\u00e9reos, casos generalizados de corrupci\u00f3n pol\u00edtica, un ataque terrorista masivo, F. Ib\u00e1\u00f1ez saca un \u00e1lbum de historietas de Mortadelo y Filem\u00f3n para que nos echen una mano. En \u00e9l los agentes de la TIA son enviados a una peligrosa misi\u00f3n de la que casi nunca nos salvan, pero nos hacen re\u00edr viendo las desgracias que les suceden, porque mientras se caen, les zurran o hacen el rid\u00edculo m\u00e1s espantoso, lo que les ocurre a ellos no nos sucede a nosotros y, de paso, sirve para hacer una cr\u00edtica \u00e1cida de lo que sucede en nuestro entorno.<\/p>\n<p>Supongo que es una cuesti\u00f3n de tiempo que el S\u00faper les mande a defender Tabarnia de las asechanzas de la rep\u00fablica de Tractoria. La situaci\u00f3n que viven ambos territorios les es pr\u00f3xima, tal vez dolorosamente cercana, y en ellos se han vivido sucesos ca\u00f3ticos, surrealistas, contradictorios, absurdos, esperp\u00e9nticos, parad\u00f3jicos y enmara\u00f1ados, caracter\u00edsticos de las historietas de los agentes secretos m\u00e1s torpes de la \u00bfinteligencia? y \u00bfseguridad? gubernamental. \u00bfEs el S\u00faper por su actitud desp\u00f3tica un infiltrado de Tractoria? \u00bfEnv\u00eda a sus peores agentes a una misi\u00f3n que sabe que no podr\u00e1n cumplir, de manera que su fracaso haga perder a Tabarnia toda esperanza? \u00bfLa Agencia de Ciberseguridad de Tractoria absorber\u00e1 a la TIA? \u00bfSe saldr\u00e1 con la suya el taimado Pusdimony? \u00bfNo le basta a Ib\u00e1\u00f1ez con el guion que le han servido encima de la mesa o espera que nuevos y desquiciados gags le completen la historieta?<\/p>\n<p>La forma en que se ha venido sucediendo los acontecimientos, que por sus excesos har\u00edan re\u00edr a un espectador alejado del teatro de operaciones, no hacen mucha gracia a la mayor\u00eda de los habitantes de Tabarnia, pero a lo mejor vi\u00e9ndolos en un papel lleno de onomatopeyas, bocadillos y de \u00a1\u00a1\u00a1\u00a7\u00a7@##*!!! les ayuda a digerirlos o a evadirse por un rato.<\/p>\n<!-- AddThis Advanced Settings generic via filter on the_content --><!-- AddThis Share Buttons generic via filter on the_content -->","protected":false},"excerpt":{"rendered":"<p>Cada vez que hay acontecimientos importantes: una oleada de secuestros a\u00e9reos, casos generalizados de corrupci\u00f3n pol\u00edtica, un ataque terrorista masivo, F. Ib\u00e1\u00f1ez saca un \u00e1lbum de historietas de Mortadelo y Filem\u00f3n para que nos echen una mano. En \u00e9l los agentes de la TIA son enviados a una peligrosa misi\u00f3n de la que casi nunca [&hellip;]<!-- AddThis Advanced Settings generic via filter on get_the_excerpt --><!-- AddThis Share Buttons generic via filter on get_the_excerpt --><\/p>\n","protected":false},"author":19247,"featured_media":0,"comment_status":"open","ping_status":"closed","sticky":false,"template":"","format":"standard","meta":[],"categories":[1],"tags":[],"_links":{"self":[{"href":"https:\/\/blogs.elcomercio.es\/alguien-tiene-que-decirlo\/wp-json\/wp\/v2\/posts\/28"}],"collection":[{"href":"https:\/\/blogs.elcomercio.es\/alguien-tiene-que-decirlo\/wp-json\/wp\/v2\/posts"}],"about":[{"href":"https:\/\/blogs.elcomercio.es\/alguien-tiene-que-decirlo\/wp-json\/wp\/v2\/types\/post"}],"author":[{"embeddable":true,"href":"https:\/\/blogs.elcomercio.es\/alguien-tiene-que-decirlo\/wp-json\/wp\/v2\/users\/19247"}],"replies":[{"embeddable":true,"href":"https:\/\/blogs.elcomercio.es\/alguien-tiene-que-decirlo\/wp-json\/wp\/v2\/comments?post=28"}],"version-history":[{"count":1,"href":"https:\/\/blogs.elcomercio.es\/alguien-tiene-que-decirlo\/wp-json\/wp\/v2\/posts\/28\/revisions"}],"predecessor-version":[{"id":29,"href":"https:\/\/blogs.elcomercio.es\/alguien-tiene-que-decirlo\/wp-json\/wp\/v2\/posts\/28\/revisions\/29"}],"wp:attachment":[{"href":"https:\/\/blogs.elcomercio.es\/alguien-tiene-que-decirlo\/wp-json\/wp\/v2\/media?parent=28"}],"wp:term":[{"taxonomy":"category","embeddable":true,"href":"https:\/\/blogs.elcomercio.es\/alguien-tiene-que-decirlo\/wp-json\/wp\/v2\/categories?post=28"},{"taxonomy":"post_tag","embeddable":true,"href":"https:\/\/blogs.elcomercio.es\/alguien-tiene-que-decirlo\/wp-json\/wp\/v2\/tags?post=28"}],"curies":[{"name":"wp","href":"https:\/\/api.w.org\/{rel}","templated":true}]}}