{"id":30,"date":"2018-02-15T10:23:25","date_gmt":"2018-02-15T09:23:25","guid":{"rendered":"http:\/\/blogs.elcomercio.es\/alguien-tiene-que-decirlo\/?p=30"},"modified":"2018-02-15T10:23:25","modified_gmt":"2018-02-15T09:23:25","slug":"osos-en-san-pedro-de-los-burros","status":"publish","type":"post","link":"https:\/\/blogs.elcomercio.es\/alguien-tiene-que-decirlo\/2018\/02\/15\/osos-en-san-pedro-de-los-burros\/","title":{"rendered":"Osos en San Pedro de los Burros"},"content":{"rendered":"<p>A estas alturas llueve sobre mojado. Un nuevo v\u00eddeo protagonizado por la persecuci\u00f3n de un oso por un turismo, esta vez en la carretera que va de San Pedro de los Burros a Villanueva de Grado plantea inquietantes dudas sobre la animalidad de sus protagonistas. Es curioso que las nuevas tecnolog\u00edas, lejos de promocionar la parte m\u00e1s racional de nuestro cerebro, la ofuscan y anulan haciendo aflorar nuestra irracionalidad m\u00e1s arcaica.<\/p>\n<p>Hemos visto varios v\u00eddeos de persecuciones sin sentido a los osos tras un encuentro fortuito en la carretera. Hemos o\u00eddo las protestas de colectivos conservacionistas, ecologistas, animalistas y ciudadanos por estos hechos. Probablemente estos argumentos no llegan a los bares donde los potenciales perseguidores prodiguen su tiempo de ocio, as\u00ed que hay que conseguir que a esos foros lleguen otras se\u00f1ales.<\/p>\n<p>No es ya que sea una infracci\u00f3n muy grave de la Ley del Patrimonio Natural y de la Biodiversidad, que puede ser sancionada con hasta 200.000 \u20ac; tampoco que si la persecuci\u00f3n causa una lesi\u00f3n a una especie amenazada puede ser tipificada como delito penal, esto es, ir a la c\u00e1rcel. El problema ambiental, con ser grave, no es m\u00e1s que una cara de la moneda. La otra es el problema de seguridad que estas conductas provocan. Una constante en los v\u00eddeos es el conducir por una carretera de monta\u00f1a, estrecha y sinuosa, concentrados en lo que no se debe, conduciendo a una velocidad inadecuada, con frecuencia por la izquierda, de noche y a veces con lluvia. Es una actitud intolerable que si no se evita por medios did\u00e1cticos habr\u00e1 que intentarlo por medios represivos. A ver si as\u00ed se enteran.<\/p>\n<!-- AddThis Advanced Settings generic via filter on the_content --><!-- AddThis Share Buttons generic via filter on the_content -->","protected":false},"excerpt":{"rendered":"<p>A estas alturas llueve sobre mojado. Un nuevo v\u00eddeo protagonizado por la persecuci\u00f3n de un oso por un turismo, esta vez en la carretera que va de San Pedro de los Burros a Villanueva de Grado plantea inquietantes dudas sobre la animalidad de sus protagonistas. Es curioso que las nuevas tecnolog\u00edas, lejos de promocionar la [&hellip;]<!-- AddThis Advanced Settings generic via filter on get_the_excerpt --><!-- AddThis Share Buttons generic via filter on get_the_excerpt --><\/p>\n","protected":false},"author":19247,"featured_media":0,"comment_status":"open","ping_status":"closed","sticky":false,"template":"","format":"standard","meta":[],"categories":[1],"tags":[],"_links":{"self":[{"href":"https:\/\/blogs.elcomercio.es\/alguien-tiene-que-decirlo\/wp-json\/wp\/v2\/posts\/30"}],"collection":[{"href":"https:\/\/blogs.elcomercio.es\/alguien-tiene-que-decirlo\/wp-json\/wp\/v2\/posts"}],"about":[{"href":"https:\/\/blogs.elcomercio.es\/alguien-tiene-que-decirlo\/wp-json\/wp\/v2\/types\/post"}],"author":[{"embeddable":true,"href":"https:\/\/blogs.elcomercio.es\/alguien-tiene-que-decirlo\/wp-json\/wp\/v2\/users\/19247"}],"replies":[{"embeddable":true,"href":"https:\/\/blogs.elcomercio.es\/alguien-tiene-que-decirlo\/wp-json\/wp\/v2\/comments?post=30"}],"version-history":[{"count":1,"href":"https:\/\/blogs.elcomercio.es\/alguien-tiene-que-decirlo\/wp-json\/wp\/v2\/posts\/30\/revisions"}],"predecessor-version":[{"id":31,"href":"https:\/\/blogs.elcomercio.es\/alguien-tiene-que-decirlo\/wp-json\/wp\/v2\/posts\/30\/revisions\/31"}],"wp:attachment":[{"href":"https:\/\/blogs.elcomercio.es\/alguien-tiene-que-decirlo\/wp-json\/wp\/v2\/media?parent=30"}],"wp:term":[{"taxonomy":"category","embeddable":true,"href":"https:\/\/blogs.elcomercio.es\/alguien-tiene-que-decirlo\/wp-json\/wp\/v2\/categories?post=30"},{"taxonomy":"post_tag","embeddable":true,"href":"https:\/\/blogs.elcomercio.es\/alguien-tiene-que-decirlo\/wp-json\/wp\/v2\/tags?post=30"}],"curies":[{"name":"wp","href":"https:\/\/api.w.org\/{rel}","templated":true}]}}