{"id":41,"date":"2018-08-27T18:46:04","date_gmt":"2018-08-27T16:46:04","guid":{"rendered":"https:\/\/blogs.elcomercio.es\/alguien-tiene-que-decirlo\/?p=41"},"modified":"2018-08-27T18:48:11","modified_gmt":"2018-08-27T16:48:11","slug":"osos-5-0-el-futuro-ya-esta-aqui","status":"publish","type":"post","link":"https:\/\/blogs.elcomercio.es\/alguien-tiene-que-decirlo\/2018\/08\/27\/osos-5-0-el-futuro-ya-esta-aqui\/","title":{"rendered":"Osos 5.0 El futuro ya est\u00e1 aqu\u00ed"},"content":{"rendered":"<p>Podemos enmarcar la historia reciente de los osos pardos cant\u00e1bricos en cuatro etapas: Osos 1.0, es decir: tendencia a la baja; Osos 2.0, la situaci\u00f3n toc\u00f3 fondo; Osos 3.0, la poblaci\u00f3n comenz\u00f3 a recuperarse y se empez\u00f3 a generar una demanda de observaci\u00f3n y Osos 4.0, cuando la recuperaci\u00f3n se consolid\u00f3 y ver osos en libertad pas\u00f3 de ser una t\u00e9cnica de estudio a una posibilidad de explotaci\u00f3n tur\u00edstica.<\/p>\n<p>Durante la etapa Osos 3.0 la posibilidad de ver un oso era una loter\u00eda que pocas veces tocaba, incluso para los profesionales de su estudio y seguimiento. Entonces la oferta relacionada con el turismo osero se centraba en conocer el pa\u00eds del oso: visitas guiadas para mostrar el ambiente en el que los osos viv\u00edan, observar la fauna de la zona, con suerte alguna huella en el barro, pero la esperanza de ver al oso entero, por improbable, era poco m\u00e1s que una quimera.<\/p>\n<p>Sin embargo, los aficionados a la naturaleza, coleccionistas de experiencias, armados con equipos \u00f3pticos cada vez m\u00e1s potentes iban haci\u00e9ndose cada vez m\u00e1s numerosos buscando al esquivo animal. La generalizaci\u00f3n del telescopio como instrumento de observaci\u00f3n y la aparici\u00f3n del <em>digiscoping<\/em>, t\u00e9cnica para tomar fotos sobre el objetivo del aparato \u00f3ptico, a\u00f1adi\u00f3 a la antigua experiencia el trofeo capaz de ser exhibido entre los compa\u00f1eros de afici\u00f3n y compartirlo a trav\u00e9s de las incipientes redes sociales. Primero mensajes por SMS, luego Twitter, Facebook o Whatsapp. El que ten\u00eda la fortuna de ver un oso avisaba a sus colegas. En minutos u horas enjambres de veh\u00edculos 4&#215;4 llenos de pegatinas de temas naturalistas de los que descend\u00edan tipos vestidos de camuflaje, cargados de tr\u00edpodes, telescopios y c\u00e1maras con teleobjetivos crecieron como las setas. Luego llegaron los extranjeros, primero los brit\u00e1nicos embarcados en la observaci\u00f3n de aves por todo el mundo, que ven\u00edan con sus gu\u00edas y entre treparriscos y buitres alucinaban viendo un rebeco o un oso. Para ellos el oso era un subproducto cuando el tema estrella del turismo de observaci\u00f3n internacional eran las aves.<\/p>\n<p>En este entorno emergente se propuso a las autoridades del Principado de Asturias adelantarse, creando unas reglas de juego antes de que fuese demasiado tarde. Pero era demasiado pronto y muy pocos lo entendieron. Llovieron las cr\u00edticas: unas por sentido patrimonial, otras por desconfianza y otras por h\u00e1bito. Llegaron Naturtrek; WildWatching Spain; Blue Sky Wildlife; Wild Wolf Experience, Iberian Wildlife Tours; Wildlife Worlwide; Somiedo Experience; Natur Naturaleza y Turismo o Quei Vitorino Experiencias Medioambientales, con regulaci\u00f3n o sin ella. Es cierto que hubo desmadres, pero nunca protagonizados por grupos organizados. Tampoco hay que olvidar que algunos osos j\u00f3venes se exhibieron imp\u00fadicamente cerca de pueblos y lo nunca visto sali\u00f3 por televisi\u00f3n. \u00bfLa pol\u00e9mica propuesta desencaden\u00f3 un efecto llamada? Creo que no porque muchos de los que ven\u00edan a ver osos lo hac\u00edan de fuera de Asturias. \u00bfSon peligrosos los grupos organizados? Tampoco lo creo, la vigilancia de un gu\u00eda profesional, que responde del comportamiento del grupo es m\u00e1s segura que el descontrol del espont\u00e1neo que va por su cuenta.<\/p>\n<p>Algunos invocaron la mercantilizaci\u00f3n del oso como un riesgo. Confund\u00edan mercantilizar con aprovechar, como algunos confundieron ser prudentes con ser timoratos, pero la confusi\u00f3n colaboraba con los negacionistas. El hecho fue que el valor a\u00f1adido del oso en la econom\u00eda local y como motor tur\u00edstico ha hecho m\u00e1s por su conservaci\u00f3n que todas las campa\u00f1as bienintencionadas. Cuando en agosto de 2015 P\u00eda Buccela, alta funcionaria de la Direcci\u00f3n General de Medio Ambiente en la Comisi\u00f3n Europea, vino a Asturias a comprobar si la convivencia entre osos y poblaci\u00f3n local era como se dec\u00eda en los mentideros comunitarios y lo comprob\u00f3, acab\u00f3 preguntando \u00bfNo podr\u00eda hacerse algo as\u00ed con el lobo<\/p>\n<p>Pero exist\u00edan reglas. En 2015 la Asociaci\u00f3n de Turismo Rural Fuentes del Narcea y el Grupo de Desarrollo Rural Alto Narcea-Muniellos elabor\u00f3 un manual de Buenas pr\u00e1cticas para la observaci\u00f3n de fauna. Las temidas empresas de turismo rural dieron un paso decisivo en la concienciaci\u00f3n de sus clientes que inclu\u00eda un dec\u00e1logo de compromisos con el ecoturismo responsable, un c\u00f3digo \u00e9tico del observador de fauna, recomendaciones de buenas pr\u00e1cticas para los fot\u00f3grafos de la naturaleza y propuestas para minimizar los impactos del turista rural (<a href=\"https:\/\/issuu.com\/altonarceamuniellos\/docs\/manual_buenas_practicas_observacion\" rel=\"external nofollow\">https:\/\/issuu.com\/altonarceamuniellos\/docs\/manual_buenas_practicas_observacion<\/a>), adem\u00e1s de proponer una ruta con la ubicaci\u00f3n de miradores seguros donde se puede intentar la experiencia de ver osos sin peligro para los observadores ni para los observados (<a href=\"http:\/\/tierradeosos.es\/experiencias\/ruta-en-coche-por-los-miradores-del-oso-.html\" rel=\"external nofollow\">http:\/\/tierradeosos.es\/experiencias\/ruta-en-coche-por-los-miradores-del-oso-.html<\/a>). Por fin algo positivo; toda una lecci\u00f3n para los cr\u00edticos y una respuesta contra la inacci\u00f3n de la administraci\u00f3n p\u00fablica.<\/p>\n<p>Aunque la generalizaci\u00f3n de las observaciones de osos cant\u00e1bricos es una consecuencia de su incremento, la experiencia ha sido tan positiva que otras comarcas donde los osos son todav\u00eda una rareza tambi\u00e9n quieren ponerla en pr\u00e1ctica. As\u00ed, Picos de Europa (<a href=\"https:\/\/www.elcomercio.es\/asturias\/oriente\/201506\/24\/expertos-estudian-implantar-turismo-20150624004644-v.html\" rel=\"external nofollow\">https:\/\/www.elcomercio.es\/asturias\/oriente\/201506\/24\/expertos-estudian-implantar-turismo-20150624004644-v.html<\/a>), Ponga (<a href=\"https:\/\/www.elcomercio.es\/asturias\/oriente\/preparados-vuelta-20180307003301-ntvo.html\" rel=\"external nofollow\">https:\/\/www.elcomercio.es\/asturias\/oriente\/preparados-vuelta-20180307003301-ntvo.html<\/a>), Redes (<a href=\"https:\/\/www.elcomercio.es\/asturias\/occidente\/parques-somiedo-redes-20180323002159-ntvo.html\" rel=\"external nofollow\">https:\/\/www.elcomercio.es\/asturias\/occidente\/parques-somiedo-redes-20180323002159-ntvo.html<\/a>) o Lena (<a href=\"https:\/\/www.elcomercio.es\/asturias\/cuencas\/caudal-quiere-impulsar-20180527020630-ntvo.html\" rel=\"external nofollow\">https:\/\/www.elcomercio.es\/asturias\/cuencas\/caudal-quiere-impulsar-20180527020630-ntvo.html<\/a>) buscan ahora una marca tur\u00edstica sostenible alrededor del oso.<\/p>\n<p>Pero el oso no m\u00e1s que una pieza m\u00e1s en la oferta de turismo rural. El pa\u00eds de los osos sigue siendo m\u00e1s entretenido como actividad familiar que pasar interminables horas mirando por un cristal para ver algo o no, frecuentemente un puntito en la lejan\u00eda que siempre ve el vecino, pero cuando queremos enfocarlo nosotros ya desapareci\u00f3. Eso queda para los frikis.<\/p>\n<p>Pero no todo es fiesta. Vienen tiempos complicados como consecuencia del incremento y la seguridad es el tema clave del futuro. La conservaci\u00f3n del oso pardo no debe morir de \u00e9xito porque hay quienes est\u00e1n empezando a atreverse a anunciar el apocalipsis de los osos desmadrados. Ese ser\u00e1 el per\u00edodo Osos 5.0.<\/p>\n<!-- AddThis Advanced Settings generic via filter on the_content --><!-- AddThis Share Buttons generic via filter on the_content -->","protected":false},"excerpt":{"rendered":"<p>Podemos enmarcar la historia reciente de los osos pardos cant\u00e1bricos en cuatro etapas: Osos 1.0, es decir: tendencia a la baja; Osos 2.0, la situaci\u00f3n toc\u00f3 fondo; Osos 3.0, la poblaci\u00f3n comenz\u00f3 a recuperarse y se empez\u00f3 a generar una demanda de observaci\u00f3n y Osos 4.0, cuando la recuperaci\u00f3n se consolid\u00f3 y ver osos en [&hellip;]<!-- AddThis Advanced Settings generic via filter on get_the_excerpt --><!-- AddThis Share Buttons generic via filter on get_the_excerpt --><\/p>\n","protected":false},"author":19247,"featured_media":0,"comment_status":"open","ping_status":"closed","sticky":false,"template":"","format":"standard","meta":[],"categories":[1],"tags":[],"_links":{"self":[{"href":"https:\/\/blogs.elcomercio.es\/alguien-tiene-que-decirlo\/wp-json\/wp\/v2\/posts\/41"}],"collection":[{"href":"https:\/\/blogs.elcomercio.es\/alguien-tiene-que-decirlo\/wp-json\/wp\/v2\/posts"}],"about":[{"href":"https:\/\/blogs.elcomercio.es\/alguien-tiene-que-decirlo\/wp-json\/wp\/v2\/types\/post"}],"author":[{"embeddable":true,"href":"https:\/\/blogs.elcomercio.es\/alguien-tiene-que-decirlo\/wp-json\/wp\/v2\/users\/19247"}],"replies":[{"embeddable":true,"href":"https:\/\/blogs.elcomercio.es\/alguien-tiene-que-decirlo\/wp-json\/wp\/v2\/comments?post=41"}],"version-history":[{"count":2,"href":"https:\/\/blogs.elcomercio.es\/alguien-tiene-que-decirlo\/wp-json\/wp\/v2\/posts\/41\/revisions"}],"predecessor-version":[{"id":43,"href":"https:\/\/blogs.elcomercio.es\/alguien-tiene-que-decirlo\/wp-json\/wp\/v2\/posts\/41\/revisions\/43"}],"wp:attachment":[{"href":"https:\/\/blogs.elcomercio.es\/alguien-tiene-que-decirlo\/wp-json\/wp\/v2\/media?parent=41"}],"wp:term":[{"taxonomy":"category","embeddable":true,"href":"https:\/\/blogs.elcomercio.es\/alguien-tiene-que-decirlo\/wp-json\/wp\/v2\/categories?post=41"},{"taxonomy":"post_tag","embeddable":true,"href":"https:\/\/blogs.elcomercio.es\/alguien-tiene-que-decirlo\/wp-json\/wp\/v2\/tags?post=41"}],"curies":[{"name":"wp","href":"https:\/\/api.w.org\/{rel}","templated":true}]}}