{"id":45,"date":"2019-01-22T17:16:04","date_gmt":"2019-01-22T16:16:04","guid":{"rendered":"https:\/\/blogs.elcomercio.es\/alguien-tiene-que-decirlo\/?p=45"},"modified":"2019-01-22T17:17:04","modified_gmt":"2019-01-22T16:17:04","slug":"me-habeis-dejao-sin-hijo-pero-me-he-reido","status":"publish","type":"post","link":"https:\/\/blogs.elcomercio.es\/alguien-tiene-que-decirlo\/2019\/01\/22\/me-habeis-dejao-sin-hijo-pero-me-he-reido\/","title":{"rendered":"Me hab\u00e9is dejao sin hijo, pero me he re\u00eddo\u2026"},"content":{"rendered":"<p>Cuando o\u00ed hablar del sketch de Dani Mateo con la bandera nacional, no me hizo gracia porque una 46-millonesima parte de sus mocos me mancharon. Segu\u00ed el debate acerca de si era o no era para tanto, porque el humor es el humor y se dice que no debe pon\u00e9rsele trabas ni l\u00edmites. En mis reflexiones internas me decant\u00e9 por pensar que los l\u00edmites s\u00ed existen, pero los tiene que tener claros el propio humorista, puesto que no puede delimitarse con una l\u00ednea n\u00edtida y general lo que puede o no decirse y de qu\u00e9 manera. Afortunadamente la censura se suprimi\u00f3 hace m\u00e1s de cuarenta a\u00f1os y los que tenemos cierta edad no queremos resucitarla.<br \/>\nHabiendo escuchado a muchos opinadores defender a Mateo en aras de la libertad de humor, y como me hab\u00eda gustado tan poco, tem\u00ed haberme vuelto raro o facha o haber perdido el sentido del humor. Hace d\u00edas, cuando o\u00ed hablar de un video o un tuit o un no s\u00e9 qu\u00e9 en el que un partido que se considera alternativa de gobierno hac\u00eda p\u00fablicamente una broma macabra a\u00f1adiendo a una lista de personajes favoritos, todos muertos, el comentario: \u201cMi presidente favorito es Pedro S\u00e1nchez\u201d tampoco me hizo gracia. De nuevo volv\u00ed a temer haberme vuelto raro o progre o haber perdido el sentido del humor.<br \/>\nLuego me acord\u00e9 de aquel mon\u00f3logo en el que Gila se part\u00eda de risa recordando las bromas de su pueblo: aquello de que cuando enga\u00f1aron al Indalecio dici\u00e9ndole que los hilos de la luz eran un tendedero y se qued\u00f3 \u201ccomo la ceniza \u2018un puro\u201d. Hasta a su padre le encant\u00f3 la broma: \u201cMe hab\u00e9is dejao sin hijo, pero me he re\u00eddo\u2026\u201d Como siempre el humor vino como una brisa a iluminar la vida. Reflexionando sobre las ense\u00f1anzas de Miguel Gila pens\u00e9 que para que una broma pueda ser considerada como tal tiene que hacer gracia tanto al bromista como al bromificado y si no es solo una burrada absurda, como la que le gastaron al Indalecio. De no ser as\u00ed el matonismo de colegio, que no busca otra cosa que la hilaridad c\u00f3mplice de los adeptos, tambi\u00e9n ser\u00eda una broma y sin embargo es un asunto dram\u00e1tico.<br \/>\nEs posible que sea un tipo raro, puesto que aborrezco cosas que a muchos les parecen completamente aceptables y creo que hay que tomarse el humor m\u00e1s en serio, porque pocas cosas hay m\u00e1s dignas que el buen humor o el humor del bueno.<\/p>\n<!-- AddThis Advanced Settings generic via filter on the_content --><!-- AddThis Share Buttons generic via filter on the_content -->","protected":false},"excerpt":{"rendered":"<p>Cuando o\u00ed hablar del sketch de Dani Mateo con la bandera nacional, no me hizo gracia porque una 46-millonesima parte de sus mocos me mancharon. Segu\u00ed el debate acerca de si era o no era para tanto, porque el humor es el humor y se dice que no debe pon\u00e9rsele trabas ni l\u00edmites. En mis [&hellip;]<!-- AddThis Advanced Settings generic via filter on get_the_excerpt --><!-- AddThis Share Buttons generic via filter on get_the_excerpt --><\/p>\n","protected":false},"author":19247,"featured_media":0,"comment_status":"open","ping_status":"closed","sticky":false,"template":"","format":"standard","meta":[],"categories":[1],"tags":[],"_links":{"self":[{"href":"https:\/\/blogs.elcomercio.es\/alguien-tiene-que-decirlo\/wp-json\/wp\/v2\/posts\/45"}],"collection":[{"href":"https:\/\/blogs.elcomercio.es\/alguien-tiene-que-decirlo\/wp-json\/wp\/v2\/posts"}],"about":[{"href":"https:\/\/blogs.elcomercio.es\/alguien-tiene-que-decirlo\/wp-json\/wp\/v2\/types\/post"}],"author":[{"embeddable":true,"href":"https:\/\/blogs.elcomercio.es\/alguien-tiene-que-decirlo\/wp-json\/wp\/v2\/users\/19247"}],"replies":[{"embeddable":true,"href":"https:\/\/blogs.elcomercio.es\/alguien-tiene-que-decirlo\/wp-json\/wp\/v2\/comments?post=45"}],"version-history":[{"count":2,"href":"https:\/\/blogs.elcomercio.es\/alguien-tiene-que-decirlo\/wp-json\/wp\/v2\/posts\/45\/revisions"}],"predecessor-version":[{"id":47,"href":"https:\/\/blogs.elcomercio.es\/alguien-tiene-que-decirlo\/wp-json\/wp\/v2\/posts\/45\/revisions\/47"}],"wp:attachment":[{"href":"https:\/\/blogs.elcomercio.es\/alguien-tiene-que-decirlo\/wp-json\/wp\/v2\/media?parent=45"}],"wp:term":[{"taxonomy":"category","embeddable":true,"href":"https:\/\/blogs.elcomercio.es\/alguien-tiene-que-decirlo\/wp-json\/wp\/v2\/categories?post=45"},{"taxonomy":"post_tag","embeddable":true,"href":"https:\/\/blogs.elcomercio.es\/alguien-tiene-que-decirlo\/wp-json\/wp\/v2\/tags?post=45"}],"curies":[{"name":"wp","href":"https:\/\/api.w.org\/{rel}","templated":true}]}}