{"id":62,"date":"2019-03-09T18:51:22","date_gmt":"2019-03-09T17:51:22","guid":{"rendered":"https:\/\/blogs.elcomercio.es\/alguien-tiene-que-decirlo\/?p=62"},"modified":"2020-02-07T18:51:48","modified_gmt":"2020-02-07T17:51:48","slug":"feminismo-inclusivo","status":"publish","type":"post","link":"https:\/\/blogs.elcomercio.es\/alguien-tiene-que-decirlo\/2019\/03\/09\/feminismo-inclusivo\/","title":{"rendered":"\u00bfFeminismo inclusivo?"},"content":{"rendered":"<p>Hoy he ido a la concentraci\u00f3n que con motivo de la huelga feminista del 8 de marzo tuvo lugar ante el ayuntamiento de Oviedo. Me parec\u00eda que deb\u00eda apoyar una reivindicaci\u00f3n loable. Igualdad para tod@s. Me alegr\u00f3 ver que justo delante ten\u00eda una pareja de gitanos cuarentones y me pareci\u00f3 meritorio que compartiesen esta reivindicaci\u00f3n perteneciendo a un colectivo cuya tradici\u00f3n no reconoce un papel igualitario para la mujer (perd\u00f3n por lo pol\u00edticamente incorrecto de esta impresi\u00f3n). Esto es lo bueno de una convocatoria que quiere reunir apoyos, todo suma porque con divisiones no se puede conquistar ning\u00fan derecho.<br \/>\nLos esl\u00f3ganes se adue\u00f1aron de la plaza de la Constituci\u00f3n una vez dieron las doce. Algunos clamaban contra el racismo, otros a favor de los inmigrantes, otros m\u00e1s apoyaban el ecologismo. Aunque no hay duda de que estoy de acuerdo con tales reivindicaciones no me pareci\u00f3 que debiesen mezclarse con una reivindicaci\u00f3n feminista y desenfocar el objetivo de la jornada. Luego se a\u00f1adieron otros m\u00e1s festivos como \u00a1Machista, machista, machista el que no bote! Ayer hab\u00eda ido al m\u00e9dico porque me dol\u00eda de rodilla y me dijo que pod\u00eda tener un quiste de no-s\u00e9-qu\u00e9, as\u00ed que no salt\u00e9 y aunque lo hizo la mayor\u00eda de aquel gent\u00edo me percat\u00e9 de que bastantes mujeres y hombres tampoco lo hac\u00eda. \u00a1Vaya, cu\u00e1ntos hay con la rodilla estropeada! Pens\u00e9 \u00bfO ser\u00e1n machistas-masoquistas? Siendo machistas no parec\u00eda que quisiesen reventar el acto. La cosa empeor\u00f3 cuando se nos requiri\u00f3 para agacharnos hasta tocar con el culo el suelo, siguiendo la consigna de las feministas argentinas. Tampoco pude, pero a mi alrededor como el diez por ciento de los asistentes tambi\u00e9n se mantuvo de pie. \u00a1Vaya, ser\u00e1 para poner en evidencia a los machistas infiltrados o tendr\u00e1n que justificarse con un certificado m\u00e9dico!<br \/>\nLa fiesta continu\u00f3 y llegaron los esl\u00f3ganes anticapitalistas, as\u00ed que pens\u00e9 \u00a1Vaya, si alguien meti\u00f3 sus ahorros de toda una vida en acciones de Inditex es mejor que no aparezca por aqu\u00ed! \u00a1Si una trabajadora de banca hizo hoy huelga tal vez es mejor que no se lo diga a nadie y cambie de trabajo! Luego los gritos fueron contra el feminismo liberal que equipararon a un machismo troyano. La comparaci\u00f3n me sorprendi\u00f3 y me pareci\u00f3 desacertada. No creo que las mujeres est\u00e9n tan sobradas de apoyos como para desperdiciar a una masa socialmente tan importante. No fui yo el \u00fanico sorprendido. No estoy seguro si fue poco antes o poco despu\u00e9s de este eslogan que una docena de miembros del partido naranja, entre los que estaban su portavoz en la Junta General del Principado, el candidato a sustituirle y algunas mujeres, abandonaron discretamente la plaza en direcci\u00f3n a la plaza del Font\u00e1n. Creo que hicieron bien, porque ya hab\u00edan desaparecido cuando la maestra de ceremonias grit\u00f3 un eslogan contra In\u00e9s Arrimadas.<br \/>\n\u00bfPuede tener \u00e9xito un movimiento que pretende derribar barreras y techos de cristal levantando nuevas barreras que segregan a las mujeres por su ideolog\u00eda? Me sent\u00ed disgustado porque yo, var\u00f3n, hab\u00eda ido all\u00ed por razones solidarias y justas y aquel acto, en contra de mis principios, segregaba a l@s que no estaban dispuest@s a tragar lo que se pretend\u00eda que fuera un pensamiento \u00fanico. Mi problema lo defini\u00f3 P\u00edo Cabanillas durante la transici\u00f3n tard\u00eda y es que yo tampoco s\u00e9 ya si soy de los m\u00edos.<\/p>\n<!-- AddThis Advanced Settings generic via filter on the_content --><!-- AddThis Share Buttons generic via filter on the_content -->","protected":false},"excerpt":{"rendered":"<p>Hoy he ido a la concentraci\u00f3n que con motivo de la huelga feminista del 8 de marzo tuvo lugar ante el ayuntamiento de Oviedo. Me parec\u00eda que deb\u00eda apoyar una reivindicaci\u00f3n loable. Igualdad para tod@s. Me alegr\u00f3 ver que justo delante ten\u00eda una pareja de gitanos cuarentones y me pareci\u00f3 meritorio que compartiesen esta reivindicaci\u00f3n [&hellip;]<!-- AddThis Advanced Settings generic via filter on get_the_excerpt --><!-- AddThis Share Buttons generic via filter on get_the_excerpt --><\/p>\n","protected":false},"author":19247,"featured_media":0,"comment_status":"open","ping_status":"closed","sticky":false,"template":"","format":"standard","meta":[],"categories":[1],"tags":[],"_links":{"self":[{"href":"https:\/\/blogs.elcomercio.es\/alguien-tiene-que-decirlo\/wp-json\/wp\/v2\/posts\/62"}],"collection":[{"href":"https:\/\/blogs.elcomercio.es\/alguien-tiene-que-decirlo\/wp-json\/wp\/v2\/posts"}],"about":[{"href":"https:\/\/blogs.elcomercio.es\/alguien-tiene-que-decirlo\/wp-json\/wp\/v2\/types\/post"}],"author":[{"embeddable":true,"href":"https:\/\/blogs.elcomercio.es\/alguien-tiene-que-decirlo\/wp-json\/wp\/v2\/users\/19247"}],"replies":[{"embeddable":true,"href":"https:\/\/blogs.elcomercio.es\/alguien-tiene-que-decirlo\/wp-json\/wp\/v2\/comments?post=62"}],"version-history":[{"count":1,"href":"https:\/\/blogs.elcomercio.es\/alguien-tiene-que-decirlo\/wp-json\/wp\/v2\/posts\/62\/revisions"}],"predecessor-version":[{"id":63,"href":"https:\/\/blogs.elcomercio.es\/alguien-tiene-que-decirlo\/wp-json\/wp\/v2\/posts\/62\/revisions\/63"}],"wp:attachment":[{"href":"https:\/\/blogs.elcomercio.es\/alguien-tiene-que-decirlo\/wp-json\/wp\/v2\/media?parent=62"}],"wp:term":[{"taxonomy":"category","embeddable":true,"href":"https:\/\/blogs.elcomercio.es\/alguien-tiene-que-decirlo\/wp-json\/wp\/v2\/categories?post=62"},{"taxonomy":"post_tag","embeddable":true,"href":"https:\/\/blogs.elcomercio.es\/alguien-tiene-que-decirlo\/wp-json\/wp\/v2\/tags?post=62"}],"curies":[{"name":"wp","href":"https:\/\/api.w.org\/{rel}","templated":true}]}}