{"id":64,"date":"2019-11-10T18:52:20","date_gmt":"2019-11-10T17:52:20","guid":{"rendered":"https:\/\/blogs.elcomercio.es\/alguien-tiene-que-decirlo\/?p=64"},"modified":"2020-02-07T18:53:09","modified_gmt":"2020-02-07T17:53:09","slug":"por-que-tenemos-problemas-con-el-jabali","status":"publish","type":"post","link":"https:\/\/blogs.elcomercio.es\/alguien-tiene-que-decirlo\/2019\/11\/10\/por-que-tenemos-problemas-con-el-jabali\/","title":{"rendered":"\u00bfPor qu\u00e9 tenemos problemas con el jabal\u00ed?"},"content":{"rendered":"<p>Vive r\u00e1pido, muere joven y tendr\u00e1s un bonito cad\u00e1ver. Esta frase sintetizaba la vida de los integrantes del Club de los 27, las estrellas del rock que no sobrepasaban esa edad, pero sirve tambi\u00e9n para describir el ciclo de vida del jabal\u00ed: vive r\u00e1pido, muere pronto y tendr\u00e1s muchos cerditos. El jabal\u00ed ha sido descrito como un ungulado capaz de reproducirse como un roedor. Demogr\u00e1ficamente es algo as\u00ed como un rat\u00f3n que puede llegar a pesar cien kilos, que come casi de todo y se adapta a casi cualquier situaci\u00f3n. Su capacidad reproductora es tal que su poblaci\u00f3n potencialmente podr\u00eda crecer cada a\u00f1o un 30%, es decir: en dos a\u00f1os y medio podr\u00eda duplicar su poblaci\u00f3n, pero afortunadamente no lo hace. La caza, las enfermedades, la predaci\u00f3n y la competencia han moderado su crecimiento en Asturias hasta un 7% anual, es decir necesitar\u00eda 10 a\u00f1os para conseguir lo mismo, pero a\u00f1o a a\u00f1o han ido aumentando su poblaci\u00f3n y se han ido expandiendo hasta reaparecer en lugares en los que la memoria colectiva ya los hab\u00eda olvidado.<\/p>\n<p>No es que las monta\u00f1as sean su h\u00e1bitat \u00f3ptimo, las monta\u00f1as simplemente han sido su refugio cuando el hambre (la fame que los asturianos pasaron en \u00e9pocas pret\u00e9ritas), la extensi\u00f3n de los cultivos y prados a costa de los bosques, el veneno y una dura forma de vida hoy desaparecida los hab\u00eda diezmado. Desde all\u00ed ha reconquistado el llano cuando las condiciones le fueron favorables. Ya no se sale a cazar para comer carne, nadie recoge las casta\u00f1as del suelo para engordar en oto\u00f1o lo que se adelgazaba durante el resto del a\u00f1o, ya no hay ni\u00f1os cuidando en el monte el ganado menor que manten\u00eda a raya el matorral. Y el jabal\u00ed se ha aprovechado de ello. No es que haya abandonado el campo para instalarse en la ciudad, es que los jabal\u00edes pr\u00e1cticamente han saturado el campo, a pesar de que all\u00ed se les caza, y los excedentes encontraron un lugar ideal cerca de las grandes ciudades del centro: Oviedo-Siero, Gij\u00f3n y comarca avilesina, donde por razones de seguridad no se pueden cazar. All\u00ed tienen un clima suave, tranquilidad y alimento, lo que les permite prosperar mejor que en las zonas rurales o m\u00e1s agrestes y all\u00ed, en pocas generaciones, han olvidado que el hombre era su enemigo ancestral.<\/p>\n<p>Hacia 1980 el jabal\u00ed todav\u00eda era en estos municipios una rareza o no exist\u00eda en absoluto, mientras que hoy en d\u00eda en los cotos que circundan Oviedo y Gij\u00f3n se pueden encontrar las mayores densidades de jabal\u00ed de Asturias. Pero c\u00f3mo se ha producido esto, y los cazadores \u00bfQu\u00e9 hacen? Pues los cazan por miles: 12.000 en 2017, matan aproximadamente un jabal\u00ed de cada cuatro o cinco, pero no dan abasto; tal vez si pudiesen cazar el doble podr\u00edan contener el crecimiento de la poblaci\u00f3n, pero cada vez hay menos cazadores en nuestra regi\u00f3n, igual que en toda Espa\u00f1a y en toda Europa, de manera que la regulaci\u00f3n de la poblaci\u00f3n de jabal\u00edes mediante la caza es cada vez menos factible. El problema de la renovaci\u00f3n cineg\u00e9tica es de tal magnitud que se ha llegado a reconocer que actualmente hay en Asturias cinco veces m\u00e1s jabal\u00edes que cazadores.<\/p>\n<p>Los jabal\u00edes generan tres tipos de problemas sociales: Los da\u00f1os en las fincas, los accidentes de carretera y los ejemplares habituados al hombre que se internan en las ciudades. Mientras el primero es esencialmente econ\u00f3mico (aunque no solo), los otros dos afectan a la seguridad de las personas. Por otra parte, da\u00f1os y tr\u00e1fico son problemas generalizados en todo el territorio, y como tales dif\u00edciles de resolver porque la caza no ha resultado \u00fatil como medio de contenci\u00f3n, mientras que los jabal\u00edes urbanos, al ser un problema m\u00e1s localizado puede ser abordado con medidas extraordinarias.<\/p>\n<p>Hasta 2016 las incidencias provocadas por jabal\u00edes urbanos hab\u00edan aumentado exponencialmente, y alcanzaron su m\u00e1ximo en Gij\u00f3n en 2015, mientras que en Oviedo y la comarca de Avil\u00e9s fue en 2016. La entrada en vigor de planes espec\u00edficos contra los jabal\u00edes que se acercan a las ciudades consigui\u00f3, no solo que los casos no siguiesen aumentando, sino que se redujesen a la mitad, lo que, si bien no solucion\u00f3 el problema, puede considerarse un \u00e9xito parcial del que no todas las ciudades europeas que lo han abordado pueden presumir.<\/p>\n<p>L\u00f3gicamente que un jabal\u00ed sea abatido por la polic\u00eda municipal en el centro de Gij\u00f3n, cerca de la Puerta de la Villa, genera inquietud. El suceso no era nuevo en la ciudad puesto que en 2009 la polic\u00eda nacional tuvo que matar a otro aterrorizado animal, en medio de un botell\u00f3n, junto a la antigua discoteca Oasis y tan poco fue el \u00faltimo, ya que volvi\u00f3 a suceder en el parque fluvial de Viesques hace meses. Y no solo ha sido Gij\u00f3n la \u00fanica ciudad asturiana que ha tenido que sufrir los disparos improvisados. A 100 o 200 m de mi casa, en la Ronda Sur de Oviedo, hubo el mismo desenlace, as\u00ed como en el barrio de La Magdalena de Avil\u00e9s. Es evidente que las armas reglamentarias de las polic\u00edas locales no son las m\u00e1s adecuadas para matar un jabal\u00ed y menos a\u00fan en el casco urbano, pero cuando hay que tomar una decisi\u00f3n sobre la marcha por el riesgo de que cause problemas m\u00e1s graves, como ataques a personas o acceso a una autopista, se convierte en una obligaci\u00f3n moral cuya decisi\u00f3n hay que tomar en pocos minutos y no dejarla reposar hasta el d\u00eda siguiente. Tal vez ayudar\u00eda que estos cuerpos municipales dispusiesen de un protocolo de actuaci\u00f3n para abordar estas situaciones y que contasen con el equipamiento adecuado para afrontarlas, porque nadie puede garantizar que no se repitan en el futuro.<\/p>\n<!-- AddThis Advanced Settings generic via filter on the_content --><!-- AddThis Share Buttons generic via filter on the_content -->","protected":false},"excerpt":{"rendered":"<p>Vive r\u00e1pido, muere joven y tendr\u00e1s un bonito cad\u00e1ver. Esta frase sintetizaba la vida de los integrantes del Club de los 27, las estrellas del rock que no sobrepasaban esa edad, pero sirve tambi\u00e9n para describir el ciclo de vida del jabal\u00ed: vive r\u00e1pido, muere pronto y tendr\u00e1s muchos cerditos. El jabal\u00ed ha sido descrito [&hellip;]<!-- AddThis Advanced Settings generic via filter on get_the_excerpt --><!-- AddThis Share Buttons generic via filter on get_the_excerpt --><\/p>\n","protected":false},"author":19247,"featured_media":0,"comment_status":"open","ping_status":"closed","sticky":false,"template":"","format":"standard","meta":[],"categories":[1],"tags":[],"_links":{"self":[{"href":"https:\/\/blogs.elcomercio.es\/alguien-tiene-que-decirlo\/wp-json\/wp\/v2\/posts\/64"}],"collection":[{"href":"https:\/\/blogs.elcomercio.es\/alguien-tiene-que-decirlo\/wp-json\/wp\/v2\/posts"}],"about":[{"href":"https:\/\/blogs.elcomercio.es\/alguien-tiene-que-decirlo\/wp-json\/wp\/v2\/types\/post"}],"author":[{"embeddable":true,"href":"https:\/\/blogs.elcomercio.es\/alguien-tiene-que-decirlo\/wp-json\/wp\/v2\/users\/19247"}],"replies":[{"embeddable":true,"href":"https:\/\/blogs.elcomercio.es\/alguien-tiene-que-decirlo\/wp-json\/wp\/v2\/comments?post=64"}],"version-history":[{"count":1,"href":"https:\/\/blogs.elcomercio.es\/alguien-tiene-que-decirlo\/wp-json\/wp\/v2\/posts\/64\/revisions"}],"predecessor-version":[{"id":65,"href":"https:\/\/blogs.elcomercio.es\/alguien-tiene-que-decirlo\/wp-json\/wp\/v2\/posts\/64\/revisions\/65"}],"wp:attachment":[{"href":"https:\/\/blogs.elcomercio.es\/alguien-tiene-que-decirlo\/wp-json\/wp\/v2\/media?parent=64"}],"wp:term":[{"taxonomy":"category","embeddable":true,"href":"https:\/\/blogs.elcomercio.es\/alguien-tiene-que-decirlo\/wp-json\/wp\/v2\/categories?post=64"},{"taxonomy":"post_tag","embeddable":true,"href":"https:\/\/blogs.elcomercio.es\/alguien-tiene-que-decirlo\/wp-json\/wp\/v2\/tags?post=64"}],"curies":[{"name":"wp","href":"https:\/\/api.w.org\/{rel}","templated":true}]}}