{"id":68,"date":"2019-12-22T18:55:18","date_gmt":"2019-12-22T17:55:18","guid":{"rendered":"https:\/\/blogs.elcomercio.es\/alguien-tiene-que-decirlo\/?p=68"},"modified":"2020-02-07T18:55:40","modified_gmt":"2020-02-07T17:55:40","slug":"greta","status":"publish","type":"post","link":"https:\/\/blogs.elcomercio.es\/alguien-tiene-que-decirlo\/2019\/12\/22\/greta\/","title":{"rendered":"Greta"},"content":{"rendered":"<p>No puedo evitarlo, cada vez que veo la imagen de Greta Thunberg recuerdo a Judy Garland o al benjam\u00edn de los hermanos Jackson, pero sobre todo me acuerdo de Juana de Arco. Aunque ahora est\u00e1 en la cresta de la ola, su juvenil, casi infantil, imagen me evoca un delicado equilibrio entre el \u00e9xito y el desastre.<\/p>\n<p>Greta, leyendo la prensa tuve la sensaci\u00f3n de que cuando se anunci\u00f3 que ven\u00edas a Madrid pareci\u00f3 que la cumbre del clima no era m\u00e1s que la excusa para que la archifamosa activista viniese a Espa\u00f1a, que tu verbo se hiciese carne y habitase entre nosotros, como cuando los Beatles actuaron el La Ventas. El mayor desaf\u00edo de nuestra generaci\u00f3n, por no decir de la historia de la humanidad, parec\u00eda reducirse a escuchar las palabras de una chica colocada en el foco de todas las c\u00e1maras. Greta, creo que antes que una l\u00edder eres una ni\u00f1a; pero no eres como el chaval que descubri\u00f3 que el rey estaba desnudo, porque el problema que denuncias era archisabido cuando el mundo conoci\u00f3 tu carita tras tus insistentes quedadas ante el parlamente sueco. No dijiste nada que no se hubiese dicho antes, no inventaste nada, simplemente dijiste con toda claridad que no pod\u00edas entender por qu\u00e9 se hac\u00eda tan poco por evitar el colapso y lograste movilizar a tu generaci\u00f3n como nunca se hab\u00eda hecho antes con aquella llamada a la \u201cHuelga escolar por el clima\u201d. Por fin los j\u00f3venes se manifestaban por un objetivo que no era hedonista, solo falta que no sea una moda pasajera, un simple gesto, porque hay algo mucho m\u00e1s importante que una toma de postura o la visibilizaci\u00f3n de un problema. Lo m\u00e1s importante, mucho m\u00e1s que tranquilizar la conciencia simulando que hacemos algo, es conseguir ese objetivo.<\/p>\n<p>Est\u00e1 bien atravesar el Atl\u00e1ntico en un velero para no contaminar, pero la mayor\u00eda de los que tienen que hacerlo no pueden dedicar tres semanas a ese viaje y no debemos culpabilizarlos por eso, ni el oc\u00e9ano puede soportar tal trasiego de barcos ecol\u00f3gicos, aunque solo sea por razones de seguridad. Tampoco creo que el vegetarianismo ecum\u00e9nico sea la salvaci\u00f3n para una especie cuyo linaje ha sido omn\u00edvoro durante millones de a\u00f1os. Nos encontramos ante un problema muy grave y no sabemos si los parches nos proporcionar\u00e1n tiempo suficiente para cambiar radicalmente nuestro modelo de vida. Encontrar soluciones pr\u00e1cticas y efectivas es m\u00e1s dif\u00edcil de lo que parece y la repetici\u00f3n de esl\u00f3ganes, lejos de iluminarnos, nos hace cerrar los ojos con m\u00e1s fuerza.<\/p>\n<p>Cuando se filtr\u00f3 que eras autista pude comprender mejor tu actitud: esa determinaci\u00f3n que se inclina hacia el empecinamiento, la radicalidad obsesiva, esa fe sin fisuras, esa capacidad para decir lo que piensas con el desparpajo propio de tu edad, pero dotada de una habilidad argumental de ni\u00f1a prodigio que para nosotros quisi\u00e9ramos muchos adultos. La versi\u00f3n actualizada del ni\u00f1o Jes\u00fas debatiendo con los sabios del Templo. De pronto, una desconocida dej\u00f3 al mundo estupefacto. No es que otros revolucionarios no lo intentasen desde hace d\u00e9cadas, es que la prensa y el activismo ambiental descubri\u00f3 en ti ese mirlo blanco que junta en el mismo cuerpo al Dr. Jekyll y a los chicos de \u00bfQui\u00e9n puede matar a un ni\u00f1o? y se decidieron a convertirte en una nueva Juana de Arco. Ella escuchaba voces interiores que le hablaban de fe, milicia y pol\u00edtica y la impulsaron a una tarea tit\u00e1nica e inveros\u00edmil que, a tu misma edad, la puso al mando de un ej\u00e9rcito. Parec\u00e9is compartir el mismo perfil sicol\u00f3gico y t\u00fa tambi\u00e9n te has convertido, no s\u00e9 si con tu consentimiento o arrastrada por la marea, en una estrella del santoral civil. Espero que los que te animan en tu tarea actual no acaben conduci\u00e9ndote a una hoguera porque para algunos un final \u00e9pico es el mejor destino para una hero\u00edna y para otros puede ser la traca final de un buen espect\u00e1culo medi\u00e1tico.<\/p>\n<p>Me he fijado que tus im\u00e1genes casi nunca te muestran sonriendo, tal vez sea porque sonr\u00edes poco o a lo peor es que en este gran teatro del mundo en el que te has visto envuelta se acomoda mejor un rostro airado. \u00bfQui\u00e9n puede tolerar una sonrisa mientras nos avocamos al desastre? A pesar de que pienso que lo mejor que se puede hacer con tu persona es dejarte tranquila, yo tambi\u00e9n te traigo a esta feria de las vanidades. Te pido perd\u00f3n Greta.<\/p>\n<!-- AddThis Advanced Settings generic via filter on the_content --><!-- AddThis Share Buttons generic via filter on the_content -->","protected":false},"excerpt":{"rendered":"<p>No puedo evitarlo, cada vez que veo la imagen de Greta Thunberg recuerdo a Judy Garland o al benjam\u00edn de los hermanos Jackson, pero sobre todo me acuerdo de Juana de Arco. Aunque ahora est\u00e1 en la cresta de la ola, su juvenil, casi infantil, imagen me evoca un delicado equilibrio entre el \u00e9xito y [&hellip;]<!-- AddThis Advanced Settings generic via filter on get_the_excerpt --><!-- AddThis Share Buttons generic via filter on get_the_excerpt --><\/p>\n","protected":false},"author":19247,"featured_media":0,"comment_status":"open","ping_status":"closed","sticky":false,"template":"","format":"standard","meta":[],"categories":[1],"tags":[],"_links":{"self":[{"href":"https:\/\/blogs.elcomercio.es\/alguien-tiene-que-decirlo\/wp-json\/wp\/v2\/posts\/68"}],"collection":[{"href":"https:\/\/blogs.elcomercio.es\/alguien-tiene-que-decirlo\/wp-json\/wp\/v2\/posts"}],"about":[{"href":"https:\/\/blogs.elcomercio.es\/alguien-tiene-que-decirlo\/wp-json\/wp\/v2\/types\/post"}],"author":[{"embeddable":true,"href":"https:\/\/blogs.elcomercio.es\/alguien-tiene-que-decirlo\/wp-json\/wp\/v2\/users\/19247"}],"replies":[{"embeddable":true,"href":"https:\/\/blogs.elcomercio.es\/alguien-tiene-que-decirlo\/wp-json\/wp\/v2\/comments?post=68"}],"version-history":[{"count":1,"href":"https:\/\/blogs.elcomercio.es\/alguien-tiene-que-decirlo\/wp-json\/wp\/v2\/posts\/68\/revisions"}],"predecessor-version":[{"id":69,"href":"https:\/\/blogs.elcomercio.es\/alguien-tiene-que-decirlo\/wp-json\/wp\/v2\/posts\/68\/revisions\/69"}],"wp:attachment":[{"href":"https:\/\/blogs.elcomercio.es\/alguien-tiene-que-decirlo\/wp-json\/wp\/v2\/media?parent=68"}],"wp:term":[{"taxonomy":"category","embeddable":true,"href":"https:\/\/blogs.elcomercio.es\/alguien-tiene-que-decirlo\/wp-json\/wp\/v2\/categories?post=68"},{"taxonomy":"post_tag","embeddable":true,"href":"https:\/\/blogs.elcomercio.es\/alguien-tiene-que-decirlo\/wp-json\/wp\/v2\/tags?post=68"}],"curies":[{"name":"wp","href":"https:\/\/api.w.org\/{rel}","templated":true}]}}