{"id":77,"date":"2020-03-29T19:13:28","date_gmt":"2020-03-29T17:13:28","guid":{"rendered":"https:\/\/blogs.elcomercio.es\/alguien-tiene-que-decirlo\/?p=77"},"modified":"2020-04-15T19:15:58","modified_gmt":"2020-04-15T17:15:58","slug":"que-va-a-ser-de-mi","status":"publish","type":"post","link":"https:\/\/blogs.elcomercio.es\/alguien-tiene-que-decirlo\/2020\/03\/29\/que-va-a-ser-de-mi\/","title":{"rendered":"\u00a1Qu\u00e9 va a ser de m\u00ed!"},"content":{"rendered":"<p><strong>El triaje est\u00e1 regulado por las comisiones \u00e9ticas de los hospitales, que garantizan que el objetivo sea salvar vidas<\/strong><\/p>\n<p>El 20 de marzo sonaron todas las alarmas, tras conocerse un documento de recomendaciones \u00e9ticas promovido por la Sociedad Espa\u00f1ola de Medicina Intensiva. Desde entonces el asunto corri\u00f3 como la p\u00f3lvora en noticias, art\u00edculos, preguntas en ruedas de prensa y consultas a especialistas. Hubo informaciones que pasaron de la potencia al acto y convirtieron lo que eran unos criterios basados en la \u00e9tica profesional en una alarma generalizada. Muchos entendieron que iban a dejar morir a los pacientes con m\u00e1s de 80 a\u00f1os, otros dieron a entender que ya se estaba haciendo porque las UCI estaban saturadas, hubo incluso quien aprovech\u00f3 otro documento oficial para rebajar el umbral a los 60 a\u00f1os, porque a mayor revuelo mayor reclamo.<\/p>\n<p>Tan solo hace un mes que en el debate sobre la proposici\u00f3n de ley sobre la eutanasia un diputado del PP lleg\u00f3 a decir que con esa ley se pretend\u00eda liberar a la Seguridad Social de la pesada carga de los ancianos, y una diputada de Vox acus\u00f3 al Gobierno de \u00abconvertir el Estado en una m\u00e1quina de matar\u00bb. No es de extra\u00f1ar que muchas personas de edad pensaran que el coronavirus era la gran ocasi\u00f3n para liberarse de ellos o, al menos, dejarlos morir; todo ello potenciado por los odiadores que tanto proliferan durante las crisis. Resulta contradictorio que con el argumento de proteger a los ancianos se les aterrorice.<\/p>\n<p>Las cosas no son as\u00ed, de ning\u00fan modo. Lo \u00fanico que al parecer pretend\u00eda el documento era aclarar los criterios que deb\u00edan aplicarse en la clasificaci\u00f3n de los enfermos en relaci\u00f3n con sus necesidades, lo que en la jerga m\u00e9dica se llama \u2018triaje\u2019. El triaje o cribado es una pr\u00e1ctica m\u00e9dica tan habitual como necesario, para clasificar la gravedad y adecuaci\u00f3n que presenta un paciente y que permite definir la prioridad de la atenci\u00f3n en un servicio de urgencias, en una emergencia sanitaria o simplemente a la hora de elegir qui\u00e9n es la persona id\u00f3nea para un trasplante. Y est\u00e1 regulado por las comisiones \u00e9ticas de los hospitales, que garantizan que el objetivo sea salvar vidas y no acabar con ellas. Como se ha visto con los trasplantes, este protocolo garantiza que no van a dedicar una atenci\u00f3n preferente a alguien rico o famoso en detrimento de quien sea pobre y desconocido. En una situaci\u00f3n l\u00edmite no hay m\u00e1s que una respuesta \u00e9tica a la terrible pregunta de \u2018a qui\u00e9n salvo primero\u2019, tanto si la pregunta se hace de forma insidiosa o de forma honesta. Los amantes del cine recordar\u00e1n un par de pel\u00edculas que tratan sobre esta inquietante cuesti\u00f3n: \u2018N\u00e1ufragos\u2019, de Hitchcock, y \u2018En el coraz\u00f3n del mar\u2019, de Ron Howard. Si prefieren su versi\u00f3n perversa, vean \u2018La decisi\u00f3n de Sophie\u2019, de Alan J. Pakula.<\/p>\n<p>El confinamiento al que estamos sometidos no pretende simplemente impedir que nos contagiemos, sino, sobre todo, evitar la saturaci\u00f3n de las unidades de UCI. En contra de lo que expresan muchos mensajes alentadores, que desean que esto acabe cuanto antes, el confinamiento pretende prolongar la crisis por una raz\u00f3n muy sencilla. Si se consigue alargar la curva de contagios se pueden lograr dos cosas: la primera es que se retrase el temido pico de contagios, dando tiempo, mientras tanto, a producir mascarillas, guantes, respiradores y todas esas cosas que actualmente escasean por razones log\u00edsticas y l\u00f3gicas. Pero lo m\u00e1s importante es que aunque el n\u00famero final de contagiados sea el mismo, dosificando las infecciones a lo largo del tiempo, el pico ser\u00e1 menos intenso, de manera que al disminuir el n\u00famero m\u00e1ximo de infectados en el momento \u00e1lgido, se pretende que este n\u00famero no supere al que el sistema puede atender. De este modo no se sacrificar\u00e1 a nadie por su edad, patolog\u00eda asociada o cualquier riesgo a\u00f1adido. Respiren tranquilos los que tienen m\u00e1s edad.<\/p>\n<p>Esto no se para ni con buen rollo ni con bilis; se para con cabeza y la cabeza es lo que est\u00e1n poniendo, adem\u00e1s del sudor y adrenalina, los profesionales en cuyas manos estamos. Abundar en los aspectos m\u00e1s escabrosos no ayuda a nadie. Preguntar una y otra vez a los responsables, conociendo de antemano que solo hay una respuesta \u00fanica, es cruel, y generalizar la peor situaci\u00f3n al resto del pa\u00eds es insensato.<\/p>\n<!-- AddThis Advanced Settings generic via filter on the_content --><!-- AddThis Share Buttons generic via filter on the_content -->","protected":false},"excerpt":{"rendered":"<p>El triaje est\u00e1 regulado por las comisiones \u00e9ticas de los hospitales, que garantizan que el objetivo sea salvar vidas El 20 de marzo sonaron todas las alarmas, tras conocerse un documento de recomendaciones \u00e9ticas promovido por la Sociedad Espa\u00f1ola de Medicina Intensiva. Desde entonces el asunto corri\u00f3 como la p\u00f3lvora en noticias, art\u00edculos, preguntas en [&hellip;]<!-- AddThis Advanced Settings generic via filter on get_the_excerpt --><!-- AddThis Share Buttons generic via filter on get_the_excerpt --><\/p>\n","protected":false},"author":19247,"featured_media":0,"comment_status":"open","ping_status":"closed","sticky":false,"template":"","format":"standard","meta":[],"categories":[1],"tags":[],"_links":{"self":[{"href":"https:\/\/blogs.elcomercio.es\/alguien-tiene-que-decirlo\/wp-json\/wp\/v2\/posts\/77"}],"collection":[{"href":"https:\/\/blogs.elcomercio.es\/alguien-tiene-que-decirlo\/wp-json\/wp\/v2\/posts"}],"about":[{"href":"https:\/\/blogs.elcomercio.es\/alguien-tiene-que-decirlo\/wp-json\/wp\/v2\/types\/post"}],"author":[{"embeddable":true,"href":"https:\/\/blogs.elcomercio.es\/alguien-tiene-que-decirlo\/wp-json\/wp\/v2\/users\/19247"}],"replies":[{"embeddable":true,"href":"https:\/\/blogs.elcomercio.es\/alguien-tiene-que-decirlo\/wp-json\/wp\/v2\/comments?post=77"}],"version-history":[{"count":1,"href":"https:\/\/blogs.elcomercio.es\/alguien-tiene-que-decirlo\/wp-json\/wp\/v2\/posts\/77\/revisions"}],"predecessor-version":[{"id":78,"href":"https:\/\/blogs.elcomercio.es\/alguien-tiene-que-decirlo\/wp-json\/wp\/v2\/posts\/77\/revisions\/78"}],"wp:attachment":[{"href":"https:\/\/blogs.elcomercio.es\/alguien-tiene-que-decirlo\/wp-json\/wp\/v2\/media?parent=77"}],"wp:term":[{"taxonomy":"category","embeddable":true,"href":"https:\/\/blogs.elcomercio.es\/alguien-tiene-que-decirlo\/wp-json\/wp\/v2\/categories?post=77"},{"taxonomy":"post_tag","embeddable":true,"href":"https:\/\/blogs.elcomercio.es\/alguien-tiene-que-decirlo\/wp-json\/wp\/v2\/tags?post=77"}],"curies":[{"name":"wp","href":"https:\/\/api.w.org\/{rel}","templated":true}]}}