{"id":83,"date":"2020-06-21T13:39:26","date_gmt":"2020-06-21T11:39:26","guid":{"rendered":"https:\/\/blogs.elcomercio.es\/alguien-tiene-que-decirlo\/?p=83"},"modified":"2020-06-24T13:40:05","modified_gmt":"2020-06-24T11:40:05","slug":"no-soy-lo-suficientemente-joven-para-saberlo-todo","status":"publish","type":"post","link":"https:\/\/blogs.elcomercio.es\/alguien-tiene-que-decirlo\/2020\/06\/21\/no-soy-lo-suficientemente-joven-para-saberlo-todo\/","title":{"rendered":"No soy lo suficientemente joven para saberlo todo"},"content":{"rendered":"<p><strong>La ciencia aprendi\u00f3 a utilizar la incertidumbre no como fallo, sino como una fortaleza que le ha permitido avanzar por un camino lento, jalonado de logros que mejoraron, entre otras cosas, el bienestar y la salud de la humanidad<\/strong><\/p>\n<p>La frase no es m\u00eda. La dijo Pedro Miguel Echenique en una entrevista. No le dieron el premio Pr\u00edncipe de Asturias por esta frase, pero retrata tan bien la situaci\u00f3n actual que demuestra que su inteligencia merece haber sido premiada. No fue la \u00fanica frase sobre la que reflexionar, apunto otras dos: \u00abLo que hay que hacer es que los pol\u00edticos no vayan en contra de las evidencias cient\u00edficas, y si pueden ir a favor, mejor\u00bb. Y, finalmente, por si alguien piensa que abogaba por una tecnocracia se\u00f1al\u00f3: \u00abContribuir a una sociedad cient\u00edficamente informada es un logro democr\u00e1tico, porque una sociedad cient\u00edficamente informada es m\u00e1s libre para tomar decisiones eficaces\u00bb.<\/p>\n<p>No hace falta ser vir\u00f3logo ni m\u00e9dico para decir cosas sensatas sobre el Covid-19. La mayor parte de los ciudadanos estamos saturados del mal ejemplo de nuestros diputados en el Congreso, las redes sociales e incluso los medios de comunicaci\u00f3n formales, sin saber qui\u00e9n azuza a qui\u00e9n. Para m\u00ed es un b\u00e1lsamo escuchar las incertidumbres de los cient\u00edficos frente a las certezas, falsas y r\u00edgidas, basadas en supuestos inventados y reforzadas por adjetivos altisonantes. Y es que la ciencia aprendi\u00f3 a utilizar la incertidumbre no como un fallo, sino como una fortaleza que le ha permitido avanzar por un camino lento jalonado de logros que mejoraron, entre otras cosas, el bienestar y la salud de la humanidad.<\/p>\n<p>Uno de los temas m\u00e1s recurrentes de estos meses es se\u00f1alar a qui\u00e9n tiene la culpa de todos los errores reales o supuestos. La ciencia no funciona as\u00ed. El secreto mejor guardado de la ciencia es que el conocimiento cient\u00edfico siempre es provisional. No existen teor\u00edas err\u00f3neas, sino teor\u00edas obsoletas. Una teor\u00eda se mantiene mientras no sea sustituida por otra capaz de inducir menos errores, y el m\u00e9todo cient\u00edfico se basa en el an\u00e1lisis cr\u00edtico que lleva al convencimiento de que la teor\u00eda con menos errores es la que se acerca m\u00e1s a la verdad, porque ning\u00fan cient\u00edfico digno de tal nombre est\u00e1 seguro al 100% de nada. En Biolog\u00eda habitualmente aceptamos que un suceso puede ocurrir solo cuando la probabilidad de que suceda supera el 95%. Puede parecer un nivel de exigencia muy alto, pero eso quiere decir que de cada 100 veces que sucedan cosas, cinco veces no suceder\u00e1 lo que hab\u00edamos esperado y de cada mil casos habremos errado en nuestra predicci\u00f3n 50. En ciencia, y particularmente en las ciencias biom\u00e9dicas, la palabra nunca no existe, por eso la sustituimos por la palabra improbable, porque vivimos inmersos en la incertidumbre y nos han ense\u00f1ado a controlarla, a conocer sus l\u00edmites y a no salirnos de ellos.<\/p>\n<p>No es esto un elogio de la ignorancia, sino una clara distinci\u00f3n entre ignorancia y necedad. La ciencia sigue el principio de Diderot, seg\u00fan el cual \u00abla ignorancia est\u00e1 m\u00e1s cerca de la verdad que el prejuicio\u00bb. Repasen, si no, la mayor\u00eda de las entrevistas hechas a los cient\u00edficos desde que empez\u00f3 la pandemia. Los cient\u00edficos casi nunca est\u00e1n seguros de lo que dicen, los necios s\u00ed, por eso son m\u00e1s atractivos. Tampoco es esto una interpretaci\u00f3n po\u00e9tica de la ciencia, sino una descripci\u00f3n de su funcionamiento.<\/p>\n<p>Es un error pensar que divulgar la cultura cient\u00edfica es difundir sus resultados, porque lo que realmente caracteriza la ciencia es el m\u00e9todo cient\u00edfico como garant\u00eda del conocimiento adquirido. Por eso la ciencia acaba muriendo si no se practica y debemos distinguirla de la erudici\u00f3n, simple acumulaci\u00f3n de conocimientos. El m\u00e9todo es lo m\u00e1s importante porque aunque no impide cometer errores, garantiza sacar provecho de los errores cometidos.<\/p>\n<p>El problema de esta crisis sanitaria es que la sociedad la ha vivido como si fuera una crisis pol\u00edtica y la ha derivado hacia el tipo de confrontaci\u00f3n al que estamos habituados. Es sorprendente que aunque las encuestas insistan en que uno de los principales problemas de este pa\u00eds son los pol\u00edticos, nos dejamos arrastrar por sus debates est\u00e9riles porque no conocemos otro mundo \u00a1Ay Plat\u00f3n, que acertado estuviste con el mito de la caverna! Es triste ver en el Congreso de los Diputados c\u00f3mo para posicionarse en contra de la prolongaci\u00f3n del Estado de Alarma se ha recurrido a argumentos que nada tienen que ver con la pandemia; que se compren abstenciones pagando con leyes laborales; que se saque a relucir un supuesto pasado terrorista del padre de un vicepresidente y que \u00e9ste replique a otro diputado llam\u00e1ndolo golpista. Los turcos siguen a las puertas de Constantinopla mientras nuestros representantes discuten airadamente sobre el sexo de los \u00e1ngeles porque no saben hacer otra cosa. \u00bfNo es mejor mirar alrededor y ver lo que est\u00e1 pasando?<\/p>\n<p>Siempre nos hab\u00edamos lamentado de que la Iglesia hab\u00eda frenado el avance de la ciencia y ahora vemos que quien la frena es la pol\u00edtica. O mejor: la necedad.<\/p>\n<!-- AddThis Advanced Settings generic via filter on the_content --><!-- AddThis Share Buttons generic via filter on the_content -->","protected":false},"excerpt":{"rendered":"<p>La ciencia aprendi\u00f3 a utilizar la incertidumbre no como fallo, sino como una fortaleza que le ha permitido avanzar por un camino lento, jalonado de logros que mejoraron, entre otras cosas, el bienestar y la salud de la humanidad La frase no es m\u00eda. La dijo Pedro Miguel Echenique en una entrevista. No le dieron [&hellip;]<!-- AddThis Advanced Settings generic via filter on get_the_excerpt --><!-- AddThis Share Buttons generic via filter on get_the_excerpt --><\/p>\n","protected":false},"author":19247,"featured_media":0,"comment_status":"open","ping_status":"closed","sticky":false,"template":"","format":"standard","meta":[],"categories":[1],"tags":[],"_links":{"self":[{"href":"https:\/\/blogs.elcomercio.es\/alguien-tiene-que-decirlo\/wp-json\/wp\/v2\/posts\/83"}],"collection":[{"href":"https:\/\/blogs.elcomercio.es\/alguien-tiene-que-decirlo\/wp-json\/wp\/v2\/posts"}],"about":[{"href":"https:\/\/blogs.elcomercio.es\/alguien-tiene-que-decirlo\/wp-json\/wp\/v2\/types\/post"}],"author":[{"embeddable":true,"href":"https:\/\/blogs.elcomercio.es\/alguien-tiene-que-decirlo\/wp-json\/wp\/v2\/users\/19247"}],"replies":[{"embeddable":true,"href":"https:\/\/blogs.elcomercio.es\/alguien-tiene-que-decirlo\/wp-json\/wp\/v2\/comments?post=83"}],"version-history":[{"count":1,"href":"https:\/\/blogs.elcomercio.es\/alguien-tiene-que-decirlo\/wp-json\/wp\/v2\/posts\/83\/revisions"}],"predecessor-version":[{"id":84,"href":"https:\/\/blogs.elcomercio.es\/alguien-tiene-que-decirlo\/wp-json\/wp\/v2\/posts\/83\/revisions\/84"}],"wp:attachment":[{"href":"https:\/\/blogs.elcomercio.es\/alguien-tiene-que-decirlo\/wp-json\/wp\/v2\/media?parent=83"}],"wp:term":[{"taxonomy":"category","embeddable":true,"href":"https:\/\/blogs.elcomercio.es\/alguien-tiene-que-decirlo\/wp-json\/wp\/v2\/categories?post=83"},{"taxonomy":"post_tag","embeddable":true,"href":"https:\/\/blogs.elcomercio.es\/alguien-tiene-que-decirlo\/wp-json\/wp\/v2\/tags?post=83"}],"curies":[{"name":"wp","href":"https:\/\/api.w.org\/{rel}","templated":true}]}}