{"id":88,"date":"2020-09-13T17:36:09","date_gmt":"2020-09-13T15:36:09","guid":{"rendered":"https:\/\/blogs.elcomercio.es\/alguien-tiene-que-decirlo\/?p=88"},"modified":"2020-10-20T17:38:53","modified_gmt":"2020-10-20T15:38:53","slug":"el-busto-del-museo-y-los-esclavos","status":"publish","type":"post","link":"https:\/\/blogs.elcomercio.es\/alguien-tiene-que-decirlo\/2020\/09\/13\/el-busto-del-museo-y-los-esclavos\/","title":{"rendered":"El busto del museo y los esclavos"},"content":{"rendered":"<p><strong>Cuando el museo reabri\u00f3, el dinosaurio no estaba all\u00ed y Sir Hans, tampoco<\/strong><\/p>\n<p>Sir Hans Sloane fue m\u00e9dico y naturalista. Trabaj\u00f3 en Jamaica, all\u00ed recolect\u00f3 animales, plantas y minerales y se cas\u00f3 con la heredera de una plantaci\u00f3n de az\u00facar jamaicana, lo que le permiti\u00f3 aumentar su colecci\u00f3n comprando toda cuanta rareza natural y humana encontr\u00f3. Sucedi\u00f3 a Isaac Newton al frente de la Royal Society. Adem\u00e1s de dedicarse a la medicina y al coleccionismo cient\u00edfico, fue rentista y ampli\u00f3 su patrimonio familiar mediante la inversi\u00f3n inmobiliaria. A su muerte hab\u00eda reunido unas 70.000 piezas que, legadas al pueblo ingl\u00e9s tras una generosa compensaci\u00f3n, formaron el embri\u00f3n del Museo Brit\u00e1nico, el primer museo nacional p\u00fablico del mundo. Siglo y medio m\u00e1s tarde se exhibi\u00f3 en la sala central de su secci\u00f3n de Historia Natural el esqueleto de un enorme diplodocus que fue sustituido, hace dos o tres a\u00f1os, por el de una ballena azul.<\/p>\n<p>El busto de sir Hans fue otra v\u00edctima del covid-19. Presid\u00eda el vest\u00edbulo del Museo Brit\u00e1nico, pero durante el cierre causado por la pandemia fue retirado a una peque\u00f1a sala donde se explica que ya no est\u00e1n tan orgullosos de \u00e9l, porque la mano de obra de su plantaci\u00f3n hab\u00eda sido esclava, as\u00ed que el movimiento \u2018Black lives matter\u2019 apresur\u00f3 con \u00abcierto nivel de urgencia\u00bb la medida, seg\u00fan dijeron sus responsables. Dippy el diplodocus hab\u00eda sido retirado por ser un esqueleto falso, puesto que era una r\u00e9plica de yeso pintado, y a Sloane le pas\u00f3 lo mismo por protagonizar una historia demasiado real. Las contradicciones de la vida nunca dejar\u00e1n de sorprendernos.<\/p>\n<p>La cosa no est\u00e1 mal si no se queda ah\u00ed. Tambi\u00e9n reconocieron que muchas colecciones del museo se formaron gracias al \u00abimperialismo europeo\u00bb, lo que parece insinuar que el mea culpa no acabar\u00e1 con un simple cambio de ubicaci\u00f3n de un busto y una explicaci\u00f3n, pero no s\u00e9 si el \u2018staff\u2019 del museo ha calculado qu\u00e9 les va a quedar si devuelven todo lo que apa\u00f1aron en los pa\u00edses ocupados durante la expansi\u00f3n del imperio, incluida la Piedra Rosetta, los leones alados asirios, los relieves del palacio de Asurbanipal, un moai de la isla de Pascua o los frisos del Parten\u00f3n, y eso que Atenas ni siquiera form\u00f3 parte del Imperio Brit\u00e1nico.<\/p>\n<p>Algunos brit\u00e1nicos empiezan a ser conscientes del lado oscuro de su historia, mientras que nosotros llevamos siglos avergonz\u00e1ndonos hasta de nuestro lado luminoso. \u00bfQu\u00e9 har\u00e1 la Inglaterra profunda, siempre nost\u00e1lgica de su imperio, si sus autoridades culturales deciden devolver todo lo que fue expoliado? Si el proceso iniciado con el traslado de sir Hans es un punto de partida para cambiar el rumbo de la Historia, ser\u00e1 una acci\u00f3n valiente, dif\u00edcil y encomiable, cuyo alcance hoy apenas vislumbramos, pero si queda en un gesto ser\u00e1 una acci\u00f3n frustrante, si no hip\u00f3crita y rid\u00edcula, merecedora de las chanzas y los memes que ya han ido surgiendo. Hace algunos meses escuch\u00e9 a un historiador brit\u00e1nico en una cadena de televisi\u00f3n justificar los ataques de los corsarios ingleses a los galeones espa\u00f1oles porque el oro que tra\u00edan de Am\u00e9rica hab\u00eda sido robado a los ind\u00edgenas americanos. Lo primero que pens\u00e9 fue que igual se me hab\u00eda pasado por alto alg\u00fan detalle del relato hist\u00f3rico y resulta que, como hac\u00eda Robin Hood, hab\u00edan devuelto el oro robado a sus leg\u00edtimos propietarios, pero no, no encontr\u00e9 nada relacionado con eso. Al parecer se lo quedaban bas\u00e1ndose en el principio \u00e9tico de quien roba a un ladr\u00f3n\u2026 Algo igualmente sorprendente sucedi\u00f3 en Barcelona cuando retiraron la estatua del marqu\u00e9s de Comillas por haber sido traficante de esclavos, pero no clausuraron el parque G\u00fcell, dise\u00f1ado por Gaud\u00ed con el dinero procedente del negocio negrero de esa familia, socia del marqu\u00e9s. Se ha postulado recientemente que el capital que financi\u00f3 la industrializaci\u00f3n y el renacimiento cultural catal\u00e1n proced\u00eda del tr\u00e1fico de esclavos o de la utilizaci\u00f3n de la mano de obra esclava, y que ese negocio facilit\u00f3 una v\u00eda r\u00e1pida de ascenso econ\u00f3mico, social y pol\u00edtico. Adem\u00e1s de los G\u00fcell, otros apellidos como los Mas, los Vidal Quadras o los Goytisolo medraron con ese comercio, cuando el tr\u00e1fico esclavista estaba prohibido en Espa\u00f1a y era plenamente ilegal. Reconozcamos tambi\u00e9n, en honor a la verdad, que en aquella \u00e9poca el Gobierno brit\u00e1nico persigui\u00f3 el tr\u00e1fico de esclavos con m\u00e1s ah\u00ednco que el espa\u00f1ol; incluso apres\u00f3 el falucho \u2018Pepito\u2019, capitaneado por el tatarabuelo de Artur Mas, con 312 esclavos a bordo.<\/p>\n<p>Todo est\u00e1 revuelto y si tiramos de cualquier hilo no sabemos si desharemos el vestido. Como siempre, una lectura rotunda, simplista y maniquea de un problema \u00e9ticamente complejo es demasiado f\u00e1cil para ser satisfactoria. Tal vez conozcan la historia del Altar de P\u00e9rgamo, una de las maravillas de la antig\u00fcedad, joya de la Isla de los Museos de Berl\u00edn y hoy reclamado por el Gobierno turco. \u00bfA qui\u00e9n corresponde el derecho de conservarlo? \u00bfA los griegos que lo construyeron? \u00bfA los bizantinos que lo aprovecharon como material de construcci\u00f3n de una muralla? \u00bfA los alemanes que lo descubrieron, se lo compraron al sult\u00e1n turco y lo reconstruyeron en Berl\u00edn? \u00bfDerechos hist\u00f3ricos? \u00bfCompromiso \u00e9tico? \u00bfOportunismo pol\u00edtico? Es malo pensar demasiado, pero es peor no pensar nunca.<\/p>\n<!-- AddThis Advanced Settings generic via filter on the_content --><!-- AddThis Share Buttons generic via filter on the_content -->","protected":false},"excerpt":{"rendered":"<p>Cuando el museo reabri\u00f3, el dinosaurio no estaba all\u00ed y Sir Hans, tampoco Sir Hans Sloane fue m\u00e9dico y naturalista. Trabaj\u00f3 en Jamaica, all\u00ed recolect\u00f3 animales, plantas y minerales y se cas\u00f3 con la heredera de una plantaci\u00f3n de az\u00facar jamaicana, lo que le permiti\u00f3 aumentar su colecci\u00f3n comprando toda cuanta rareza natural y humana [&hellip;]<!-- AddThis Advanced Settings generic via filter on get_the_excerpt --><!-- AddThis Share Buttons generic via filter on get_the_excerpt --><\/p>\n","protected":false},"author":19247,"featured_media":0,"comment_status":"open","ping_status":"closed","sticky":false,"template":"","format":"standard","meta":[],"categories":[1],"tags":[],"_links":{"self":[{"href":"https:\/\/blogs.elcomercio.es\/alguien-tiene-que-decirlo\/wp-json\/wp\/v2\/posts\/88"}],"collection":[{"href":"https:\/\/blogs.elcomercio.es\/alguien-tiene-que-decirlo\/wp-json\/wp\/v2\/posts"}],"about":[{"href":"https:\/\/blogs.elcomercio.es\/alguien-tiene-que-decirlo\/wp-json\/wp\/v2\/types\/post"}],"author":[{"embeddable":true,"href":"https:\/\/blogs.elcomercio.es\/alguien-tiene-que-decirlo\/wp-json\/wp\/v2\/users\/19247"}],"replies":[{"embeddable":true,"href":"https:\/\/blogs.elcomercio.es\/alguien-tiene-que-decirlo\/wp-json\/wp\/v2\/comments?post=88"}],"version-history":[{"count":1,"href":"https:\/\/blogs.elcomercio.es\/alguien-tiene-que-decirlo\/wp-json\/wp\/v2\/posts\/88\/revisions"}],"predecessor-version":[{"id":89,"href":"https:\/\/blogs.elcomercio.es\/alguien-tiene-que-decirlo\/wp-json\/wp\/v2\/posts\/88\/revisions\/89"}],"wp:attachment":[{"href":"https:\/\/blogs.elcomercio.es\/alguien-tiene-que-decirlo\/wp-json\/wp\/v2\/media?parent=88"}],"wp:term":[{"taxonomy":"category","embeddable":true,"href":"https:\/\/blogs.elcomercio.es\/alguien-tiene-que-decirlo\/wp-json\/wp\/v2\/categories?post=88"},{"taxonomy":"post_tag","embeddable":true,"href":"https:\/\/blogs.elcomercio.es\/alguien-tiene-que-decirlo\/wp-json\/wp\/v2\/tags?post=88"}],"curies":[{"name":"wp","href":"https:\/\/api.w.org\/{rel}","templated":true}]}}