{"id":90,"date":"2020-10-11T17:40:47","date_gmt":"2020-10-11T15:40:47","guid":{"rendered":"https:\/\/blogs.elcomercio.es\/alguien-tiene-que-decirlo\/?p=90"},"modified":"2020-10-20T17:43:50","modified_gmt":"2020-10-20T15:43:50","slug":"los-osos-y-la-asturias-vaciada","status":"publish","type":"post","link":"https:\/\/blogs.elcomercio.es\/alguien-tiene-que-decirlo\/2020\/10\/11\/los-osos-y-la-asturias-vaciada\/","title":{"rendered":"Los osos y la Asturias vaciada"},"content":{"rendered":"<p><strong>La principal ventaja de tener osos es que permiten fijar poblaci\u00f3n joven en un medio rural que cada vez ofrece menos oportunidades para vivir de lo que produce la \u00faltima frontera del interior<\/strong><\/p>\n<p>Este verano menudearon las noticias alarmantes sobre los osos que, como siempre, quedaron en agua de borrajas. O casi. El asunto del oso \u2018Llocu\u2019, en Caso, fue tan intenso como breve; ataques al ganado en Cangas del Narcea y osos pase\u00e1ndose por pueblos de Cangas, Ibias y Villablino.<\/p>\n<p>Las interacciones con los seres humanos y sus intereses son un efecto del aumento de su poblaci\u00f3n \u00bfEsto es bueno o malo? Ser\u00e1 bueno si sabemos aprovechar esta circunstancia y ser\u00e1 malo si somos incapaces de hacerlo. Como sucede con cualquier especie potencialmente problem\u00e1tica, su retorno a zonas donde hab\u00eda desaparecido es m\u00e1s traum\u00e1tico que su presencia continuada, solo por el car\u00e1cter perturbador del temor a lo desconocido. El auge del turismo rural, entre los a\u00f1os 80 y 90, ha logrado trasmutar al oso de una alima\u00f1a en un motor econ\u00f3mico de las zonas deprimidas que encadenaban a\u00f1os de ca\u00edda libre en su renta per c\u00e1pita. Pero como todo factor econ\u00f3mico tiene su cara y su cruz, no se pueden aprovechar sus ventajas sin obviar sus inconvenientes. Como todo el mundo sabe, no se puede hacer una tortilla sin cascar los huevos.<\/p>\n<p>Evidentemente, los osos producen da\u00f1os, pero debemos distinguir los reales de los ficticios y evitar titulares llamativos que ni responden a la realidad ni ayudan a los aparentes desamparados. No solo los ganaderos sufren estos problemas, tambi\u00e9n los apicultores, velutinas aparte, pero un comedor de abejas y miel no tiene el gancho de un desenfrenado asesino de vacas. No hay que negar los problemas, sino resolverlos y eso solo se puede hacer con un ba\u00f1o de realidad.<\/p>\n<p>Algunos ganaderos casinos pidieron protecci\u00f3n a la Guardia Civil ante la amenaza de un oso, aquejado por un comportamiento sanguinario que ellos mismo consideraban inhabitual. Comprendo el desasosiego, incluso el miedo que los paisanos que viven de ir al monte puedan sentir de un animal que ciertamente no es un peluche, pero si realmente el oso hubiese enloquecido habr\u00edan continuado sus desmanes y las luctuosas noticias se habr\u00edan mantenido. Afortunadamente, tras aquella primera impresi\u00f3n, desaparecieron, lo que demuestra que el nombre de \u2018Llocu\u2019 no estaba justificado y que las opiniones de los expertos rebajando la alarma eran razonables.<\/p>\n<p>Hay muchas razones para proteger al oso. Los convencidos hablamos del valor de una especie en peligro de extinci\u00f3n por sus funciones ecosist\u00e9micas, del respeto a la naturaleza, de la necesidad \u00e9tica de mantener algo solo porque existe o de su valor cient\u00edfico, por el inter\u00e9s de aumentar nuestro conocimiento sobre lo que nos rodea. Pero \u00bfc\u00f3mo podemos convencer a los esc\u00e9pticos? Para ellos recordaremos sus valores de uso, como el dinero que la gente paga por verlos o por disfrutar unas vacaciones en un sitio en el que la presencia del oso es garant\u00eda de unos valores naturales que queremos compartir y de un ambiente sano. Imag\u00ednenselo: si todas las empresas que utilizan la imagen publicitaria del oso pagasen una tasa por hacerlo, habr\u00eda dinero de sobra para invertirlo en la conservaci\u00f3n osera, pero es una imagen de marca totalmente gratuita. Algunos argumentan que el beneficio de los hosteleros lo pagan los ganaderos, pero eso tambi\u00e9n es una verdad a medias. Un amigo salmantino se preguntaba por qu\u00e9 la ternera asturiana era m\u00e1s cara que la de su tierra. \u00bfEs posible que si no tuvi\u00e9ramos osos los consumidores pagar\u00edan menos por el kilo de ternera asturiana? Tambi\u00e9n se escucha que el dinero destinado a una especie en riesgo de extinci\u00f3n olvida al paisano que tambi\u00e9n est\u00e1 extingui\u00e9ndose. \u00bfAlguien piensa que los fondos que vienen del Estado o de la Uni\u00f3n Europea se los guardan los osos en el bolsillo? La gran mayor\u00eda de estas ayudas econ\u00f3micas ambientales son destinadas a crear empleo local en zonas oseras mediante restauraciones del h\u00e1bitat, desbroces, equipamiento, guarder\u00eda, museos, rehabilitaci\u00f3n del patrimonio cultural o ensayos de nuevas experiencias en estas \u00e1reas.<\/p>\n<p>El inter\u00e9s que despierta la rareza de una especie, as\u00ed como el valor que se le atribuye socialmente, disminuye a medida que su poblaci\u00f3n aumenta y, por tanto, es posible que el aprecio al oso sea ahora menor que cuando eran m\u00e1s escasos.<\/p>\n<p>Era esperable que al crecer la poblaci\u00f3n aumentasen inevitablemente los conflictos, pero la principal ventaja de tener osos es que permiten fijar poblaci\u00f3n joven en un medio rural que cada vez ofrece menos oportunidades para vivir de lo que produce la \u00faltima frontera del interior. Tenemos que activar nuestros puntos fuertes y el oso es uno de ellos, un reclamo y un atractivo del que carecen otras comunidades aut\u00f3nomas.<\/p>\n<p>\u00bfCu\u00e1nto se beneficia Asturias de la imagen generada por el oso como protagonista de libros, folletos y documentales que difunden una imagen favorable del Principado por todo el mundo? Uno<br \/>\nde nuestros grandes defectos, limitador de nuestro bienestar y de nuestro desarrollo, es mirar alrededor con luces cortas, contemplando solo nuestro inter\u00e9s directo e inmediato, dando m\u00e1s valor al sentimiento que a la reflexi\u00f3n.<\/p>\n<p>Nuestra naturaleza ha evitado la ca\u00edda tur\u00edstica este \u00faltimo verano. Al margen de la costa, destac\u00f3 la ocupaci\u00f3n hotelera en Cangas del Narcea y Somiedo, concejos oseros por excelencia. A mediados del siglo XX habr\u00edamos dicho que los osos eran una de las causas del incipiente vaciado del campo, hoy son una de las causas que ayudan a evitarlo.<\/p>\n<!-- AddThis Advanced Settings generic via filter on the_content --><!-- AddThis Share Buttons generic via filter on the_content -->","protected":false},"excerpt":{"rendered":"<p>La principal ventaja de tener osos es que permiten fijar poblaci\u00f3n joven en un medio rural que cada vez ofrece menos oportunidades para vivir de lo que produce la \u00faltima frontera del interior Este verano menudearon las noticias alarmantes sobre los osos que, como siempre, quedaron en agua de borrajas. O casi. El asunto del [&hellip;]<!-- AddThis Advanced Settings generic via filter on get_the_excerpt --><!-- AddThis Share Buttons generic via filter on get_the_excerpt --><\/p>\n","protected":false},"author":19247,"featured_media":0,"comment_status":"open","ping_status":"closed","sticky":false,"template":"","format":"standard","meta":[],"categories":[1],"tags":[],"_links":{"self":[{"href":"https:\/\/blogs.elcomercio.es\/alguien-tiene-que-decirlo\/wp-json\/wp\/v2\/posts\/90"}],"collection":[{"href":"https:\/\/blogs.elcomercio.es\/alguien-tiene-que-decirlo\/wp-json\/wp\/v2\/posts"}],"about":[{"href":"https:\/\/blogs.elcomercio.es\/alguien-tiene-que-decirlo\/wp-json\/wp\/v2\/types\/post"}],"author":[{"embeddable":true,"href":"https:\/\/blogs.elcomercio.es\/alguien-tiene-que-decirlo\/wp-json\/wp\/v2\/users\/19247"}],"replies":[{"embeddable":true,"href":"https:\/\/blogs.elcomercio.es\/alguien-tiene-que-decirlo\/wp-json\/wp\/v2\/comments?post=90"}],"version-history":[{"count":1,"href":"https:\/\/blogs.elcomercio.es\/alguien-tiene-que-decirlo\/wp-json\/wp\/v2\/posts\/90\/revisions"}],"predecessor-version":[{"id":91,"href":"https:\/\/blogs.elcomercio.es\/alguien-tiene-que-decirlo\/wp-json\/wp\/v2\/posts\/90\/revisions\/91"}],"wp:attachment":[{"href":"https:\/\/blogs.elcomercio.es\/alguien-tiene-que-decirlo\/wp-json\/wp\/v2\/media?parent=90"}],"wp:term":[{"taxonomy":"category","embeddable":true,"href":"https:\/\/blogs.elcomercio.es\/alguien-tiene-que-decirlo\/wp-json\/wp\/v2\/categories?post=90"},{"taxonomy":"post_tag","embeddable":true,"href":"https:\/\/blogs.elcomercio.es\/alguien-tiene-que-decirlo\/wp-json\/wp\/v2\/tags?post=90"}],"curies":[{"name":"wp","href":"https:\/\/api.w.org\/{rel}","templated":true}]}}