{"id":92,"date":"2020-10-02T17:52:15","date_gmt":"2020-10-02T15:52:15","guid":{"rendered":"https:\/\/blogs.elcomercio.es\/alguien-tiene-que-decirlo\/?p=92"},"modified":"2020-10-20T17:55:14","modified_gmt":"2020-10-20T15:55:14","slug":"el-suicidio-de-las-ballenas","status":"publish","type":"post","link":"https:\/\/blogs.elcomercio.es\/alguien-tiene-que-decirlo\/2020\/10\/02\/el-suicidio-de-las-ballenas\/","title":{"rendered":"El suicidio de las ballenas"},"content":{"rendered":"<p><strong>Hemos echado la culpa a las maniobras militares, al s\u00f3nar de los barcos y a otra docena de hip\u00f3tesis, pero cuando recurrimos a tantas hip\u00f3tesis es porque ninguna sirve<\/strong><\/p>\n<p>A las 18.26 recib\u00ed una llamada. Mi mujer hab\u00eda ido a caminar por la senda de El Tranqueru, en Perlora y me llam\u00f3 para ponerme los dientes largos. \u00abEstoy viendo un grupo de unos doce calderones muy cerca de la costa\u00bb. Le pareci\u00f3 que ten\u00edan un comportamiento raro: apenas se mov\u00edan y tem\u00eda que fuesen a acabar varando. Le quit\u00e9 importancia, pero a\u00f1adi\u00f3 que hab\u00eda un guarda de Medio Ambiente y un veh\u00edculo de la Guardia Civil que parec\u00edan vigilarlos. A las nueve me llam\u00f3 un amigo, funcionario del Principado, que aunque sabe que ya no tengo que ver con los cet\u00e1ceos, tambi\u00e9n sabe lo que me siguen interesando. Me coment\u00f3 que hab\u00edan varado 14 calderones cerca de Perlora. \u00abVaya marr\u00f3n que os cay\u00f3\u00bb, le dije, pensando que hiciesen lo que hiciesen les iban a llover las cr\u00edticas porque una situaci\u00f3n tan dram\u00e1tica es campo abonado para los amantes del \u2018\u00a1Sab\u00edalo yo!\u2019. Conoc\u00eda perfectamente que estas situaciones, pese a los esfuerzos, se saldan siempre con un mont\u00f3n de cet\u00e1ceos muertos.<\/p>\n<p>Al d\u00eda siguiente nos acercamos. Sal\u00eda de casa cuando recib\u00ed otra llamada de un compa\u00f1ero, de la Universidad de Valencia especialista en parasitolog\u00eda de cet\u00e1ceos. Se hab\u00eda enterado del varamiento y estaba dispuesto a enviar gente para colaborar en la investigaci\u00f3n, pero no sab\u00eda a qui\u00e9n dirigirse para concretarlo. Llamadas van y llamadas vienen, finalmente contactaron las distintas partes: el responsable del Principado, encantado con el apoyo, y los valencianos que acumular\u00edan una nueva experiencia para conocer el por qu\u00e9 de estos sucesos, imprevisibles, llamativos y traum\u00e1ticos, que siempre te pillan a contrapi\u00e9. Poco a poco se fueron resolviendo los problemas log\u00edsticos: no es f\u00e1cil hacerse cargo sobre la marcha de tantos bichos de varias toneladas, intentar que los supervivientes sigan si\u00e9ndolo o averiguar si tal muerte estuvo motivada por alguna causa org\u00e1nica. Hacer en definitiva una necropsia contra reloj, \u00f3rgano a \u00f3rgano, de un mont\u00f3n de enormes animales, porque no hay espacios ociosos disponibles a la espera de que suceda un hecho tan fortuito. Finalmente, mientras unos trataban de convencer a los d\u00edscolos supervivientes de que no varasen se organizaron para el d\u00eda siguiente disecciones expr\u00e9s en el lugar que se pudo. S\u00f3lo se dispon\u00eda de unas horas para hacerlo. Se reuni\u00f3 en una ma\u00f1ana un equipo de una decena de veterinarios y bi\u00f3logos de diversos organismos p\u00fablicos y de las universidades de Le\u00f3n y de Valencia, dispuestos a trabajar a toda prisa. Solo un ejemplo: tres profesores viajaron toda la noche desde Valencia para estar en el tajo a las 9 de la ma\u00f1ana en Asturias. Nadie cobr\u00f3 horas extras. La ministra para la Transici\u00f3n Ecol\u00f3gica manifest\u00f3 en su cuenta oficial de Twitter estar \u00abPreocupada por el masivo varamiento de #calderones en Carre\u00f1o. Un episodio que se suma a los de hace unos d\u00edas en Australia.<\/p>\n<p>Muchos interrogantes abiertos sobre por qu\u00e9 quedan all\u00ed y no salen. @mitecogob ya en contacto con @GobAsturias\u00bb. Ya les gustar\u00eda a los cet\u00f3logos poder explicar por qu\u00e9 animales que viven pl\u00e1cidamente en el mar, un d\u00eda deciden nadar hacia tierra en contra de toda l\u00f3gica. Hemos echado la culpa a las maniobras militares, al s\u00f3nar de los barcos y a otra docena de hip\u00f3tesis, pero cuando recurrimos a tantas hip\u00f3tesis es porque ninguna sirve. Pero esto ha venido sucediendo durante siglos. El primer caso documentado en Asturias fue narrado por Jovellanos hace 225 a\u00f1os, cuando presenci\u00f3 el varamiento de 400 o 500 falsas orcas, similares a estos calderones, en la playa del Arbeyal. Cinco a\u00f1os m\u00e1s tarde, 138 vararon en Nueva de Llanes. La playa de San Lorenzo de Gij\u00f3n se cubri\u00f3 en 1857 de tantos cuerpos de otras falsas orcas que movieron a Eulalia de Llanos a componer una eleg\u00eda titulada \u2018Los cet\u00e1ceos\u2019, de la que entresacamos estos versos:<\/p>\n<p>Eran en muchedumbre tan crecida \/ como las hijas de frondosa acacia \/ sus negras moles en la rubia arena \/ daban al alma sorprendente pena.<\/p>\n<p>El d\u00eda de los inocentes de 1984, mi mujer y yo contemplamos un espect\u00e1culo sobrecogedor en los acantilados Llaniscos. Dos calderones tropicales, como los de Carre\u00f1o, arremet\u00edan una y otra vez contra las rocas verticales. Con las cabezas sangrantes se alejaban lentamente tras cada embestida para volver de nuevo a cargar contra el acantilado. A veces, exhaustos, yac\u00edan un breve rato mostrando su vientre para retomar a continuaci\u00f3n su insistente contumacia hasta que lleg\u00f3 la noche. Al d\u00eda siguiente aparecieron muertos en la playa de El Sabl\u00f3n.<\/p>\n<p>Desde 1760 y hasta 2013 hemos recopilado 10 varamientos masivos en el mar Cant\u00e1brico. Algunos se ajustaban a alguna de las explicaciones dadas por los cient\u00edficos, otros no. Llevamos 300 a\u00f1os tratando de explicar este hecho tan extra\u00f1o, pero estamos lejos de conseguirlo. \u00bfPor qu\u00e9 unas especies lo hacen, mientras que otras, muy parecidas, no? Estos varamientos en masa apenas dejan supervivientes. Los profesionales que intervinieron en el rescate lo sab\u00edan, como sab\u00edan que iban a ser objeto de una maledicencia fr\u00edvola. Naturalmente hubo cr\u00edticas por una supuesta inacci\u00f3n de las administraciones y uno se pregunta si la continua demanda de servicios p\u00fablicos no ser\u00e1 m\u00e1s que una excusa para descargar nuestra frustraci\u00f3n sobre los funcionarios, que nunca est\u00e1n cuando se les necesita. Pero s\u00ed estaban. A veces somos injustos porque no sabemos ser de otra manera<\/p>\n<!-- AddThis Advanced Settings generic via filter on the_content --><!-- AddThis Share Buttons generic via filter on the_content -->","protected":false},"excerpt":{"rendered":"<p>Hemos echado la culpa a las maniobras militares, al s\u00f3nar de los barcos y a otra docena de hip\u00f3tesis, pero cuando recurrimos a tantas hip\u00f3tesis es porque ninguna sirve A las 18.26 recib\u00ed una llamada. Mi mujer hab\u00eda ido a caminar por la senda de El Tranqueru, en Perlora y me llam\u00f3 para ponerme los [&hellip;]<!-- AddThis Advanced Settings generic via filter on get_the_excerpt --><!-- AddThis Share Buttons generic via filter on get_the_excerpt --><\/p>\n","protected":false},"author":19247,"featured_media":0,"comment_status":"open","ping_status":"closed","sticky":false,"template":"","format":"standard","meta":[],"categories":[1],"tags":[],"_links":{"self":[{"href":"https:\/\/blogs.elcomercio.es\/alguien-tiene-que-decirlo\/wp-json\/wp\/v2\/posts\/92"}],"collection":[{"href":"https:\/\/blogs.elcomercio.es\/alguien-tiene-que-decirlo\/wp-json\/wp\/v2\/posts"}],"about":[{"href":"https:\/\/blogs.elcomercio.es\/alguien-tiene-que-decirlo\/wp-json\/wp\/v2\/types\/post"}],"author":[{"embeddable":true,"href":"https:\/\/blogs.elcomercio.es\/alguien-tiene-que-decirlo\/wp-json\/wp\/v2\/users\/19247"}],"replies":[{"embeddable":true,"href":"https:\/\/blogs.elcomercio.es\/alguien-tiene-que-decirlo\/wp-json\/wp\/v2\/comments?post=92"}],"version-history":[{"count":1,"href":"https:\/\/blogs.elcomercio.es\/alguien-tiene-que-decirlo\/wp-json\/wp\/v2\/posts\/92\/revisions"}],"predecessor-version":[{"id":93,"href":"https:\/\/blogs.elcomercio.es\/alguien-tiene-que-decirlo\/wp-json\/wp\/v2\/posts\/92\/revisions\/93"}],"wp:attachment":[{"href":"https:\/\/blogs.elcomercio.es\/alguien-tiene-que-decirlo\/wp-json\/wp\/v2\/media?parent=92"}],"wp:term":[{"taxonomy":"category","embeddable":true,"href":"https:\/\/blogs.elcomercio.es\/alguien-tiene-que-decirlo\/wp-json\/wp\/v2\/categories?post=92"},{"taxonomy":"post_tag","embeddable":true,"href":"https:\/\/blogs.elcomercio.es\/alguien-tiene-que-decirlo\/wp-json\/wp\/v2\/tags?post=92"}],"curies":[{"name":"wp","href":"https:\/\/api.w.org\/{rel}","templated":true}]}}