{"id":10667,"date":"2018-09-23T18:56:51","date_gmt":"2018-09-23T16:56:51","guid":{"rendered":"https:\/\/blogs.elcomercio.es\/campoyplayu\/?p=10667"},"modified":"2018-09-23T18:56:51","modified_gmt":"2018-09-23T16:56:51","slug":"tomates-pimientos-y-jabalis","status":"publish","type":"post","link":"https:\/\/blogs.elcomercio.es\/campoyplayu\/2018\/09\/23\/tomates-pimientos-y-jabalis\/","title":{"rendered":"Tomates, pimientos&#8230; y jabal\u00eds"},"content":{"rendered":"<p><strong>All\u00e1 por mayo y junio, en el campo gijon\u00e9s reinaba la incertidumbre. El tiempo era adverso y las huertas, se tem\u00eda, no prender\u00edan como era debido. Sin embargo, en julio y agosto, sin tirar voladores, las temperaturas fueron c\u00e1lidas y hoy, en las postrimer\u00edas de su vida \u00fatil, casi todos los plantadores de bien siguen recogiendo hermosos tomates, pimientos, calabacines, pepinos, lechugas, perejil&#8230; Empez\u00f3 todo tarde, pero ahora, templado septiembre, contin\u00faa la fase de recolecci\u00f3n. Es a\u00f1o malo para la manzana. Muchos pomares est\u00e1n en los huesos. Y esto da a\u00fan m\u00e1s vida si cabe a la traca final de los huertos.<br \/>\n<\/strong><br \/>\n<strong><a href=\"https:\/\/static-blogs.elcomercio.es\/wp-content\/uploads\/sites\/42\/2018\/09\/tomates-redux.jpg\"><img loading=\"lazy\" class=\"alignleft size-medium wp-image-10668\" src=\"https:\/\/static-blogs.elcomercio.es\/wp-content\/uploads\/sites\/42\/2018\/09\/tomates-redux-169x300.jpg\" alt=\"tomates-redux\" width=\"169\" height=\"300\" srcset=\"https:\/\/static-blogs.elcomercio.es\/wp-content\/uploads\/sites\/42\/2018\/09\/tomates-redux-169x300.jpg 169w, https:\/\/static-blogs.elcomercio.es\/wp-content\/uploads\/sites\/42\/2018\/09\/tomates-redux-576x1024.jpg 576w, https:\/\/static-blogs.elcomercio.es\/wp-content\/uploads\/sites\/42\/2018\/09\/tomates-redux.jpg 767w\" sizes=\"(max-width: 169px) 100vw, 169px\" \/><\/a>Entonces, de un d\u00eda para otro, llega una visita inesperada. El prao aparece fozao por varias partes. El vecino avisa: durante tres noches consecutivas, sus chuchos no han dejado de ladrar. Al final, decidi\u00f3 asomarse y all\u00ed estaban en mitad del camino un gran jabal\u00ed, se supone hembra, y siete rayones campando a sus anchas sin inmutarse por los perros ni por su due\u00f1o, al constatar que los primeros no pod\u00edan salir de su vallado. Se metieron al prao de enfrente por un roto del cierre y all\u00ed se dedicaron pl\u00e1cidamente a destrozar la cuidada l\u00e1mina de hierba para llegar hasta sus preciadas ra\u00edces. La huerta, ni caso. Las manzanas del suelo, ni caso. Ellos, al colmillo. \u00abHay que darles un susto\u00bb, fue el consejo un\u00e1nime recibido. El damnificado estuvo varias veces ante jabal\u00eds en el monte;en una ocasi\u00f3n diecis\u00e9is a escasos metros; y \u00e9stos siempre se las piraron r\u00e1pidamente tras el encontronazo. De ah\u00ed que el primer pensamiento sea guarecerse y salir a la carrera como un energ\u00fameno fesoria en mano gritando desaforadamente. Pero no se lo recomiendan. Algo parecido hizo un amigo de un amigo y acab\u00f3 en el hospital con una aver\u00eda en una pierna. El susto ideal, prosiguen los te\u00f3ricos, es el tiro al aire. Pero para eso hace falta charrasca; y no es el caso.<br \/>\n<\/strong><br \/>\n<strong>EL COMERCIO del pasado mi\u00e9rcoles aport\u00f3 una buena idea. Aparece un concejal en calzones deportivos practicando boxeo como si a\u00fan fuera moc\u00edn. El afectado por el jabal\u00ed rememora los \u2018Asterix y Obelix\u2019 de la infancia y esa facilidad con la que iban amontonando cad\u00e1veres, de jabal\u00eds o de romanos, a base de simples pu\u00f1etazos. Se plantea lanzar una oferta irrenunciable al edil. Ap\u00f3stese, derr\u00edbelos y luego, si gusta, c\u00f3maselos. A qui\u00e9n le importan siete menos en una tierra astur donde hay m\u00e1s de cien mil. Pero ah\u00ed aparece la pu\u00f1etera y est\u00fapida ley, con sus cupos y sus plazos hasta para acabar con esta aut\u00e9ntica plaga. La soluci\u00f3n pac\u00edfica es arreglar el vallado y comprobar c\u00f3mo ya no fozan en su prao sino en el de otro vec\u00edn un poco m\u00e1s all\u00e1 que deber\u00e1 a su vez reparar su cierre y as\u00ed sucesivamente hasta llegar a la calle Corrida.<br \/>\n<\/strong><br \/>\n<strong>Tras el desenga\u00f1o de los \u2018Asterix y Obelix\u2019, pues el jabal\u00ed que parec\u00eda tan apetitoso en los tebeos era en realidad una carne tosca cuando la tuvo en el plato, el sufrido hombre de campo prefiere ali\u00f1ar su tomate Mari\u00f1\u00e1n, a\u00f1adirle virutas de pimiento picante y sentirse en paz con la naturaleza, aunque \u00e9sta tenga colmillos y foce con nocturnidad y alevos\u00eda.<\/strong><\/p>\n<p>(Publicado en EL COMERCIO el viernes 21 de septiembre de 2018)<\/p>\n<!-- AddThis Advanced Settings generic via filter on the_content --><!-- AddThis Share Buttons generic via filter on the_content -->","protected":false},"excerpt":{"rendered":"<p>All\u00e1 por mayo y junio, en el campo gijon\u00e9s reinaba la incertidumbre. El tiempo era adverso y las huertas, se tem\u00eda, no prender\u00edan como era debido. Sin embargo, en julio y agosto, sin tirar voladores, las temperaturas fueron c\u00e1lidas y hoy, en las postrimer\u00edas de su vida \u00fatil, casi todos los plantadores de bien siguen [&hellip;]<!-- AddThis Advanced Settings generic via filter on get_the_excerpt --><!-- AddThis Share Buttons generic via filter on get_the_excerpt --><\/p>\n","protected":false},"author":41,"featured_media":0,"comment_status":"open","ping_status":"closed","sticky":false,"template":"","format":"standard","meta":[],"categories":[7],"tags":[],"_links":{"self":[{"href":"https:\/\/blogs.elcomercio.es\/campoyplayu\/wp-json\/wp\/v2\/posts\/10667"}],"collection":[{"href":"https:\/\/blogs.elcomercio.es\/campoyplayu\/wp-json\/wp\/v2\/posts"}],"about":[{"href":"https:\/\/blogs.elcomercio.es\/campoyplayu\/wp-json\/wp\/v2\/types\/post"}],"author":[{"embeddable":true,"href":"https:\/\/blogs.elcomercio.es\/campoyplayu\/wp-json\/wp\/v2\/users\/41"}],"replies":[{"embeddable":true,"href":"https:\/\/blogs.elcomercio.es\/campoyplayu\/wp-json\/wp\/v2\/comments?post=10667"}],"version-history":[{"count":1,"href":"https:\/\/blogs.elcomercio.es\/campoyplayu\/wp-json\/wp\/v2\/posts\/10667\/revisions"}],"predecessor-version":[{"id":10669,"href":"https:\/\/blogs.elcomercio.es\/campoyplayu\/wp-json\/wp\/v2\/posts\/10667\/revisions\/10669"}],"wp:attachment":[{"href":"https:\/\/blogs.elcomercio.es\/campoyplayu\/wp-json\/wp\/v2\/media?parent=10667"}],"wp:term":[{"taxonomy":"category","embeddable":true,"href":"https:\/\/blogs.elcomercio.es\/campoyplayu\/wp-json\/wp\/v2\/categories?post=10667"},{"taxonomy":"post_tag","embeddable":true,"href":"https:\/\/blogs.elcomercio.es\/campoyplayu\/wp-json\/wp\/v2\/tags?post=10667"}],"curies":[{"name":"wp","href":"https:\/\/api.w.org\/{rel}","templated":true}]}}