{"id":10675,"date":"2018-10-05T18:30:46","date_gmt":"2018-10-05T16:30:46","guid":{"rendered":"https:\/\/blogs.elcomercio.es\/campoyplayu\/?p=10675"},"modified":"2018-10-06T11:28:38","modified_gmt":"2018-10-06T09:28:38","slug":"gustos-paradisiacos","status":"publish","type":"post","link":"https:\/\/blogs.elcomercio.es\/campoyplayu\/2018\/10\/05\/gustos-paradisiacos\/","title":{"rendered":"Gustos Paradis\u00edacos"},"content":{"rendered":"<p><strong>Parece imposible de creer, pero es as\u00ed. Ni Jos\u00e9 Luis \u00c1lvarez (1950) ni Chema Casta\u00f1\u00f3n (1954) tienen m\u00f3vil, acaso una raz\u00f3n m\u00e1s para que Paradiso pueda etiquetarse, sin duda, como la librer\u00eda-disquer\u00eda m\u00e1s aut\u00e9nticamente genuina de la ciudad. O para que ambos cultiven su pasi\u00f3n compartida por la m\u00fasica y la literatura con un poco m\u00e1s de tiempo, y sabidur\u00eda, que los dem\u00e1s. \u00bfQu\u00e9 leen, qu\u00e9 escuchan, cu\u00e1les son los gustos de estos dos gijoneses ilustrados de la calle La Merced que reconocen funcionar, 40 a\u00f1os despu\u00e9s, casi \u00abcomo un matrimonio bien avenido\u00bb que apenas necesita hablar para entenderse? La indagaci\u00f3n no tiene desperdicio.<br \/>\n<\/strong><br \/>\n<a href=\"https:\/\/static-blogs.elcomercio.es\/wp-content\/uploads\/sites\/42\/2018\/10\/parad-redux-1.jpg\"><img loading=\"lazy\" class=\"alignleft size-large wp-image-10677\" src=\"https:\/\/static-blogs.elcomercio.es\/wp-content\/uploads\/sites\/42\/2018\/10\/parad-redux-1-1024x576.jpg\" alt=\"parad-redux-1\" width=\"1024\" height=\"576\" srcset=\"https:\/\/static-blogs.elcomercio.es\/wp-content\/uploads\/sites\/42\/2018\/10\/parad-redux-1-1024x576.jpg 1024w, https:\/\/static-blogs.elcomercio.es\/wp-content\/uploads\/sites\/42\/2018\/10\/parad-redux-1-300x169.jpg 300w, https:\/\/static-blogs.elcomercio.es\/wp-content\/uploads\/sites\/42\/2018\/10\/parad-redux-1-768x432.jpg 768w, https:\/\/static-blogs.elcomercio.es\/wp-content\/uploads\/sites\/42\/2018\/10\/parad-redux-1.jpg 1363w\" sizes=\"(max-width: 1024px) 100vw, 1024px\" \/><\/a><strong>Era Jos\u00e9 Luis estudiante, apenas un ni\u00f1o, cuando su padre decidi\u00f3 regalarle un tocadiscos. La compra implicaba la elecci\u00f3n de tres elep\u00e9s y el primero elegido fue uno de Cliff Richard. Ah\u00ed empez\u00f3 todo. Jos\u00e9 Luis estudi\u00f3 Perito y Profesor Mercantil en la Escuela de Comercio, donde convivi\u00f3 con integrantes de Los Surcos, Los Br\u00edos y m\u00e1s gente de la movida de entonces. Tambi\u00e9n fue cantautor \u00abde estilo pre-sabiniano\u00bb. La experiencia result\u00f3 breve. Un concierto en el Mar\u00eda Cristina, otro en Gesto, dos en Madrid y colg\u00f3 la guitarra. Aquello requer\u00eda dedicaci\u00f3n completa y, a\u00fan as\u00ed, el resultado ser\u00eda incierto. Entonces, corr\u00eda 1976, abri\u00f3 Paradiso en Cimavilla y a los dos a\u00f1os se traslad\u00f3 al santuario de La Merced, donde <a href=\"https:\/\/static-blogs.elcomercio.es\/wp-content\/uploads\/sites\/42\/2018\/10\/paradiso-6-REDUZXXXX.jpg\"><img loading=\"lazy\" class=\"alignleft size-medium wp-image-10678\" src=\"https:\/\/static-blogs.elcomercio.es\/wp-content\/uploads\/sites\/42\/2018\/10\/paradiso-6-REDUZXXXX-300x169.jpg\" alt=\"paradiso-6-reduzxxxx\" width=\"300\" height=\"169\" srcset=\"https:\/\/static-blogs.elcomercio.es\/wp-content\/uploads\/sites\/42\/2018\/10\/paradiso-6-REDUZXXXX-300x169.jpg 300w, https:\/\/static-blogs.elcomercio.es\/wp-content\/uploads\/sites\/42\/2018\/10\/paradiso-6-REDUZXXXX-768x432.jpg 768w, https:\/\/static-blogs.elcomercio.es\/wp-content\/uploads\/sites\/42\/2018\/10\/paradiso-6-REDUZXXXX-1024x576.jpg 1024w, https:\/\/static-blogs.elcomercio.es\/wp-content\/uploads\/sites\/42\/2018\/10\/paradiso-6-REDUZXXXX.jpg 1363w\" sizes=\"(max-width: 300px) 100vw, 300px\" \/><\/a>contin\u00faa cuatro d\u00e9cadas despu\u00e9s con sus pausadas maneras y unos gustos acu\u00f1ados en otro tiempo a los que jam\u00e1s renunciar\u00e1. \u00abYo vengo de la \u00e9poca hippie\u00bb, proclama. A Jos\u00e9 Luis le marcaron los Beatles. \u00abEs el grupo de mi vida, el que m\u00e1s escuch\u00e9. Surgi\u00f3 en el momento adecuado y fue el m\u00e1s creativo\u00bb. Si tuviera que elegir un disco, se quedar\u00eda sin embargo con el \u2018Freewhelin\u2019 de Dylan en un \u2018hit parade\u2019 que completa con T-Bone Walker, Otis Redding, Nina Simone, Jaume Sisa, Vainica Doble, Violeta Parra, Camar\u00f3n, y C\u00e1novas, Rodrigo, Adolfo y Guzm\u00e1n. Estos son los m\u00fasicos que le marcaron, aunque hoy ande enfrascado en nuevos descubrimientos (el \u00faltimo Sufjan Stevens) mientras despacha elep\u00e9s en Paradiso, visita el Rastro cada domingo o est\u00e1 en el \u00abrefugio\u00bb de su casa, esa habitaci\u00f3n \u2018zen\u2019 donde guarda con mimo su colecci\u00f3n de vinilos (ced\u00e9s pocos). Ah\u00ed es donde al padre de Mar y Alicia, las Pauline en la Playa, le gusta recogerse un rato a diario, escuchar m\u00fasica a un volumen discreto (\u00abvoy a cumplir 68&#8230;\u00bb) o, simplemente, estar.<br \/>\n<\/strong><br \/>\n<a href=\"https:\/\/static-blogs.elcomercio.es\/wp-content\/uploads\/sites\/42\/2018\/10\/paradiso-redux-3.jpg\"><img loading=\"lazy\" class=\"alignleft size-full wp-image-10679\" src=\"https:\/\/static-blogs.elcomercio.es\/wp-content\/uploads\/sites\/42\/2018\/10\/paradiso-redux-3.jpg\" alt=\"paradiso-redux-3\" width=\"385\" height=\"259\" srcset=\"https:\/\/static-blogs.elcomercio.es\/wp-content\/uploads\/sites\/42\/2018\/10\/paradiso-redux-3.jpg 385w, https:\/\/static-blogs.elcomercio.es\/wp-content\/uploads\/sites\/42\/2018\/10\/paradiso-redux-3-300x202.jpg 300w\" sizes=\"(max-width: 385px) 100vw, 385px\" \/><\/a><a href=\"https:\/\/static-blogs.elcomercio.es\/wp-content\/uploads\/sites\/42\/2018\/10\/parad-redux-2.jpg\"><img loading=\"lazy\" class=\"alignleft size-thumbnail wp-image-10680\" src=\"https:\/\/static-blogs.elcomercio.es\/wp-content\/uploads\/sites\/42\/2018\/10\/parad-redux-2-150x150.jpg\" alt=\"parad-redux-2\" width=\"150\" height=\"150\" \/><\/a><strong>Tras Julio Verne, Karl May y otras andaduras juveniles, Chema se adentr\u00f3 en la literatura picoteando en aquellas \u00abtentaciones\u00bb que le enviaban los editores a su padre, Luciano Casta\u00f1\u00f3n, en su condici\u00f3n de cr\u00edtico literario. De aquellas \u00abgolosinas\u00bb pas\u00f3 casi directamente a Paradiso en 1979 tras un par\u00e9ntesis para licenciarse en Historia y hacer la mili. Y all\u00ed sigue. Con la literatura como profesi\u00f3n y pasi\u00f3n, a la que entrega las tardes libres y todas las noches despu\u00e9s de cenar, hasta que le vence el sue\u00f1o, am\u00e9n de leerse tres peri\u00f3dicos diarios y varios suplementos literarios semanales. Para Chema, las vacas sagradas est\u00e1n claras:\u00abKafka, Poe, Bret\u00f3n, Borges, Rimbaud, Pavese, Octavio Paz, Lezama Lima, Cort\u00e1zar&#8230;\u00bb y, en el \u00e1mbito local, \u00abRicardo Men\u00e9ndez Salm\u00f3n\u00bb, a quien sit\u00faa en la vanguardia espa\u00f1ola, donde tambi\u00e9n rese\u00f1a, sobremanera, los diarios de Trapiello. Con los a\u00f1os, Chema ha ido orillando la novela por \u00abese progresivo descr\u00e9dito de la ficci\u00f3n\u00bb que dej\u00f3 paso a biograf\u00edas, obras de hechos reales, la literatura del yo y, muy especialmente, poes\u00eda. Si debiera elegir un libro se queda con los \u2018Aforismos\u2019 de Lichtenberg. Pero para una isla desierta quiz\u00e1 cambiase estas m\u00e1ximas filos\u00f3ficas aceradas y agudas, a veces un tanto amargas, por los haikus de Matsuo Basho, \u00abm\u00e1s espirituales\u00bb. Ah\u00ed duda Jos\u00e9 Luis. Al final se decanta por el disco de Dylan, \u00abaunque dentro de tres meses te dir\u00eda uno distinto\u00bb. Gustos paradis\u00edacos, sin duda, de dos vidas que navegan entre la m\u00fasica y la literatura.<\/strong><\/p>\n<p>(Publicado en EL COMERCIO el viernes 5 de octubre de 2018)<\/p>\n<p>&nbsp;<\/p>\n<p>POSDATA<br \/>\nLas limitaciones del papel impiden recoger la apuesta realizada por Chema y Jos\u00e9 Luis a pie cambiado; es decir, el disquero, de libros; y el librero, de discos. Ah\u00ed van, con algunas similitudes entre ambos, pues ser de la misma generaci\u00f3n y verse a diario resultan factores un tanto mimetizantes.<\/p>\n<p>JOS\u00c9 LUIS tiene como libro favorito &#8216;En el camino&#8217;, de Keruac. No quiere esto decir, advierte, que lo juzgue el mejor libro de la historia, sino que le marc\u00f3 especialmente cuando lo ley\u00f3. Y de escritores enumera los siguientes:\u00a0a Edgar Allan Poe, Franz Kafka, Jorge Luis Borges, Fernando Pessoa, Thomas de Quincey, Robert Louis Stevenson, Charles Baudelaire y Henry David Thoreau.<\/p>\n<p>CHEMA, musicalmente, destaca\u00a0&#8216;Streetnoise&#8217; de Julie Driscoll, Brian Auger &amp; The Trinity; como un disco &#8220;plenamente recomendable&#8221;. Y su chulet\u00f3n de favoritos lo integran\u00a0Bill Evans, Charles Mingus, Billie Holiday, John Lee Hooker, Joao Gilberto, Caetano Veloso, The Kinks, Steely Dan, Van Morrison, Marianne Faithfull y Kiko Veneno.<\/p>\n<p>Ah\u00ed queda eso.<\/p>\n<p>(La foto en blanco y negro es del verano de 1978, primer a\u00f1o de Paradiso en La Merced tras dos temporadas en Cimata, donde Jos\u00e9 Luis inaugur\u00f3 la librer\u00eda-disquer\u00eda. Aquel verano, Chema trabaj\u00f3 un mes en Paradiso, aprovechando las &#8216;vacaciones&#8217; de la mili y fue tras terminar el servicio militar en 1979 cuando se incorpor\u00f3 definitivamente a Paradiso.<\/p>\n<!-- AddThis Advanced Settings generic via filter on the_content --><!-- AddThis Share Buttons generic via filter on the_content -->","protected":false},"excerpt":{"rendered":"<p>Parece imposible de creer, pero es as\u00ed. Ni Jos\u00e9 Luis \u00c1lvarez (1950) ni Chema Casta\u00f1\u00f3n (1954) tienen m\u00f3vil, acaso una raz\u00f3n m\u00e1s para que Paradiso pueda etiquetarse, sin duda, como la librer\u00eda-disquer\u00eda m\u00e1s aut\u00e9nticamente genuina de la ciudad. O para que ambos cultiven su pasi\u00f3n compartida por la m\u00fasica y la literatura con un poco [&hellip;]<!-- AddThis Advanced Settings generic via filter on get_the_excerpt --><!-- AddThis Share Buttons generic via filter on get_the_excerpt --><\/p>\n","protected":false},"author":41,"featured_media":0,"comment_status":"open","ping_status":"closed","sticky":false,"template":"","format":"standard","meta":[],"categories":[7],"tags":[],"_links":{"self":[{"href":"https:\/\/blogs.elcomercio.es\/campoyplayu\/wp-json\/wp\/v2\/posts\/10675"}],"collection":[{"href":"https:\/\/blogs.elcomercio.es\/campoyplayu\/wp-json\/wp\/v2\/posts"}],"about":[{"href":"https:\/\/blogs.elcomercio.es\/campoyplayu\/wp-json\/wp\/v2\/types\/post"}],"author":[{"embeddable":true,"href":"https:\/\/blogs.elcomercio.es\/campoyplayu\/wp-json\/wp\/v2\/users\/41"}],"replies":[{"embeddable":true,"href":"https:\/\/blogs.elcomercio.es\/campoyplayu\/wp-json\/wp\/v2\/comments?post=10675"}],"version-history":[{"count":3,"href":"https:\/\/blogs.elcomercio.es\/campoyplayu\/wp-json\/wp\/v2\/posts\/10675\/revisions"}],"predecessor-version":[{"id":10682,"href":"https:\/\/blogs.elcomercio.es\/campoyplayu\/wp-json\/wp\/v2\/posts\/10675\/revisions\/10682"}],"wp:attachment":[{"href":"https:\/\/blogs.elcomercio.es\/campoyplayu\/wp-json\/wp\/v2\/media?parent=10675"}],"wp:term":[{"taxonomy":"category","embeddable":true,"href":"https:\/\/blogs.elcomercio.es\/campoyplayu\/wp-json\/wp\/v2\/categories?post=10675"},{"taxonomy":"post_tag","embeddable":true,"href":"https:\/\/blogs.elcomercio.es\/campoyplayu\/wp-json\/wp\/v2\/tags?post=10675"}],"curies":[{"name":"wp","href":"https:\/\/api.w.org\/{rel}","templated":true}]}}