{"id":10818,"date":"2019-03-08T19:54:17","date_gmt":"2019-03-08T18:54:17","guid":{"rendered":"https:\/\/blogs.elcomercio.es\/campoyplayu\/?p=10818"},"modified":"2019-03-08T19:57:01","modified_gmt":"2019-03-08T18:57:01","slug":"que-levante-el-dedo","status":"publish","type":"post","link":"https:\/\/blogs.elcomercio.es\/campoyplayu\/2019\/03\/08\/que-levante-el-dedo\/","title":{"rendered":"Que levante el dedo"},"content":{"rendered":"<p><strong>Pap\u00e1, \u00bfcu\u00e1nto hay que trabajar para tener paro? \u00bfc\u00f3mo secobra la renta social? Un gijon\u00e9s de 18 a\u00f1os reci\u00e9n cumplidos deja patidifuso a su padre al preguntarle por su<\/strong><\/p>\n<p><a href=\"https:\/\/static-blogs.elcomercio.es\/wp-content\/uploads\/sites\/42\/2019\/03\/black.jpg\"><img loading=\"lazy\" class=\"size-medium wp-image-10820\" src=\"https:\/\/static-blogs.elcomercio.es\/wp-content\/uploads\/sites\/42\/2019\/03\/black-300x200.jpg\" alt=\"RENTA SOCIAL ETIQUETAS FOTO ARNALDO GARCIA\" width=\"300\" height=\"200\" srcset=\"https:\/\/static-blogs.elcomercio.es\/wp-content\/uploads\/sites\/42\/2019\/03\/black-300x200.jpg 300w, https:\/\/static-blogs.elcomercio.es\/wp-content\/uploads\/sites\/42\/2019\/03\/black-768x512.jpg 768w, https:\/\/static-blogs.elcomercio.es\/wp-content\/uploads\/sites\/42\/2019\/03\/black-1024x683.jpg 1024w, https:\/\/static-blogs.elcomercio.es\/wp-content\/uploads\/sites\/42\/2019\/03\/black.jpg 1425w\" sizes=\"(max-width: 300px) 100vw, 300px\" \/><\/a><\/p>\n<p><strong>\u2018futuro\u2019. El chaval fue tres meses jardinero a los 16, pero cans\u00f3 y volvi\u00f3 a estudiar. Ahora, influido por el ambiente circundante, calibra la forma de vivir sin pegar ni sello. El padre, trabajador infatigable, se desespera. Dicen que la realidad supera la ficci\u00f3n. Veamos unos ejemplos.<br \/>\n<\/strong><br \/>\n<strong>1.-Un joven uruguayo alquila una habitaci\u00f3n en El Coto. Llega sin un c\u00e9ntimo. Cobrar\u00e1 la renta social en unos d\u00edas. El casero le presta 20 euros para que se compre algo (fianza a la inversa) y el chaval llega al cabo de un rato con una bolsa llena de cervezas. En los cuatro primeros d\u00edas se dedica a fumar y jugar con el m\u00f3vil. Declara que no tiene intenci\u00f3n de buscar empleo. Lleg\u00f3 a Asturias por una novia y ahora simplemente vegeta. Pasan los d\u00edas y no paga. Ni limpia. El casero solo le ha puesto una norma imperativa: cerrar la puerta de la calle para que no se escape el gato. Una ma\u00f1ana, al mediod\u00eda, se encuentra la puerta est\u00e1 abierta de par en par y el ilustre inquilino duerme pl\u00e1cidamente. Le invita a marcharse.<br \/>\n<\/strong><br \/>\n<strong>2.-T. es gijon\u00e9s, rebasa los 50 y lleva varios a\u00f1os cobrando renta social y ayuda a la vivienda. Casi 700 al mes. El Ayuntamiento le ha sumado la \u2018tarjeta black\u2019, cargada con dos mil y pico euros. Pese a ser titulado superior y dominar tres idiomas, lleva unos diez a\u00f1os sin hincarla. El piso son 350 y con el resto tiene para sus vicios. Los padres le echan alg\u00fan capote y la lectura, el deporte y los amigos le mantienen plenamente entretenido. \u00bfTrabajar? Sus carcajadas llegan hasta el Cerro.<br \/>\n<\/strong><br \/>\n<strong>3.-K. es africano y se las sabe todas. Cobra renta social, \u2018tarjeta black\u2019, ayuda a la vivienda y ayuda por hijos. Tiene tres. En total, ronda los mil euros, engordados con alguna chapucilla en \u2018b\u2019. En su pa\u00eds, explica, \u00abhay que trabajar como un animal para comer\u00bb. En Asturias, \u00abse puede vivir sin trabajar\u00bb. Abismal diferencia que sus compatriotas valoran debidamente. De hecho, ya tiene varios afincados en Gij\u00f3n disfrutando de este singular para\u00edso natural arruinado de costumbres millonarias.<br \/>\n<\/strong><br \/>\n<strong>4.-H. es un profesional de las ayudas. Frisa los 40 y no se le conoce por la Seguridad Social. Todo lo m\u00e1s, este gijon\u00e9s a veces coge su guitarra y se va a cantar al Muro para sacarse un sobresueldo con el que mantener el coche y algunos vicios no tan b\u00e1sicos. A sus amigos les entonaba unos hirientes ripios que fueron reduciendo la n\u00f3mina de allegados:\u00abBien comido, bien dormido \/ \u00bfqu\u00e9 m\u00e1s quieres cuerpo m\u00edo? \/ \u00bfTrabajar? \/ Todo no se te puede dar\u00bb. Que remataba con una risa tipo \u2018Amadeus\u2019.<br \/>\n<\/strong><br \/>\n<strong>Podr\u00eda seguirse enumerando a personas j\u00f3venes y sanas viviendo del cuento. El Principado dedic\u00f3 150 millones de euros en 2018 y el Ayuntamiento, 8,1 a este cap\u00edtulo. Mientras Finlandia ha suspendido su ensayo de renta b\u00e1sica al concluir que \u00abhac\u00eda a la gente pasiva\u00bb aqu\u00ed se dispara el derroche. <\/strong><br \/>\n<strong>Salvo dependientes y personas jubiladas sin recursos, de obligada atenci\u00f3n, \u00bfqu\u00e9 hacer en Asturias con el resto? Obviamente, \u00a1a trabajar! Hay mucho ciudadano irritado con este pozo sin fondo y el 26-M toca votar. Si alg\u00fan partido piensa poner fin al cachondeo, por favor, que levante el dedo.<br \/>\n<\/strong><br \/>\n<strong>PD.-Caso 5. Otro gijon\u00e9s perceptor de renta social lleva un par de a\u00f1os viviendo en Centroam\u00e9rica con unos euros de aqu\u00ed que all\u00ed son sustanciosos. Basta dejar un sherpa que atienda el correo.<\/strong><\/p>\n<p>&nbsp;<\/p>\n<p>Publicado en EL COMERCIO el jueves 7 de marzo de 2019<\/p>\n<!-- AddThis Advanced Settings generic via filter on the_content --><!-- AddThis Share Buttons generic via filter on the_content -->","protected":false},"excerpt":{"rendered":"<p>Pap\u00e1, \u00bfcu\u00e1nto hay que trabajar para tener paro? \u00bfc\u00f3mo secobra la renta social? Un gijon\u00e9s de 18 a\u00f1os reci\u00e9n cumplidos deja patidifuso a su padre al preguntarle por su \u2018futuro\u2019. El chaval fue tres meses jardinero a los 16, pero cans\u00f3 y volvi\u00f3 a estudiar. Ahora, influido por el ambiente circundante, calibra la forma de [&hellip;]<!-- AddThis Advanced Settings generic via filter on get_the_excerpt --><!-- AddThis Share Buttons generic via filter on get_the_excerpt --><\/p>\n","protected":false},"author":41,"featured_media":0,"comment_status":"open","ping_status":"closed","sticky":false,"template":"","format":"standard","meta":[],"categories":[7],"tags":[],"_links":{"self":[{"href":"https:\/\/blogs.elcomercio.es\/campoyplayu\/wp-json\/wp\/v2\/posts\/10818"}],"collection":[{"href":"https:\/\/blogs.elcomercio.es\/campoyplayu\/wp-json\/wp\/v2\/posts"}],"about":[{"href":"https:\/\/blogs.elcomercio.es\/campoyplayu\/wp-json\/wp\/v2\/types\/post"}],"author":[{"embeddable":true,"href":"https:\/\/blogs.elcomercio.es\/campoyplayu\/wp-json\/wp\/v2\/users\/41"}],"replies":[{"embeddable":true,"href":"https:\/\/blogs.elcomercio.es\/campoyplayu\/wp-json\/wp\/v2\/comments?post=10818"}],"version-history":[{"count":2,"href":"https:\/\/blogs.elcomercio.es\/campoyplayu\/wp-json\/wp\/v2\/posts\/10818\/revisions"}],"predecessor-version":[{"id":10821,"href":"https:\/\/blogs.elcomercio.es\/campoyplayu\/wp-json\/wp\/v2\/posts\/10818\/revisions\/10821"}],"wp:attachment":[{"href":"https:\/\/blogs.elcomercio.es\/campoyplayu\/wp-json\/wp\/v2\/media?parent=10818"}],"wp:term":[{"taxonomy":"category","embeddable":true,"href":"https:\/\/blogs.elcomercio.es\/campoyplayu\/wp-json\/wp\/v2\/categories?post=10818"},{"taxonomy":"post_tag","embeddable":true,"href":"https:\/\/blogs.elcomercio.es\/campoyplayu\/wp-json\/wp\/v2\/tags?post=10818"}],"curies":[{"name":"wp","href":"https:\/\/api.w.org\/{rel}","templated":true}]}}