{"id":10823,"date":"2019-03-22T12:58:59","date_gmt":"2019-03-22T11:58:59","guid":{"rendered":"https:\/\/blogs.elcomercio.es\/campoyplayu\/?p=10823"},"modified":"2019-10-04T11:34:00","modified_gmt":"2019-10-04T09:34:00","slug":"tomen-aire","status":"publish","type":"post","link":"https:\/\/blogs.elcomercio.es\/campoyplayu\/2019\/03\/22\/tomen-aire\/","title":{"rendered":"Tomen aire"},"content":{"rendered":"<div dir=\"ltr\">\n<p><strong>Camino del trabajo, atravesando Gij\u00f3n de cabo a rabo, apenas hay opci\u00f3n de elegir una v\u00eda verde, sin coches, salvo estirando el itinerario con un largo desv\u00edo por El Muro; y ya se sabe que el tiempo, o su escasez m\u00e1s bien, es uno de los dos grandes males del siglo XXI. El otro es la contaminaci\u00f3n y cada d\u00eda que pasa, en vez de mejorar, el p\u00e1lpito creciente es que molesta m\u00e1s, invade m\u00e1s nuestras vidas sin mayor escapatoria que el pataleo o la mascarilla. Caminar por Gij\u00f3n, por sus calles rebosantes de tubos de escape, se ha convertido en una desagradable experiencia olorosa, con la consiguiente afecci\u00f3n para la salud, y nadie, pese a estar en fechas preelectorales, se arranca a comprometer sencillas medidas para combatir este mal. Peatonalizar el centro es la primera; cuando menos desde <a href=\"https:\/\/static-blogs.elcomercio.es\/wp-content\/uploads\/sites\/42\/2019\/03\/aire-redux.jpg\"><img loading=\"lazy\" class=\"alignleft size-full wp-image-10824\" src=\"https:\/\/static-blogs.elcomercio.es\/wp-content\/uploads\/sites\/42\/2019\/03\/aire-redux.jpg\" alt=\"aire-redux\" width=\"511\" height=\"909\" srcset=\"https:\/\/static-blogs.elcomercio.es\/wp-content\/uploads\/sites\/42\/2019\/03\/aire-redux.jpg 511w, https:\/\/static-blogs.elcomercio.es\/wp-content\/uploads\/sites\/42\/2019\/03\/aire-redux-169x300.jpg 169w\" sizes=\"(max-width: 511px) 100vw, 511px\" \/><\/a>Los Campos hasta El Carmen, algo de lo que sorprendentemente nadie habla, acaso por si puede costar alg\u00fan voto. Y peatonalizar arterias principales de cada barrio, la segunda; de forma que se conecte toda la ciudad, desde Viesques hasta El Cerillero y desde La Arena hasta El Llano, con paseos por donde los ciudadanos puedan caminar a gusto. La tercera, evidente, es arbitrar restricciones crecientes, y rotundas, al uso del coche en la ciudad.<\/strong><\/p>\n<\/div>\n<div dir=\"ltr\"><strong>En los \u00faltimos ocho a\u00f1os nadie ha hablado de peatonalizar Gij\u00f3n, m\u00e1s all\u00e1 de dos peque\u00f1as calles. Pero cuando uno mira c\u00f3mo era y c\u00f3mo es la Traves\u00eda del Convento tras una semipeatonalizaci\u00f3n expr\u00e9s no alcanza a entender ni un uno por ciento el porqu\u00e9 del frenazo en seco de este proceso. \u00bfQu\u00e9 otra prioridad puede tener un gobernante m\u00e1s que el confort y la salud de las personas, l\u00e9ase, el derecho a respirar aire comestible? Tras la en\u00e9sima emisi\u00f3n maloliente de Arcelor el pasado 12 de marzo, el mupi de la avenida Pr\u00edncipe de Asturias dec\u00eda: \u2018Calidad del aire: muy buena\u2019. \u00a1Hay que tenerlos bien puestos! Nos tratan como a cobayas y solo nos queda una opci\u00f3n llegado el fin de semana: huir, abandonar una ciudad que huele a tubo de escape por los cuatro costados y salir al campo, al monte, a la nieve. Cuanto m\u00e1s lejos de la \u2018boina naranja\u2019 mejor. As\u00ed, despu\u00e9s de tres d\u00edas seguidos al otro lado del alto de Tarna, uno empieza sentirse raro. El ox\u00edgeno es de verdad, tiene reminiscencias a hierba, a monte, a vaca, a r\u00edo y es puro como el agua de fuentes y manantiales. Falta poco para que el mundo rural haga campa\u00f1a en ciudades como Gij\u00f3n para captar turistas: \u2018Rel\u00e1jese y respire\u2019, \u2018Tome aire el fin de semana\u2019, \u2018Ox\u00edgeno a palas\u2019. Si andan listos, no tardaremos en el para\u00edso natural gijon\u00e9s, esa gran mentira contaminada, en ver esl\u00f3ganes ofertando, simplemente, respirar.<\/strong><\/div>\n<div dir=\"ltr\"><\/div>\n<div dir=\"ltr\">Publicado en EL COMERCIO el 21 de marzo de 2019<\/div>\n<!-- AddThis Advanced Settings generic via filter on the_content --><!-- AddThis Share Buttons generic via filter on the_content -->","protected":false},"excerpt":{"rendered":"<p>Camino del trabajo, atravesando Gij\u00f3n de cabo a rabo, apenas hay opci\u00f3n de elegir una v\u00eda verde, sin coches, salvo estirando el itinerario con un largo desv\u00edo por El Muro; y ya se sabe que el tiempo, o su escasez m\u00e1s bien, es uno de los dos grandes males del siglo XXI. El otro es [&hellip;]<!-- AddThis Advanced Settings generic via filter on get_the_excerpt --><!-- AddThis Share Buttons generic via filter on get_the_excerpt --><\/p>\n","protected":false},"author":41,"featured_media":0,"comment_status":"open","ping_status":"closed","sticky":false,"template":"","format":"standard","meta":[],"categories":[7],"tags":[],"_links":{"self":[{"href":"https:\/\/blogs.elcomercio.es\/campoyplayu\/wp-json\/wp\/v2\/posts\/10823"}],"collection":[{"href":"https:\/\/blogs.elcomercio.es\/campoyplayu\/wp-json\/wp\/v2\/posts"}],"about":[{"href":"https:\/\/blogs.elcomercio.es\/campoyplayu\/wp-json\/wp\/v2\/types\/post"}],"author":[{"embeddable":true,"href":"https:\/\/blogs.elcomercio.es\/campoyplayu\/wp-json\/wp\/v2\/users\/41"}],"replies":[{"embeddable":true,"href":"https:\/\/blogs.elcomercio.es\/campoyplayu\/wp-json\/wp\/v2\/comments?post=10823"}],"version-history":[{"count":2,"href":"https:\/\/blogs.elcomercio.es\/campoyplayu\/wp-json\/wp\/v2\/posts\/10823\/revisions"}],"predecessor-version":[{"id":10965,"href":"https:\/\/blogs.elcomercio.es\/campoyplayu\/wp-json\/wp\/v2\/posts\/10823\/revisions\/10965"}],"wp:attachment":[{"href":"https:\/\/blogs.elcomercio.es\/campoyplayu\/wp-json\/wp\/v2\/media?parent=10823"}],"wp:term":[{"taxonomy":"category","embeddable":true,"href":"https:\/\/blogs.elcomercio.es\/campoyplayu\/wp-json\/wp\/v2\/categories?post=10823"},{"taxonomy":"post_tag","embeddable":true,"href":"https:\/\/blogs.elcomercio.es\/campoyplayu\/wp-json\/wp\/v2\/tags?post=10823"}],"curies":[{"name":"wp","href":"https:\/\/api.w.org\/{rel}","templated":true}]}}