{"id":12200,"date":"2023-05-25T09:29:50","date_gmt":"2023-05-25T07:29:50","guid":{"rendered":"https:\/\/blogs.elcomercio.es\/campoyplayu\/?p=12200"},"modified":"2023-05-25T09:29:50","modified_gmt":"2023-05-25T07:29:50","slug":"batman-alcalde","status":"publish","type":"post","link":"https:\/\/blogs.elcomercio.es\/campoyplayu\/2023\/05\/25\/batman-alcalde\/","title":{"rendered":"Batman Alcalde"},"content":{"rendered":"<p><strong><a href=\"https:\/\/static-blogs.elcomercio.es\/wp-content\/uploads\/sites\/42\/2023\/05\/BATMAN.jpeg\"><img loading=\"lazy\" class=\"alignleft size-large wp-image-12201\" src=\"https:\/\/static-blogs.elcomercio.es\/wp-content\/uploads\/sites\/42\/2023\/05\/BATMAN-1024x461.jpeg\" alt=\"\" width=\"1024\" height=\"461\" srcset=\"https:\/\/static-blogs.elcomercio.es\/wp-content\/uploads\/sites\/42\/2023\/05\/BATMAN-1024x461.jpeg 1024w, https:\/\/static-blogs.elcomercio.es\/wp-content\/uploads\/sites\/42\/2023\/05\/BATMAN-300x135.jpeg 300w, https:\/\/static-blogs.elcomercio.es\/wp-content\/uploads\/sites\/42\/2023\/05\/BATMAN-768x346.jpeg 768w, https:\/\/static-blogs.elcomercio.es\/wp-content\/uploads\/sites\/42\/2023\/05\/BATMAN.jpeg 1600w\" sizes=\"(max-width: 1024px) 100vw, 1024px\" \/><\/a>A Gij\u00f3n nunca le falta el humor. Como al conjunto de los espa\u00f1oles. O como a los andaluces. Pero en nuestro caso, con nuestro singular y particular acento. Quedan tres d\u00edas con sus noches para la cita electoral del domingo. La campa\u00f1a estaba resultando, para el com\u00fan, sopor\u00edfera, aburrida, llena de gr\u00e1ficos y realidades virtuales que ya nadie se toma en serio, con poco mitin a la antigua usanza, apenas carteler\u00edas y aburrid\u00edsimas notas de prensa de &#8216;puedo prometer y prometo&#8217;. As\u00ed las cosas, entre bostezos, amaneci\u00f3 un mi\u00e9rcoles diferente. En el Alto Coto, este cil\u00farnigo se top\u00f3 a eso de las diez de la ma\u00f1ana con una placa del callejero gijon\u00e9s verdaderamente innovadora. De lejos, ten\u00eda igual formato que esas de ribete rojo coronando el nombre. De cerca, \u00a1sorpres\u00f3n!: BATMAN ALCALDE. As\u00ed como suena. Calle BATMAN ALCALDE. \u00a1Qu\u00e9 maravilla! \u00a1Qu\u00e9 feliz ocurrencia! Toc\u00f3 frotar los ojos dos o tres veces, pero al abrirlos de nuevo; otra vez se pod\u00eda leer lo mismo: BATMAN ALCALDE. \u00a1Bravo! Pero, \u00bfqui\u00e9n ha osado elaborar unas placas tan homologadas y con tan singular mensaje? \u00bfa qui\u00e9n felicitamos? \u00bfa qui\u00e9n nombramos alcalde como premio del p\u00fablico? Misterio sin resolver. Una pista: sobre el escudo de Gij\u00f3n asoma el oso Yogui. Mmmmm.<\/strong><\/p>\n<p><strong><a href=\"https:\/\/static-blogs.elcomercio.es\/wp-content\/uploads\/sites\/42\/2023\/05\/TXAPOTE.jpeg\"><img loading=\"lazy\" class=\"alignleft size-large wp-image-12202\" src=\"https:\/\/static-blogs.elcomercio.es\/wp-content\/uploads\/sites\/42\/2023\/05\/TXAPOTE-1024x461.jpeg\" alt=\"\" width=\"1024\" height=\"461\" srcset=\"https:\/\/static-blogs.elcomercio.es\/wp-content\/uploads\/sites\/42\/2023\/05\/TXAPOTE-1024x461.jpeg 1024w, https:\/\/static-blogs.elcomercio.es\/wp-content\/uploads\/sites\/42\/2023\/05\/TXAPOTE-300x135.jpeg 300w, https:\/\/static-blogs.elcomercio.es\/wp-content\/uploads\/sites\/42\/2023\/05\/TXAPOTE-768x346.jpeg 768w, https:\/\/static-blogs.elcomercio.es\/wp-content\/uploads\/sites\/42\/2023\/05\/TXAPOTE.jpeg 1600w\" sizes=\"(max-width: 1024px) 100vw, 1024px\" \/><\/a>El cil\u00farnigo emprende una profunda investigaci\u00f3n. Al final dar\u00e1 frutos. A lo largo del mi\u00e9rcoles halla dos placas m\u00e1s confundidas en la urbe. Una linda con Ram\u00f3n y Cajal: QUE TE VOTE TXAPOTE. Otro nombre innovador para el callejero. Ja ja ja ja. \u00a1QUE TE VOTE TXAPOTE! Aquel vecino indignado que col\u00f3 en pleno directo televisivo un mensaje para nuestro embriagador presidente nacional ha visto reproducida su frase en pleno vial gijon\u00e9s. Segundo hallazgo. Nueva perla electoral en mitad del p\u00e1ramo. Pero no \u00faltima. <\/strong><\/p>\n<p><strong><a href=\"https:\/\/static-blogs.elcomercio.es\/wp-content\/uploads\/sites\/42\/2023\/05\/PEDRO-i.jpeg\"><img loading=\"lazy\" class=\"alignleft size-large wp-image-12203\" src=\"https:\/\/static-blogs.elcomercio.es\/wp-content\/uploads\/sites\/42\/2023\/05\/PEDRO-i-1024x461.jpeg\" alt=\"\" width=\"1024\" height=\"461\" srcset=\"https:\/\/static-blogs.elcomercio.es\/wp-content\/uploads\/sites\/42\/2023\/05\/PEDRO-i-1024x461.jpeg 1024w, https:\/\/static-blogs.elcomercio.es\/wp-content\/uploads\/sites\/42\/2023\/05\/PEDRO-i-300x135.jpeg 300w, https:\/\/static-blogs.elcomercio.es\/wp-content\/uploads\/sites\/42\/2023\/05\/PEDRO-i-768x346.jpeg 768w, https:\/\/static-blogs.elcomercio.es\/wp-content\/uploads\/sites\/42\/2023\/05\/PEDRO-i.jpeg 2000w\" sizes=\"(max-width: 1024px) 100vw, 1024px\" \/><\/a>El intenso mi\u00e9rcoles preelectoral del cil\u00farnigo alcanz\u00f3 el fruto m\u00e1s codiciado ya por la tarde cuando peinaba el g\u00fcito de la ciudad, su epicentro, ese entorno del Teatro Jovellanos que pisan a diario miles de gijoneses ten\u00eda, a cierta altura, una tercera placa para la historia del callejero de nuestra simpar Gigia. Presidiendo una columna, ennobleciendo un soportal, pero mirando a todo el parque, este gijon\u00e9s del 67 pudo leer lo siguiente: PASEO PEDRO S\u00c1NCHEZ I EL GUAPO. As\u00ed de rotundo y de hist\u00f3rico, engalanado por la efigie de nuestro gran Pelayo con su espada y su cruz. Un cartel n\u00edtido, limpio, en apariencia homologado por la autoridad, pues sus colores rojo y blanco son los propios de nuestra bella carteler\u00eda. Pero con una leyenda que a uno se le antoja humor\u00edstica, \u00bfno? PASEO PEDRO S\u00c1NCHEZ I EL GUAPO. Es leerlo y releerlo y decirlo, pero qu\u00e9 guapo es nuestro amado l\u00edder, qu\u00e9 guapas sus promesas electorales, qu\u00e9 generoso su bolsillo soltando millones de euros sin cesar a siniestra, siniestro y siniestre, qu\u00e9 alturas sus miras, qu\u00e9 eternamente bella su ca\u00edda de ojos, su apretura de mand\u00edbula doliente, sus mechones blancos en esa cabellera tan perfecta. Amado l\u00edder, precisamente en el mi\u00e9rcoles preelectoral en que nos visitaste en formato vespertino (ayer mismo), esta humilde ciudad te dedic\u00f3 su m\u00e1s se\u00f1era y concurrida avenida palatina; la de Bego\u00f1a; pues ese es el nombre de tu amada (y sufrida) dama. Pero t\u00fa, oh t\u00fa, simplemente t\u00fa, ajeno a tanta honra, platicaste a tus masas, posaste con sonrisa de pasta dental y te fuiste raudo en el Falcon ignorando ese PASEO PEDRO S\u00c1NCHEZ I EL GUAPO que te hab\u00eda dedicado la heroica ciudad de Gij\u00f3n. \u00a1Qu\u00e9 pena de foto perdida en Bego\u00f1a! \u00a1\u00a1\u00a1Tu belleza y tu cartel, oh Pedro m\u00edo!!! Vuelve. \u00a1Vuelve y posa, amado l\u00edder!<\/strong><\/p>\n<p><strong> Hoy es jueves. \u00bfHabr\u00e1 m\u00e1s carteles? \u00bfNuevas plegarias? \u00bfM\u00e1s humoradas? Mostraos Sumos Hacedores del Humor Gijon\u00e9s que hab\u00e9is dado un poco de picante a esta tediosa campa\u00f1a. Decidnos qui\u00e9nes sois, de d\u00f3nde ven\u00eds y ad\u00f3nde vais; y os entregaremos jubilosos las llaves de la jovina urbe. Intuimos en vuestro Batman, en vuestro Txapote, en vuestro Peter el mismo hast\u00edo que compartimos los cil\u00farnigos por la pol\u00edtica y los pol\u00edticos. Imaginamos en vuestras brillantes mentes la condensaci\u00f3n de toda una antolog\u00eda del humor y del resquemor; el primero para sobrevivir a tanta estulticia que preside estos tiempos inciertos; el segundo para combatirla, acaso desde la bufonada. Queremos pensar, y pensamos, que nos anim\u00e1is a abrir los ojos y descreer de todo lo que nos cuentan estos d\u00edas. Queremos pensar, y pensamos, que os merec\u00e9is el cetro. Sentaos por favor en nuestra silla presidencial de la plaza Mayor; y gobernadnos con alegr\u00eda, con iron\u00eda, con nobleza y con sentido com\u00fan. Como har\u00eda Batman, sin duda. Como har\u00eda el se\u00f1or que dijo, y qu\u00e9 bien dicho, &#8220;que te vote Txapote&#8221;. Como jam\u00e1s har\u00eda Pedro I el guapo, esa carcasa humana rebosante de corrosiva vanidad. <\/strong><\/p>\n<p><strong>Autores del nuevo callejero gijon\u00e9s, \u00a1SALVADNOS!<\/strong><\/p>\n<!-- AddThis Advanced Settings generic via filter on the_content --><!-- AddThis Share Buttons generic via filter on the_content -->","protected":false},"excerpt":{"rendered":"<p>A Gij\u00f3n nunca le falta el humor. Como al conjunto de los espa\u00f1oles. O como a los andaluces. Pero en nuestro caso, con nuestro singular y particular acento. Quedan tres d\u00edas con sus noches para la cita electoral del domingo. La campa\u00f1a estaba resultando, para el com\u00fan, sopor\u00edfera, aburrida, llena de gr\u00e1ficos y realidades virtuales [&hellip;]<!-- AddThis Advanced Settings generic via filter on get_the_excerpt --><!-- AddThis Share Buttons generic via filter on get_the_excerpt --><\/p>\n","protected":false},"author":41,"featured_media":0,"comment_status":"open","ping_status":"closed","sticky":false,"template":"","format":"standard","meta":[],"categories":[6],"tags":[],"_links":{"self":[{"href":"https:\/\/blogs.elcomercio.es\/campoyplayu\/wp-json\/wp\/v2\/posts\/12200"}],"collection":[{"href":"https:\/\/blogs.elcomercio.es\/campoyplayu\/wp-json\/wp\/v2\/posts"}],"about":[{"href":"https:\/\/blogs.elcomercio.es\/campoyplayu\/wp-json\/wp\/v2\/types\/post"}],"author":[{"embeddable":true,"href":"https:\/\/blogs.elcomercio.es\/campoyplayu\/wp-json\/wp\/v2\/users\/41"}],"replies":[{"embeddable":true,"href":"https:\/\/blogs.elcomercio.es\/campoyplayu\/wp-json\/wp\/v2\/comments?post=12200"}],"version-history":[{"count":3,"href":"https:\/\/blogs.elcomercio.es\/campoyplayu\/wp-json\/wp\/v2\/posts\/12200\/revisions"}],"predecessor-version":[{"id":12208,"href":"https:\/\/blogs.elcomercio.es\/campoyplayu\/wp-json\/wp\/v2\/posts\/12200\/revisions\/12208"}],"wp:attachment":[{"href":"https:\/\/blogs.elcomercio.es\/campoyplayu\/wp-json\/wp\/v2\/media?parent=12200"}],"wp:term":[{"taxonomy":"category","embeddable":true,"href":"https:\/\/blogs.elcomercio.es\/campoyplayu\/wp-json\/wp\/v2\/categories?post=12200"},{"taxonomy":"post_tag","embeddable":true,"href":"https:\/\/blogs.elcomercio.es\/campoyplayu\/wp-json\/wp\/v2\/tags?post=12200"}],"curies":[{"name":"wp","href":"https:\/\/api.w.org\/{rel}","templated":true}]}}