{"id":12253,"date":"2024-02-27T19:45:36","date_gmt":"2024-02-27T18:45:36","guid":{"rendered":"https:\/\/blogs.elcomercio.es\/campoyplayu\/?p=12253"},"modified":"2024-02-27T19:45:36","modified_gmt":"2024-02-27T18:45:36","slug":"la-estrella-de-garci","status":"publish","type":"post","link":"https:\/\/blogs.elcomercio.es\/campoyplayu\/2024\/02\/27\/la-estrella-de-garci\/","title":{"rendered":"La estrella de Garci"},"content":{"rendered":"<p><strong>Acudes el s\u00e1bado a los Pryca a ver \u2018Anatom\u00eda de una ca\u00edda\u2019, interesante \u00bfcrimen?, con la alegr\u00eda de comprobar que las 64 butacas est\u00e1n ocupadas. Parec\u00eda un sue\u00f1o recuperar el cine en el centro, pero dos a\u00f1os y tres meses despu\u00e9s de la apertura de estas nueve salas ah\u00ed siguen con bullicio, cuando menos, de fin de semana. Si esta imprevisible resurrecci\u00f3n de los cines es una alegr\u00eda para muchos gijoneses, qu\u00e9 no dir\u00e1 Jos\u00e9 Luis Garci, nuestro mejor embajador en el s\u00e9ptimo arte, de este fen\u00f3meno. A Garci le debemos mucho. Demasiado. No solo le debemos \u2018Volver a empezar\u2019, con esa infinita promoci\u00f3n de Gij\u00f3n que nos hizo con Oscar incluido, el primero de la historia del cine patrio. A Garci le debemos tambi\u00e9n el entusiasmo con que habla de Gij\u00f3n siempre que sale a relucir esta palabra m\u00e1gica. Tanto en radio como en televisi\u00f3n. Pues ah\u00ed est\u00e1 a sus 80 a\u00f1os cumplidos en enero con toda la vitalidad del mundo tertuliando sobre cine en sus \u2018Cowboys de medianoche\u2019 radiof\u00f3nicos en EsRadio y en su \u2018Classics\u2019 televisivo en Trece.<br \/>\n<\/strong><br \/>\n<strong>Aunque naci\u00f3 en Madrid, Garci es hijo de gijon\u00e9s y a Gij\u00f3n vino multitud de veces, a la casa de aquella t\u00eda que viv\u00eda en Anselmo Cifuentes y que ten\u00eda, como \u00e9l, una enfermiza afici\u00f3n al cine. Lo cuenta con detalle en \u2018Lo que el viento se llev\u00f3\u2019, obra publicada en 2021 donde se recrea en el Madrid de su infancia y primera juventud con una prosa cuidada, natural, maravillosa, con la cual se va adentrando en lo que supuso para \u00e9l, de chiquit\u00edn, ver \u2018Lo que el viento se llev\u00f3\u2019. Pero este libro es mucho m\u00e1s que eso. Es un hermos\u00edsimo tratado de Madrid, de la historia del cine y, tambi\u00e9n, de Gij\u00f3n, pues en \u00e9l tenemos una buena cuota de protagonismo.<br \/>\n<\/strong><br \/>\n<strong><a href=\"https:\/\/static-blogs.elcomercio.es\/wp-content\/uploads\/sites\/42\/2024\/02\/garci-feria-libro.jpeg\"><img loading=\"lazy\" class=\"alignleft size-large wp-image-12254\" src=\"https:\/\/static-blogs.elcomercio.es\/wp-content\/uploads\/sites\/42\/2024\/02\/garci-feria-libro-925x1024.jpeg\" alt=\"\" width=\"925\" height=\"1024\" srcset=\"https:\/\/static-blogs.elcomercio.es\/wp-content\/uploads\/sites\/42\/2024\/02\/garci-feria-libro-925x1024.jpeg 925w, https:\/\/static-blogs.elcomercio.es\/wp-content\/uploads\/sites\/42\/2024\/02\/garci-feria-libro-271x300.jpeg 271w, https:\/\/static-blogs.elcomercio.es\/wp-content\/uploads\/sites\/42\/2024\/02\/garci-feria-libro-768x850.jpeg 768w, https:\/\/static-blogs.elcomercio.es\/wp-content\/uploads\/sites\/42\/2024\/02\/garci-feria-libro.jpeg 1055w\" sizes=\"(max-width: 925px) 100vw, 925px\" \/><\/a>En la \u00faltima Feria del Libro de Madrid viste a Garci, al filo de las dos, en la caseta de Notorious, y all\u00e1 te fuiste a guardar cola para comprarle esta aut\u00e9ntica joya literaria. Nada m\u00e1s darle dos datos biogr\u00e1ficos y decirle la palabra Gij\u00f3n un brillo intenso aviv\u00f3 su mirada y tuvo lugar un intercambio de libros en el cual saliste ganando por goleada. Garci te regal\u00f3 \u2018Lo que el viento se llev\u00f3\u2019 y t\u00fa hiciste lo propio con \u2018Garc\u00eda\u2019. Repas\u00f3 sus p\u00e1ginas ambientadas en el Gij\u00f3n de 1979, antesala del de \u2018Volver a empezar\u2019, y dijo afectuoso: \u00abLo leer\u00e9\u00bb.<br \/>\n<\/strong><br \/>\n<strong>\u00abGarci disfruta existiendo. Dotado de una cualidad sagrada, el entusiasmo, se apasiona lo mismo cont\u00e1ndote una escena de John Ford, un gol de Di Stefano, un crochet corto de Tyson, un crep\u00fasculo color mandarina o un viaje inc\u00f3modo\u00bb. Lo dice Manuel Alc\u00e1ntara en el pr\u00f3logo de \u2018Beber de cine\u2019, otra obra para tomarse de trago. Solo por \u2018Volver a empezar\u2019, solo por haber hecho \u2018El Crack\u2019 (el 1, el 2 y el 3), solo por su pasi\u00f3n por todo, Garci, quien ya es hijo adoptivo de Gij\u00f3n, merece m\u00e1s. Nuestro m\u00e1s entusiasta embajador luce cuatro calles en Espa\u00f1a (Madrid, Toledo, C\u00e1diz y Murcia), pero es la quinta la m\u00e1s justa y necesaria. Una calle o una estrella en el suelo, como las de Hollywood, donde rindamos gratitud absoluta a un cineasta imprescindible a quien cada vez que se dice la palabra Gij\u00f3n se le iluminan sus cinco talentosos sentidos.<\/strong><\/p>\n<p>PUBLICADO EN EL COMERCIO el 27 febrero 2024<\/p>\n<!-- AddThis Advanced Settings generic via filter on the_content --><!-- AddThis Share Buttons generic via filter on the_content -->","protected":false},"excerpt":{"rendered":"<p>Acudes el s\u00e1bado a los Pryca a ver \u2018Anatom\u00eda de una ca\u00edda\u2019, interesante \u00bfcrimen?, con la alegr\u00eda de comprobar que las 64 butacas est\u00e1n ocupadas. Parec\u00eda un sue\u00f1o recuperar el cine en el centro, pero dos a\u00f1os y tres meses despu\u00e9s de la apertura de estas nueve salas ah\u00ed siguen con bullicio, cuando menos, de [&hellip;]<!-- AddThis Advanced Settings generic via filter on get_the_excerpt --><!-- AddThis Share Buttons generic via filter on get_the_excerpt --><\/p>\n","protected":false},"author":41,"featured_media":0,"comment_status":"open","ping_status":"closed","sticky":false,"template":"","format":"standard","meta":[],"categories":[7],"tags":[],"_links":{"self":[{"href":"https:\/\/blogs.elcomercio.es\/campoyplayu\/wp-json\/wp\/v2\/posts\/12253"}],"collection":[{"href":"https:\/\/blogs.elcomercio.es\/campoyplayu\/wp-json\/wp\/v2\/posts"}],"about":[{"href":"https:\/\/blogs.elcomercio.es\/campoyplayu\/wp-json\/wp\/v2\/types\/post"}],"author":[{"embeddable":true,"href":"https:\/\/blogs.elcomercio.es\/campoyplayu\/wp-json\/wp\/v2\/users\/41"}],"replies":[{"embeddable":true,"href":"https:\/\/blogs.elcomercio.es\/campoyplayu\/wp-json\/wp\/v2\/comments?post=12253"}],"version-history":[{"count":1,"href":"https:\/\/blogs.elcomercio.es\/campoyplayu\/wp-json\/wp\/v2\/posts\/12253\/revisions"}],"predecessor-version":[{"id":12255,"href":"https:\/\/blogs.elcomercio.es\/campoyplayu\/wp-json\/wp\/v2\/posts\/12253\/revisions\/12255"}],"wp:attachment":[{"href":"https:\/\/blogs.elcomercio.es\/campoyplayu\/wp-json\/wp\/v2\/media?parent=12253"}],"wp:term":[{"taxonomy":"category","embeddable":true,"href":"https:\/\/blogs.elcomercio.es\/campoyplayu\/wp-json\/wp\/v2\/categories?post=12253"},{"taxonomy":"post_tag","embeddable":true,"href":"https:\/\/blogs.elcomercio.es\/campoyplayu\/wp-json\/wp\/v2\/tags?post=12253"}],"curies":[{"name":"wp","href":"https:\/\/api.w.org\/{rel}","templated":true}]}}