{"id":12257,"date":"2024-04-15T19:52:49","date_gmt":"2024-04-15T17:52:49","guid":{"rendered":"https:\/\/blogs.elcomercio.es\/campoyplayu\/?p=12257"},"modified":"2024-04-15T19:52:49","modified_gmt":"2024-04-15T17:52:49","slug":"el-paseante-del-muro-2","status":"publish","type":"post","link":"https:\/\/blogs.elcomercio.es\/campoyplayu\/2024\/04\/15\/el-paseante-del-muro-2\/","title":{"rendered":"El paseante del Muro"},"content":{"rendered":"<p><strong>Quiz\u00e1 deber\u00eda decirse en realidad \u2018El expaseante del Muro\u2019. Pues Jos\u00e9 D\u00edez Faixat (Gij\u00f3n, 1952) dej\u00f3 hace un tiempo de ir al Muro a diario a ese paseo que, durante 40 a\u00f1os, recorri\u00f3 gozoso ma\u00f1ana y tarde. Su andar caracter\u00edstico, su poblada barba, su callada entra\u00f1abilidad lo convirtieron por derecho propio, entre la marabunta de adictos al mismo lugar, en el paseante del Muro por excelencia, an\u00f3nimo pero discretamente popular. Tres circunstancias alteraron su ritual al calor de la pandemia: la muerte de la madre, con la cual viv\u00eda, la mudanza de la plaza del Carmen unas calles m\u00e1s alejadas de la playa, pocas, y las goteras de la edad en forma de alguna dificultad soslayable para recorrer largos trechos. As\u00ed, de repente, Jos\u00e9 dej\u00f3 el Muro, empez\u00f3 a salir menos, volc\u00e1ndose a\u00fan m\u00e1s en su infatigable estudio sobre el hombre, la religi\u00f3n y el universo; y cuando se decide de forma excepcional lo hace hoy d\u00eda por Poniente, donde su<\/strong><\/p>\n<div id=\"attachment_12259\" style=\"width: 1034px\" class=\"wp-caption alignleft\"><a href=\"https:\/\/static-blogs.elcomercio.es\/wp-content\/uploads\/sites\/42\/2024\/04\/faixat-2.jpg\"><img aria-describedby=\"caption-attachment-12259\" loading=\"lazy\" class=\"size-large wp-image-12259\" src=\"https:\/\/static-blogs.elcomercio.es\/wp-content\/uploads\/sites\/42\/2024\/04\/faixat-2-1024x636.jpg\" alt=\"\" width=\"1024\" height=\"636\" srcset=\"https:\/\/static-blogs.elcomercio.es\/wp-content\/uploads\/sites\/42\/2024\/04\/faixat-2-1024x636.jpg 1024w, https:\/\/static-blogs.elcomercio.es\/wp-content\/uploads\/sites\/42\/2024\/04\/faixat-2-300x186.jpg 300w, https:\/\/static-blogs.elcomercio.es\/wp-content\/uploads\/sites\/42\/2024\/04\/faixat-2-768x477.jpg 768w, https:\/\/static-blogs.elcomercio.es\/wp-content\/uploads\/sites\/42\/2024\/04\/faixat-2.jpg 1041w\" sizes=\"(max-width: 1024px) 100vw, 1024px\" \/><\/a><p id=\"caption-attachment-12259\" class=\"wp-caption-text\">JOSE DIEZ FAIXAT. XIXON. 15 01 2008. J PA\u00d1EDA.<br \/>JOSE DIEZ F..jpg<\/p><\/div>\n<p><strong>meditaci\u00f3n resulta m\u00e1s pl\u00e1cida. Qued\u00f3 el Muro hu\u00e9rfano de su imbatible \u2018recordman\u2019 tras 150.000 kil\u00f3metros de sesuda reflexi\u00f3n durante cuatro d\u00e9cadas. Pero gan\u00f3 Poniente, con cuentagotas, su filos\u00f3fica presencia, ese contrapunto de la acelerada vida imperante que invita al hombra a trascender su entorno inmediato (el consumismo, las apariencias, las prisas) para sumergirse en el rico interior. \u00a0\u00abHay una joya brutal en nosotros mismos y andamos buscando por ah\u00ed cosas que son calderilla\u00bb, declaraba en 2008, en este peri\u00f3dico, tras publicar su segundo libro, \u2018Siendo nada, soy todo\u2019.<br \/>\n<\/strong><br \/>\n<strong>Arquitecto de formaci\u00f3n, como su padre y su hermano Vicente, enseguida Jos\u00e9 tom\u00f3 un rumbo diferente. Fue objetor, pas\u00f3 seis meses encarcelado, vivi\u00f3 en comunas y, tras un corto periodo laboral, decidi\u00f3 que lo suyo era la meditaci\u00f3n, enlazar el esp\u00edritu contemplativo oriental con los descubrimientos del occidente para proponer al hombre alcanzar la felicidad fundi\u00e9ndose con el universo que le rodea. Quien guste leerlo, abunda en ello en su blog \u2018Beyond Darwin\u2019. Quien viva sumido en el frenes\u00ed, tiene en Jos\u00e9 D\u00edez Faixat un necesario contrapunto, un ermita\u00f1o urbano, como le gusta definirse, que vive feliz en su ciudad sumido en sus pensamientos. Sin salir de ella ha dado varias vueltas al mundo. Y la experiencia, a tenor de lo escrito, ha sido fascinante<\/strong>.<\/p>\n<div class=\"yj6qo\">p.d.-All\u00e1 por 2008, la entrevista a Jos\u00e9 fue telef\u00f3nica, con objeto de propiciar la mayor relajaci\u00f3n posible del pensador gijon\u00e9s. Luego, para la sesi\u00f3n de fotos, nos saludamos y alcanzamos un pacto: desde ese d\u00eda nos saludar\u00edamos con un gesto al cruzarnos por el Muro, pero no nos detendr\u00edamos, pues \u00e9l mostr\u00f3 abiertamente su pesar por toda esa gente que le para y le &#8216;corta&#8217; sus reflexiones.<\/div>\n<div><\/div>\n<div><\/div>\n<div><\/div>\n<div class=\"adL\">Publicado en EL COMERCIO el martes 9 de abril de 2024<\/div>\n<!-- AddThis Advanced Settings generic via filter on the_content --><!-- AddThis Share Buttons generic via filter on the_content -->","protected":false},"excerpt":{"rendered":"<p>Quiz\u00e1 deber\u00eda decirse en realidad \u2018El expaseante del Muro\u2019. Pues Jos\u00e9 D\u00edez Faixat (Gij\u00f3n, 1952) dej\u00f3 hace un tiempo de ir al Muro a diario a ese paseo que, durante 40 a\u00f1os, recorri\u00f3 gozoso ma\u00f1ana y tarde. Su andar caracter\u00edstico, su poblada barba, su callada entra\u00f1abilidad lo convirtieron por derecho propio, entre la marabunta de [&hellip;]<!-- AddThis Advanced Settings generic via filter on get_the_excerpt --><!-- AddThis Share Buttons generic via filter on get_the_excerpt --><\/p>\n","protected":false},"author":41,"featured_media":0,"comment_status":"open","ping_status":"closed","sticky":false,"template":"","format":"standard","meta":[],"categories":[7],"tags":[],"_links":{"self":[{"href":"https:\/\/blogs.elcomercio.es\/campoyplayu\/wp-json\/wp\/v2\/posts\/12257"}],"collection":[{"href":"https:\/\/blogs.elcomercio.es\/campoyplayu\/wp-json\/wp\/v2\/posts"}],"about":[{"href":"https:\/\/blogs.elcomercio.es\/campoyplayu\/wp-json\/wp\/v2\/types\/post"}],"author":[{"embeddable":true,"href":"https:\/\/blogs.elcomercio.es\/campoyplayu\/wp-json\/wp\/v2\/users\/41"}],"replies":[{"embeddable":true,"href":"https:\/\/blogs.elcomercio.es\/campoyplayu\/wp-json\/wp\/v2\/comments?post=12257"}],"version-history":[{"count":1,"href":"https:\/\/blogs.elcomercio.es\/campoyplayu\/wp-json\/wp\/v2\/posts\/12257\/revisions"}],"predecessor-version":[{"id":12260,"href":"https:\/\/blogs.elcomercio.es\/campoyplayu\/wp-json\/wp\/v2\/posts\/12257\/revisions\/12260"}],"wp:attachment":[{"href":"https:\/\/blogs.elcomercio.es\/campoyplayu\/wp-json\/wp\/v2\/media?parent=12257"}],"wp:term":[{"taxonomy":"category","embeddable":true,"href":"https:\/\/blogs.elcomercio.es\/campoyplayu\/wp-json\/wp\/v2\/categories?post=12257"},{"taxonomy":"post_tag","embeddable":true,"href":"https:\/\/blogs.elcomercio.es\/campoyplayu\/wp-json\/wp\/v2\/tags?post=12257"}],"curies":[{"name":"wp","href":"https:\/\/api.w.org\/{rel}","templated":true}]}}