{"id":12303,"date":"2026-03-12T20:52:27","date_gmt":"2026-03-12T19:52:27","guid":{"rendered":"https:\/\/blogs.elcomercio.es\/campoyplayu\/?p=12303"},"modified":"2026-03-12T20:54:48","modified_gmt":"2026-03-12T19:54:48","slug":"el-tarro","status":"publish","type":"post","link":"https:\/\/blogs.elcomercio.es\/campoyplayu\/2026\/03\/12\/el-tarro\/","title":{"rendered":"El tarro"},"content":{"rendered":"\n<p>Se trata del cl\u00e1sico tarro de mermelada, bien lavado, pero con un contenido extraordinario: conchas recogidas en la playa de San Lorenzo, \u00abuna por una\u00bb,&nbsp;con la agachada que requiere el operativo para alguien que vive en las alturas de Miguel Mingotes, autor del regalo. El frasco te acompa\u00f1a en tu escritorio, en la redacci\u00f3n del peri\u00f3dico, desde el mismo d\u00eda en que recibiste el obsequio. De aquel regalo se cumplieron el domingo diez a\u00f1os, pues la tapa recuerda para la posteridad la fecha de entrega: &#8216;Gij\u00f3n, 29\/2\/16. M. Mingotes&#8217;. Queda delatado por tanto que 2016 fue a\u00f1o bisiesto y este d\u00e9cimo aniversario se cumpli\u00f3 entonces el 1 de marzo, al no haber 29 de febrero, una gracia m\u00e1s.<\/p>\n\n\n\n<p>Con este frasco rebosante de hermosas conchas marinas de tonos grises, ocres, morados y blanquecinos qued\u00f3 sellada una amistad. Simboliza un afecto mutuo y lo hace adem\u00e1s con la mar de fondo, segundo nexo establecido con el maestro gijon\u00e9s de la s\u00edntesis y el ingenio aplicados a la poes\u00eda. El primero fue la palabra. Pues \u00e9l visitaba EL COMERCIO para dejar sus &#8216;coses m\u00edes&#8217; y ah\u00ed surgi\u00f3 la conversaci\u00f3n. Esa entente embrionaria cristaliz\u00f3 enseguida en el frasco en cuesti\u00f3n, al que replicaste con un chorizo leon\u00e9s que dio lugar al cabo de unos d\u00edas a un breve guasap: \u00abTaba bueno el chorizu\u00bb. Luego lleg\u00f3 la Rampla y la coincidencia en los ba\u00f1os, toda una religi\u00f3n para ambos contendientes que han (hemos) disfrutado memorables tertulias est\u00e1ticas dentro del agua con la mirada recre\u00e1ndose en el rinc\u00f3n gijon\u00e9s que discurre desde el Varsovia y el Colegio San Lorenzo hasta la iglesia de San Pedro.<\/p>\n\n\n\n<p>La buena qu\u00edmica de estos inicios \u2013Miguel no se decid\u00eda a\u00fan a pedirme salir\u2013 deriv\u00f3 en mil facetas, incluida convertirlo en uno de los protagonistas de la locura literaria &#8216;Cilurnigutatis Boulevard&#8217;, ser revisor de todas las producciones de este juntaletras e incluso presentarlas eclipsando por completo al autor con su imprevisible, desconcertante e ingenioso humor \u2013entonces me lo pidi\u00f3 y, despechado, le dije que no\u2013.<\/p>\n\n\n\n<p>Bromas aparte, escribes, como todos los d\u00edas de faena, con el frasco de Miguel Mingotes alimentando la inspiraci\u00f3n desde la base del ordenador. Ah\u00ed lleva 3.650 d\u00edas de fiel, alegre, salitrosa e inspiradora compa\u00f1\u00eda. Adem\u00e1s de ejercer, gallasperu, como s\u00edmbolo de una amistad, este tarro de las esencias te recuerda a cada instante que, aunque tengas ante ti una pantalla de ordenador, a su espalda, un poco m\u00e1s all\u00e1 de la plaza del Marqu\u00e9s, est\u00e1 esa gran playa que oxigena nuestras vidas a diario solee, nublee o tronee (perm\u00edtanse las licencias verbales).<\/p>\n\n\n\n<p>Amigo Miguel, gracias. Entre tu tarro de cristal y el m\u00edo cerebral hay una poderosa qu\u00edmica gijonesa que no oxidar\u00e1 nunca la humedad circundante. Puedes estar en casa leyendo o en el Bariloche cafeteando o en bici zascandileando que yo, mientras curro, te tengo aqu\u00ed conmigo enfrascado. \u00a1P\u00f3rtate bien, luminoso ser, o te llevo al cuarto oscuro!<\/p>\n\n\n\n<p>(Publicado en EL COMERCIO el 3 de marzo de 2026)<\/p>\n\n\n\n<p><\/p>\n<!-- AddThis Advanced Settings generic via filter on the_content --><!-- AddThis Share Buttons generic via filter on the_content -->","protected":false},"excerpt":{"rendered":"<p>Se trata del cl\u00e1sico tarro de mermelada, bien lavado, pero con un contenido extraordinario: conchas recogidas en la playa de San Lorenzo, \u00abuna por una\u00bb,&nbsp;con la agachada que requiere el operativo para alguien que vive en las alturas de Miguel Mingotes, autor del regalo. El frasco te acompa\u00f1a en tu escritorio, en la redacci\u00f3n del [&hellip;]<!-- AddThis Advanced Settings generic via filter on get_the_excerpt --><!-- AddThis Share Buttons generic via filter on get_the_excerpt --><\/p>\n","protected":false},"author":41,"featured_media":12300,"comment_status":"open","ping_status":"closed","sticky":false,"template":"","format":"standard","meta":[],"categories":[1],"tags":[],"_links":{"self":[{"href":"https:\/\/blogs.elcomercio.es\/campoyplayu\/wp-json\/wp\/v2\/posts\/12303"}],"collection":[{"href":"https:\/\/blogs.elcomercio.es\/campoyplayu\/wp-json\/wp\/v2\/posts"}],"about":[{"href":"https:\/\/blogs.elcomercio.es\/campoyplayu\/wp-json\/wp\/v2\/types\/post"}],"author":[{"embeddable":true,"href":"https:\/\/blogs.elcomercio.es\/campoyplayu\/wp-json\/wp\/v2\/users\/41"}],"replies":[{"embeddable":true,"href":"https:\/\/blogs.elcomercio.es\/campoyplayu\/wp-json\/wp\/v2\/comments?post=12303"}],"version-history":[{"count":2,"href":"https:\/\/blogs.elcomercio.es\/campoyplayu\/wp-json\/wp\/v2\/posts\/12303\/revisions"}],"predecessor-version":[{"id":12306,"href":"https:\/\/blogs.elcomercio.es\/campoyplayu\/wp-json\/wp\/v2\/posts\/12303\/revisions\/12306"}],"wp:featuredmedia":[{"embeddable":true,"href":"https:\/\/blogs.elcomercio.es\/campoyplayu\/wp-json\/wp\/v2\/media\/12300"}],"wp:attachment":[{"href":"https:\/\/blogs.elcomercio.es\/campoyplayu\/wp-json\/wp\/v2\/media?parent=12303"}],"wp:term":[{"taxonomy":"category","embeddable":true,"href":"https:\/\/blogs.elcomercio.es\/campoyplayu\/wp-json\/wp\/v2\/categories?post=12303"},{"taxonomy":"post_tag","embeddable":true,"href":"https:\/\/blogs.elcomercio.es\/campoyplayu\/wp-json\/wp\/v2\/tags?post=12303"}],"curies":[{"name":"wp","href":"https:\/\/api.w.org\/{rel}","templated":true}]}}