{"id":12313,"date":"2026-03-16T22:39:54","date_gmt":"2026-03-16T21:39:54","guid":{"rendered":"https:\/\/blogs.elcomercio.es\/campoyplayu\/?p=12313"},"modified":"2026-03-16T22:39:55","modified_gmt":"2026-03-16T21:39:55","slug":"a-las-palmas-con-mesa","status":"publish","type":"post","link":"https:\/\/blogs.elcomercio.es\/campoyplayu\/2026\/03\/16\/a-las-palmas-con-mesa\/","title":{"rendered":"A Las Palmas con Mesa"},"content":{"rendered":"\n<p>La imagen del domingo de Manolo Mesa (San Roque, C\u00e1diz, 1952) en El Molin\u00f3n es un poema en s\u00ed misma; en especial, el instante captado por el fot\u00f3grafo Dami\u00e1n Arienza cuando El Quillo, Siete Pulmones, El Chico de la Mochila se lleva sus dos manos al pecho en agradecimiento por la sentida ovaci\u00f3n recibida mientras rompe a llorar. Mesa fue un jugador total. Vertical, r\u00e1pido, h\u00e1bil, con visi\u00f3n de juego, regate f\u00e1cil y gol. Un medio-extremo de los de antes que jug\u00f3 en el Sporting doce maravillosos a\u00f1os -de 1975 a 1987- compartiendo aquella alineaci\u00f3n de leyenda que casi gana la Liga en la 1978-79: Castro, Redondo, Doria, Maceda, Cundi; Joaqu\u00edn, Ciriaco, Mesa; Mor\u00e1n, Quini, Ferrero (y Ur\u00eda). Ver aquel Sporting de ni\u00f1o es un recuerdo de esos que no se borran ni con piedra p\u00f3mez. Afloran de Mesa tres recuerdos a bote pronto. Un tiro al larguero espectacular al Real Madrid casi desde el centro del campo. Uno de los partidazos de su vida en la \u00faltima jornada de aquella liga que gan\u00f3 la Real Sociedad en El Molin\u00f3n. Si perd\u00eda la ganaba el Madrid y en Gij\u00f3n hab\u00eda sed de venganza por la Liga robada. De modo que el equipo jug\u00f3 al tran-tran, pero Mesa, profesional donde los haya, lo dio todo y marc\u00f3 los dos goles del 2-1 que tuvo temblando a los donostiarras hasta que al final igual\u00f3 Zamora. El tercer recuerdo es un gol que caso de anotarlo Mbappe, Yamal o Messi lo estar\u00edan repitiendo en la tele una y otra vez, pero lo marc\u00f3 Mesa y no pas\u00f3 de salir en el resumen del partido. Fue precisamente en Las Palmas, donde gastaremos nuestro nuevo cartucho este domingo. Castro (o Rivero, no recuerdas bien) se la pas\u00f3 a Mesa junto al \u00e1rea y el Quillo empez\u00f3 a regatear a unos y otros, fue avanzando, sigui\u00f3 regateando, entr\u00f3 en el \u00e1rea y acab\u00f3 marcando tras sortear a todo el equipo amarillo. De anotarlo un gal\u00e1ctico nos habr\u00edan aburrido con ese gol. Pero lo meti\u00f3 Mesa, leyenda del mejor Sporting que jam\u00e1s volveremos a conocer.<\/p>\n\n\n\n<p>Tras perder en Andorra muchos dijimos &#8216;hasta aqu\u00ed&#8217;, &#8216;liga finiquitada&#8217;. Lleg\u00f3 el temible Castell\u00f3n y le metimos cuatro. Ver para creer. Claro, pensado fr\u00edamente, tocaba ganar para que siga funcionando el &#8216;diente de sierra&#8217; en que vivimos e incentivar una nueva esperanza. Fue buena la alineaci\u00f3n de Borja Jim\u00e9nez para contrarrestar las bajas. Acert\u00f3. Y la suerte adem\u00e1s estuvo de nuestro lado, salvo en el lance de Ferrari, que parece vamos a perder lo que resta de temporada. Una gran pena pues es un &#8216;9&#8217; puro que no tiene recambio pese a jugar demasiado poco para la calidad mostrada (Otero por mucho que est\u00e9 en estado de gracia no es delantero centro). <br>En Las Palmas toca por tanto una nueva machada. Su derrota in extremis esta noche en Albacete pone el &#8216;play-off&#8217; a tres puntos, los que pasa a marcar el propio Las Palmas, al cual ganar\u00edamos si vencemos a domicilio, pues aqu\u00ed empatamos sin goles. As\u00ed que hay vida, una vez m\u00e1s, a falta de 12 partidos y 36 puntos en juego. Ganar en Las Palmas nos mete en el &#8216;play off&#8217; con permiso del Burgos, que tenemos en medio (recibir\u00e1 en casa a un C\u00f3rdoba herido tras cinco derrotas seguidas). Una vida que solo puede alimentarse de gestas semana tras semana, pues la cosa va ahora de ochomiles. Coronado el de Castell\u00f3n, siguen Las Palmas, D\u00e9por, Racing, R Sociedad B, Burgos, C\u00e1diz, C\u00f3rdoba, Ceuta, M\u00e1laga, Zaragoza, Almer\u00eda y Granada. Hay margen para so\u00f1ar. Sobre todo, teniendo un buen entrenador como Borja Jim\u00e9nez y una plantilla con jugadores diferenciales en la categor\u00eda. Toca por tanto concentrarse en Canarias e invocar al esp\u00edritu de aquel extraordinario gol de Manolo Mesa. <\/p>\n<!-- AddThis Advanced Settings generic via filter on the_content --><!-- AddThis Share Buttons generic via filter on the_content -->","protected":false},"excerpt":{"rendered":"<p>La imagen del domingo de Manolo Mesa (San Roque, C\u00e1diz, 1952) en El Molin\u00f3n es un poema en s\u00ed misma; en especial, el instante captado por el fot\u00f3grafo Dami\u00e1n Arienza cuando El Quillo, Siete Pulmones, El Chico de la Mochila se lleva sus dos manos al pecho en agradecimiento por la sentida ovaci\u00f3n recibida mientras [&hellip;]<!-- AddThis Advanced Settings generic via filter on get_the_excerpt --><!-- AddThis Share Buttons generic via filter on get_the_excerpt --><\/p>\n","protected":false},"author":41,"featured_media":12314,"comment_status":"open","ping_status":"closed","sticky":false,"template":"","format":"standard","meta":[],"categories":[1],"tags":[],"_links":{"self":[{"href":"https:\/\/blogs.elcomercio.es\/campoyplayu\/wp-json\/wp\/v2\/posts\/12313"}],"collection":[{"href":"https:\/\/blogs.elcomercio.es\/campoyplayu\/wp-json\/wp\/v2\/posts"}],"about":[{"href":"https:\/\/blogs.elcomercio.es\/campoyplayu\/wp-json\/wp\/v2\/types\/post"}],"author":[{"embeddable":true,"href":"https:\/\/blogs.elcomercio.es\/campoyplayu\/wp-json\/wp\/v2\/users\/41"}],"replies":[{"embeddable":true,"href":"https:\/\/blogs.elcomercio.es\/campoyplayu\/wp-json\/wp\/v2\/comments?post=12313"}],"version-history":[{"count":1,"href":"https:\/\/blogs.elcomercio.es\/campoyplayu\/wp-json\/wp\/v2\/posts\/12313\/revisions"}],"predecessor-version":[{"id":12315,"href":"https:\/\/blogs.elcomercio.es\/campoyplayu\/wp-json\/wp\/v2\/posts\/12313\/revisions\/12315"}],"wp:featuredmedia":[{"embeddable":true,"href":"https:\/\/blogs.elcomercio.es\/campoyplayu\/wp-json\/wp\/v2\/media\/12314"}],"wp:attachment":[{"href":"https:\/\/blogs.elcomercio.es\/campoyplayu\/wp-json\/wp\/v2\/media?parent=12313"}],"wp:term":[{"taxonomy":"category","embeddable":true,"href":"https:\/\/blogs.elcomercio.es\/campoyplayu\/wp-json\/wp\/v2\/categories?post=12313"},{"taxonomy":"post_tag","embeddable":true,"href":"https:\/\/blogs.elcomercio.es\/campoyplayu\/wp-json\/wp\/v2\/tags?post=12313"}],"curies":[{"name":"wp","href":"https:\/\/api.w.org\/{rel}","templated":true}]}}