{"id":1241,"date":"2011-08-22T11:14:05","date_gmt":"2011-08-22T10:14:05","guid":{"rendered":"http:\/\/proyectos.elcomercio.es\/blogs\/campoyplayu\/?p=1241"},"modified":"2011-08-22T11:14:05","modified_gmt":"2011-08-22T10:14:05","slug":"el-valle-de-los-animales-ii","status":"publish","type":"post","link":"https:\/\/blogs.elcomercio.es\/campoyplayu\/2011\/08\/22\/el-valle-de-los-animales-ii\/","title":{"rendered":"El valle de los animales (II)"},"content":{"rendered":"<p><strong>Me despierto. Huele a madera h\u00fameda y a s\u00e1banas \u00e1speras. Giro un poco la cabeza hacia la ventana. Est\u00e1 entornada y el haz de luz que deja entrar se dibuja inclinado hasta el suelo. \u00bfD\u00f3nde estoy? Me cuesta recordar. Ah, s\u00ed. Llegu\u00e9 anoche a un pueblo sin nombre tras recorrer un valle plagado de animales, cen\u00e9 carne guisada y me acost\u00e9. Doy media vuelta y me protejo con la almohada de cualquier pensamiento adicional. No es hora de tomar decisiones. Es hora de desperezarse lentamente hasta que el cuerpo est\u00e9 articulado de nuevo y la mente <!--more-->recobre lucidez. Un rato despu\u00e9s, el ta\u00f1ir de un campanario reclama atenci\u00f3n. Tan, tan, tan, as\u00ed hasta once veces si no he contado mal. Igual ya no me dan de desayunar, pero se est\u00e1 tan bien. Apenas unos segundos despu\u00e9s, otra vez: tan, tan, tan&#8230; Este despertador es tan amable; qu\u00e9 curioso no haber escuchado las diez, ni las nueve, ni las ocho, pese a la rotundidad de ese sonido en medio de la nada. Tan, tan, tan.<\/strong><\/p>\n<p><strong>Encuentro en la cocina una hogaza, un trozo de mantequilla y caf\u00e9 de puchero. No hay nadie. A\u00fan se respira el aroma del fuego, pese a que la le\u00f1a est\u00e1 consumida. Cuando acabo resurge el campanario, dando la media. Al salir del pueblo decido seguir alej\u00e1ndome del punto de origen. La calle central, agrietada y embarrada, est\u00e1 desierta. Creo ver movimiento tras una ventana. Sin embargo, nadie se asoma. As\u00ed que avanzo unos metros por el asfalto hasta tomar una bifurcaci\u00f3n que lleva, por una senda, rumbo a un mont\u00edculo cuajado de brezo y escobas. All\u00ed me detengo para observar ese pu\u00f1ado de casas. Dos chimeneas expulsan un hilillo de humo. En una finca al lado del pueblo parece distinguirse un campesino junto a una veintena de vacas. Oigo ladrar a un perro. Parece un d\u00eda brumoso, fresco, oto\u00f1al; pero en esta \u00e9poca del a\u00f1o todo puede suceder. Con cierta pereza, reanudo la marcha disfrutando de todos los sentidos: del monte que tengo enfrente, del sonido de los p\u00e1jaros, de los olores de la naturaleza, del sabor met\u00e1lico del agua de manantial. <\/strong><\/p>\n<p><strong>As\u00ed hasta llegar a una peque\u00f1a caba\u00f1a. Est\u00e1 en medio de una pendiente que va cayendo hasta llegar a un riachuelo. Enfrente crece una colosal pared caliza. Parece un buen sitio para hacer noche, aunque quiz\u00e1 est\u00e9 demasiado expuesto. No quisiera dejar demasiado rastro de mi paso para ser el \u00fanico due\u00f1o de mi historia, de modo que me alimento con pan y un trozo de queso curado, bebo vino de la bota y enfilo una d\u00e9bil senda que se empina hacia unas rocas. Antes de eso me he quedado dormido sobre la hierba y he vuelto a ver al rinoceronte. Ven\u00eda corriendo hacia m\u00ed con la determinaci\u00f3n de hacerme a\u00f1icos. En aquel desfiladero hac\u00eda rato que mi rostro iba rompiendo telas de ara\u00f1a cada vez m\u00e1s gruesas. Cuando el rinoceronte estaba a apenas veinte metros y yo me dispon\u00eda a entregarme a su violenta embestida, una gran pata peluda baj\u00f3 del cielo para ensartarlo por el abdomen y elevarlo como si fuera una salchicha. Una vez en mitad de la nada, aparecieron nuevas patas que hicieron un ovillo con \u00e9l para dejarlo suspendido en el aire en espera de ser devorado. Cuando escrutaba m\u00e1s arriba de las paredes del barranco a ver si divisaba aquella ara\u00f1a de f\u00e1bula me despert\u00e9 de golpe. El desfiladero parec\u00eda m\u00e1s peligroso que el valle de los animales, pero yo hab\u00eda salido indemne de los dos, no s\u00e9 si por un indulto de la vida salvaje o por haberme despertado a tiempo. Antes de continuar, met\u00ed la cabeza en el r\u00edo repetidas veces hasta poder distinguir sue\u00f1os y realidad.<\/strong><\/p>\n<!-- AddThis Advanced Settings generic via filter on the_content --><!-- AddThis Share Buttons generic via filter on the_content -->","protected":false},"excerpt":{"rendered":"<p>Me despierto. Huele a madera h\u00fameda y a s\u00e1banas \u00e1speras. Giro un poco la cabeza hacia la ventana. Est\u00e1 entornada y el haz de luz que deja entrar se dibuja inclinado hasta el suelo. \u00bfD\u00f3nde estoy? Me cuesta recordar. Ah, s\u00ed. Llegu\u00e9 anoche a un pueblo sin nombre tras recorrer un valle plagado de animales, [&hellip;]<!-- AddThis Advanced Settings generic via filter on get_the_excerpt --><!-- AddThis Share Buttons generic via filter on get_the_excerpt --><\/p>\n","protected":false},"author":41,"featured_media":0,"comment_status":"open","ping_status":"open","sticky":false,"template":"","format":"standard","meta":[],"categories":[9,11],"tags":[],"_links":{"self":[{"href":"https:\/\/blogs.elcomercio.es\/campoyplayu\/wp-json\/wp\/v2\/posts\/1241"}],"collection":[{"href":"https:\/\/blogs.elcomercio.es\/campoyplayu\/wp-json\/wp\/v2\/posts"}],"about":[{"href":"https:\/\/blogs.elcomercio.es\/campoyplayu\/wp-json\/wp\/v2\/types\/post"}],"author":[{"embeddable":true,"href":"https:\/\/blogs.elcomercio.es\/campoyplayu\/wp-json\/wp\/v2\/users\/41"}],"replies":[{"embeddable":true,"href":"https:\/\/blogs.elcomercio.es\/campoyplayu\/wp-json\/wp\/v2\/comments?post=1241"}],"version-history":[{"count":0,"href":"https:\/\/blogs.elcomercio.es\/campoyplayu\/wp-json\/wp\/v2\/posts\/1241\/revisions"}],"wp:attachment":[{"href":"https:\/\/blogs.elcomercio.es\/campoyplayu\/wp-json\/wp\/v2\/media?parent=1241"}],"wp:term":[{"taxonomy":"category","embeddable":true,"href":"https:\/\/blogs.elcomercio.es\/campoyplayu\/wp-json\/wp\/v2\/categories?post=1241"},{"taxonomy":"post_tag","embeddable":true,"href":"https:\/\/blogs.elcomercio.es\/campoyplayu\/wp-json\/wp\/v2\/tags?post=1241"}],"curies":[{"name":"wp","href":"https:\/\/api.w.org\/{rel}","templated":true}]}}