{"id":1266,"date":"2011-08-25T09:55:56","date_gmt":"2011-08-25T08:55:56","guid":{"rendered":"http:\/\/proyectos.elcomercio.es\/blogs\/campoyplayu\/?p=1266"},"modified":"2011-08-25T09:55:56","modified_gmt":"2011-08-25T08:55:56","slug":"siempre-nos-quedara-septiembre","status":"publish","type":"post","link":"https:\/\/blogs.elcomercio.es\/campoyplayu\/2011\/08\/25\/siempre-nos-quedara-septiembre\/","title":{"rendered":"Siempre nos quedar\u00e1 septiembre"},"content":{"rendered":"<p><strong>La huerta contin\u00faa en plena producci\u00f3n. Llevo cogidos, a d\u00eda de hoy, 70 tomates y un mont\u00f3n de lechugas, quiz\u00e1s 40. Tambi\u00e9n varios calabacines (este verano los estoy haciendo en rodajas a la plancha y est\u00e1n riqu\u00edsimos) y dos o tres pimientos. Hay unos cuantos colgando pero estoy acechante en espera de que crezcan m\u00e1s. Compr\u00e9 de varios tipos y s\u00f3lo est\u00e1n floridos los de Lamuyo. En cambio, los pimientos italianos y los amarillos tienen las plantas <!--more-->hermosas, con buen tama\u00f1o y varias flores, pero no asoma ni uno; y eso que septiembre est\u00e1 a la vuelta de la esquina. El perejil ya dio todo de s\u00ed, apil\u00e9 bastante en tarros en direcci\u00f3n al congelador y caput.<\/strong><\/p>\n<p><strong>El gran \u00e9xito de este a\u00f1o son los tomates, tan delicados ellos que cuando anunciaron las \u00faltimas lluvias la semana pasada no dud\u00e9 en ponerles unas sombrillas de playa. Hac\u00edan mal efecto en la huerta, pero result\u00f3. La botritis s\u00f3lo apareci\u00f3 en un tomate que qued\u00f3 al descubierto. El resto est\u00e1 sano. Siguen poni\u00e9ndose coloradinos y est\u00e1n muy sabrosos, aunque cierto es que su tama\u00f1o es modesto. La manta gris que nos cubre es tan persistente que en el prau la vida vegetal ha interpretado que estamos ya de oto\u00f1ada. El pl\u00e1tano de sombra (si fuera de sol lo llevaba claro) empez\u00f3 ya a tirar hojas, los manzanos hacen lo propio con sus frutos y la yedra est\u00e1 tornando ya hacia tonos ocres y rojos; todo un espect\u00e1culo.<\/strong><\/p>\n<p><strong>En medio de todo esto miras al calendario y lees: 25 de agosto. Hay que pensar que no est\u00e1 equivocado. Yo s\u00f3lo veo una soluci\u00f3n. No hacer ni caso. El lunes baj\u00e9 a la playa caminando a media tarde impulsado por un rayo de sol colado por una grieta de la manta gris. Cuando llegu\u00e9, 12 minutos despu\u00e9s, llov\u00eda. Pero la temperatura era buena. As\u00ed que dije: \u00a1Qu\u00e9 hostias, al agua patos! Y all\u00ed estuve, ante la Escalerona, ba\u00f1\u00e1ndome bajo la lluvia. Result\u00f3 una aut\u00e9ntica gozada. El agua estaba buen\u00edsima y la sensaci\u00f3n fue quiz\u00e1 la mejor del verano. El problema es para las muyeres que quieren poner la toalla. Pero si la cuesti\u00f3n es darse un ba\u00f1o, casi todos los d\u00edas valen. Adem\u00e1s, al llegar a la playa siempre hay un resolillo de alta mar que anima un poco la cosa. Si alguien quiere consuelo, me acaban de contar desde Alicante que hace un calor insoportable y que echan de menos nuestro sempiterno manto gris. \u00bfVamos a setes o vamos a rolex? Siempre nos quedar\u00e1 septiembre&#8230;<\/strong><\/p>\n<!-- AddThis Advanced Settings generic via filter on the_content --><!-- AddThis Share Buttons generic via filter on the_content -->","protected":false},"excerpt":{"rendered":"<p>La huerta contin\u00faa en plena producci\u00f3n. Llevo cogidos, a d\u00eda de hoy, 70 tomates y un mont\u00f3n de lechugas, quiz\u00e1s 40. Tambi\u00e9n varios calabacines (este verano los estoy haciendo en rodajas a la plancha y est\u00e1n riqu\u00edsimos) y dos o tres pimientos. Hay unos cuantos colgando pero estoy acechante en espera de que crezcan m\u00e1s. [&hellip;]<!-- AddThis Advanced Settings generic via filter on get_the_excerpt --><!-- AddThis Share Buttons generic via filter on get_the_excerpt --><\/p>\n","protected":false},"author":41,"featured_media":0,"comment_status":"open","ping_status":"open","sticky":false,"template":"","format":"standard","meta":[],"categories":[6],"tags":[],"_links":{"self":[{"href":"https:\/\/blogs.elcomercio.es\/campoyplayu\/wp-json\/wp\/v2\/posts\/1266"}],"collection":[{"href":"https:\/\/blogs.elcomercio.es\/campoyplayu\/wp-json\/wp\/v2\/posts"}],"about":[{"href":"https:\/\/blogs.elcomercio.es\/campoyplayu\/wp-json\/wp\/v2\/types\/post"}],"author":[{"embeddable":true,"href":"https:\/\/blogs.elcomercio.es\/campoyplayu\/wp-json\/wp\/v2\/users\/41"}],"replies":[{"embeddable":true,"href":"https:\/\/blogs.elcomercio.es\/campoyplayu\/wp-json\/wp\/v2\/comments?post=1266"}],"version-history":[{"count":0,"href":"https:\/\/blogs.elcomercio.es\/campoyplayu\/wp-json\/wp\/v2\/posts\/1266\/revisions"}],"wp:attachment":[{"href":"https:\/\/blogs.elcomercio.es\/campoyplayu\/wp-json\/wp\/v2\/media?parent=1266"}],"wp:term":[{"taxonomy":"category","embeddable":true,"href":"https:\/\/blogs.elcomercio.es\/campoyplayu\/wp-json\/wp\/v2\/categories?post=1266"},{"taxonomy":"post_tag","embeddable":true,"href":"https:\/\/blogs.elcomercio.es\/campoyplayu\/wp-json\/wp\/v2\/tags?post=1266"}],"curies":[{"name":"wp","href":"https:\/\/api.w.org\/{rel}","templated":true}]}}