{"id":1283,"date":"2011-08-31T09:35:26","date_gmt":"2011-08-31T08:35:26","guid":{"rendered":"http:\/\/proyectos.elcomercio.es\/blogs\/campoyplayu\/?p=1283"},"modified":"2011-08-31T09:35:26","modified_gmt":"2011-08-31T08:35:26","slug":"peor-imposible","status":"publish","type":"post","link":"https:\/\/blogs.elcomercio.es\/campoyplayu\/2011\/08\/31\/peor-imposible\/","title":{"rendered":"(Cine) Peor&#8230; \u00a1Imposible!"},"content":{"rendered":"<p><strong>Cine del malo a raudales. Eso es lo que proyectan esta semana en el Antiguo Instituto. No es un fallo de programaci\u00f3n, es un ciclo de cine intencionadamente malo, lo cual resulta divertido de coxones. Bajo el ep\u00edgrafe &#8216;Peor&#8230; \u00a1Imposible!&#8217; empezaron por echar una peli tituada algo as\u00ed como &#8216;Billy el Ni\u00f1o contra Dr\u00e1cula&#8217;, una ensalada de vaqueros y\u00a0vampiros rumanos que s\u00f3lo puede provocar la risa. \u00bfCu\u00e1ntas pelis malas hemos visto en nuestra <!--more-->vida? Quiz\u00e1s cientos. Yo empec\u00e9 ya de peque\u00f1o. Cuando d\u00e1bamos guerra en casa, mi padre nos mandaba a mi hermano mayor y a m\u00ed al hist\u00f3rico\u00a0FAC, junto a San Jos\u00e9. La cartelera daba igual; el objetivo era facturarnos. As\u00ed que all\u00ed nos top\u00e1bamos por ejemplo con un No-do y un documental de animales. O bien con t\u00edtulos dignos del ciclo de esta semana tales como &#8216;Ursus en la tierra de fuego&#8217; o &#8216;Fuerte perdido&#8217;. En esta \u00faltima, en plena invasi\u00f3n del fuerte, hubo varias ocasiones en las que un vaquero disparaba por la espalda a un indio a quemarropa, pero como \u00e9ste no le ve\u00eda, pues nada, segu\u00eda corriendo y gritando. Mi hermano y yo nos tir\u00e1bamos por el suelo de risa, as\u00ed que la escapada al FAC (despu\u00e9s Quiquilim\u00f3n) cumpl\u00eda su objetivo.<\/strong><\/p>\n<p><strong>Hoy d\u00eda soy mucho m\u00e1s mirado para ir al cine: el precio y la falta de tiempo invitan a la reflexi\u00f3n antes de sacar la entrada. Ocurre mucho, en especial entre mayo y octubre, que no puedes ir al cine ni haciendo rebajas en el nivel de exigencia. La cartelera es pura bazofia. En mi lista adicional de prejuicios sobresalen Tom Cruise, con sus primer\u00edsimos planos infumables, y Nicolas Cage, con esas cejas ca\u00eddas &#8216;modelo Michael Landon&#8217; (La Casa de la Pradera) cuando mira a la chica antes de besarla al final de la pel\u00edcula. La tercera pata del banco ser\u00eda Robin Williams, pero eso no puedo explicarlo muy bien. Cuesti\u00f3n de &#8216;sinton\u00eda&#8217;. Si oteamos el cine espa\u00f1ol, la lista negra se alarga, aunque en general abarca al propio cine espa\u00f1ol en s\u00ed mismo, adormecido, zafio, rural, sin recursos, anquilosado a\u00fan en nuestra guerra civil. Dec\u00edan hace\u00a0unos d\u00edas\u00a0en un debate cin\u00e9filo que no resultaba cre\u00edble ni siquiera un figurante caminando por un pasillo. Como para entrar en profundidades. Lo \u00faltimo que vi fue &#8216;Entre lobos&#8217; y el patetismo superaba con creces al peor g\u00e9nero yanqui. Tal parec\u00eda que lanzaban animales desde los laterales de la pantalla, cada cinco minutos, para dar aire a la pel\u00edcula. Uno no podr\u00eda imaginarse &#8216;El origen del planeta de los simios&#8217; \u00a0en manos de una productora hispana; con Imanol Arias de cient\u00edfico y Echanove de mono; o viceversa. Horripilancias como &#8216;El otro lado de la cama&#8217; o &#8216;Gente pez&#8217; me alejaron del cine espa\u00f1ol unas leguas, aunque cierto es que cada a\u00f1o hay una buena pel\u00edcula para salvar la honrilla. <\/strong><\/p>\n<p><strong>Si en el FAC vi &#8216;Fuerte perdido&#8217;, indios y vaqueros espa\u00f1oles de 1965, del Arango recuerdo &#8216;Tienes un email&#8217;, infumable pastel\u00f3n. Y, por qu\u00e9 no decirlo, del Teatro Jovellanos, en su versi\u00f3n cinematogr\u00e1fica, una\u00a0aberrante pero divertida pel\u00edcula de Pajares y Esteso titulada &#8216;El liguero m\u00e1gico&#8217;. All\u00e1 fui a los 14 a\u00f1os a ver culos y tetas con dos compa\u00f1eros de clase. Aquello s\u00ed que\u00a0fue cine de barrio. <\/strong><\/p>\n<!-- AddThis Advanced Settings generic via filter on the_content --><!-- AddThis Share Buttons generic via filter on the_content -->","protected":false},"excerpt":{"rendered":"<p>Cine del malo a raudales. Eso es lo que proyectan esta semana en el Antiguo Instituto. No es un fallo de programaci\u00f3n, es un ciclo de cine intencionadamente malo, lo cual resulta divertido de coxones. Bajo el ep\u00edgrafe &#8216;Peor&#8230; \u00a1Imposible!&#8217; empezaron por echar una peli tituada algo as\u00ed como &#8216;Billy el Ni\u00f1o contra Dr\u00e1cula&#8217;, una [&hellip;]<!-- AddThis Advanced Settings generic via filter on get_the_excerpt --><!-- AddThis Share Buttons generic via filter on get_the_excerpt --><\/p>\n","protected":false},"author":41,"featured_media":0,"comment_status":"open","ping_status":"open","sticky":false,"template":"","format":"standard","meta":[],"categories":[4],"tags":[],"_links":{"self":[{"href":"https:\/\/blogs.elcomercio.es\/campoyplayu\/wp-json\/wp\/v2\/posts\/1283"}],"collection":[{"href":"https:\/\/blogs.elcomercio.es\/campoyplayu\/wp-json\/wp\/v2\/posts"}],"about":[{"href":"https:\/\/blogs.elcomercio.es\/campoyplayu\/wp-json\/wp\/v2\/types\/post"}],"author":[{"embeddable":true,"href":"https:\/\/blogs.elcomercio.es\/campoyplayu\/wp-json\/wp\/v2\/users\/41"}],"replies":[{"embeddable":true,"href":"https:\/\/blogs.elcomercio.es\/campoyplayu\/wp-json\/wp\/v2\/comments?post=1283"}],"version-history":[{"count":0,"href":"https:\/\/blogs.elcomercio.es\/campoyplayu\/wp-json\/wp\/v2\/posts\/1283\/revisions"}],"wp:attachment":[{"href":"https:\/\/blogs.elcomercio.es\/campoyplayu\/wp-json\/wp\/v2\/media?parent=1283"}],"wp:term":[{"taxonomy":"category","embeddable":true,"href":"https:\/\/blogs.elcomercio.es\/campoyplayu\/wp-json\/wp\/v2\/categories?post=1283"},{"taxonomy":"post_tag","embeddable":true,"href":"https:\/\/blogs.elcomercio.es\/campoyplayu\/wp-json\/wp\/v2\/tags?post=1283"}],"curies":[{"name":"wp","href":"https:\/\/api.w.org\/{rel}","templated":true}]}}