{"id":1339,"date":"2011-09-06T14:18:18","date_gmt":"2011-09-06T13:18:18","guid":{"rendered":"http:\/\/proyectos.elcomercio.es\/blogs\/campoyplayu\/?p=1339"},"modified":"2011-09-06T14:18:18","modified_gmt":"2011-09-06T13:18:18","slug":"un-maqui-llamado-tomas","status":"publish","type":"post","link":"https:\/\/blogs.elcomercio.es\/campoyplayu\/2011\/09\/06\/un-maqui-llamado-tomas\/","title":{"rendered":"Un maqui llamado Tom\u00e1s"},"content":{"rendered":"<p><strong>Veinticinco guardias civiles peinan los montes de Tineo en busca de Tom\u00e1s, implicado presuntamente en la muerte violenta de su hermano, el pasado s\u00e1bado. La estampa no tiene precedentes. O s\u00ed: en la postguerra civil espa\u00f1ola. La persecuci\u00f3n hasta el exterminio de los maquis es uno de los cap\u00edtulos m\u00e1s fascinantes del franquismo no por su apresamiento, sino por la resistencia numantina de quienes se echaron al monte para huir de las tropas <!--more-->franquistas e incluso combatirlas con peque\u00f1as escaramuzas. Los picos de Asturias y Le\u00f3n fueron un refugio privilegiado para esta resistencia est\u00e9ril y heroica. Ahora Tom\u00e1s se ha echado al monte implicado en un crimen. Los vecinos de La Llaneza, donde viv\u00eda, lo tildan de hura\u00f1o y asocial. Vaticinan incluso que nunca lo encontrar\u00e1n y declaran adem\u00e1s que tienen &#8220;mucho miedo&#8221;. Si baja del monte, Tom\u00e1s puede hacerles da\u00f1o. Ese es su temor.<\/strong><\/p>\n<p><strong>Uno piensa entonces en los maquis; en aquellos Ramiro, Gildo y \u00c1ngel\u00a0 de la novela &#8216;Luna de Lobos&#8217; del leon\u00e9s Julio Llamazares, llevada tambi\u00e9n al cine. Si estos tres combatientes republicanos se refugiaban en antiguas minas, en cuevas o donde pudieran, siempre en altos desde donde pudieran divisar a tiempo los tricornios; Tom\u00e1s, un tipo diferente pero en una coyuntura similar, ha de hacer por fuerza algo parecido: buscar una cueva, protegerse de la noche, de la lluvia, de las fieras y, sobre todo, de la Guardia Civil. \u00bfQu\u00e9 comer\u00e1? \u00bfD\u00f3nde dormir\u00e1? \u00bfCaminar\u00e1 de d\u00eda o de noche? \u00bfSe lavar\u00e1 en el r\u00edo? \u00bfCu\u00e1nto tardar\u00e1n en dar con \u00e9l? Y si no lo hallaran nunca, \u00bfcu\u00e1l ser\u00eda la conclusi\u00f3n?: Huy\u00f3 al extranjero, muri\u00f3 al caer a una sima, vive en\u00a0los riscos\u00a0y asusta a los ni\u00f1os&#8230; La situaci\u00f3n es totalmente cinematogr\u00e1fica, at\u00edpica. Con la que est\u00e1 cayendo, curiosamente, ya nadie se echa al monte. Ni por haber cometido un crimen, ni por tener un cr\u00e9dito sin pagar, ni tampoco por estar hasta los mism\u00edsimos de la vida que lleva. Estamos tan domesticados, tan hechos a la urbe, que dios nos libre de quedarnos sin el m\u00f3vil, internet, el coche y la bodrioserie de turno en la tele. A nadie le seduce ya echarse al monte pese a que no haya entre los \u00e1rboles ning\u00fan cobrador del frac ni radares de entrada a la ciudad. Quiz\u00e1s el mayor problema de la naturaleza sea que el hombre tema encontrarse a s\u00ed mismo y salir huyendo, hacia ninguna parte, como alma que lleva el diablo.<\/strong><\/p>\n<!-- AddThis Advanced Settings generic via filter on the_content --><!-- AddThis Share Buttons generic via filter on the_content -->","protected":false},"excerpt":{"rendered":"<p>Veinticinco guardias civiles peinan los montes de Tineo en busca de Tom\u00e1s, implicado presuntamente en la muerte violenta de su hermano, el pasado s\u00e1bado. La estampa no tiene precedentes. O s\u00ed: en la postguerra civil espa\u00f1ola. La persecuci\u00f3n hasta el exterminio de los maquis es uno de los cap\u00edtulos m\u00e1s fascinantes del franquismo no por [&hellip;]<!-- AddThis Advanced Settings generic via filter on get_the_excerpt --><!-- AddThis Share Buttons generic via filter on get_the_excerpt --><\/p>\n","protected":false},"author":41,"featured_media":0,"comment_status":"open","ping_status":"open","sticky":false,"template":"","format":"standard","meta":[],"categories":[6],"tags":[],"_links":{"self":[{"href":"https:\/\/blogs.elcomercio.es\/campoyplayu\/wp-json\/wp\/v2\/posts\/1339"}],"collection":[{"href":"https:\/\/blogs.elcomercio.es\/campoyplayu\/wp-json\/wp\/v2\/posts"}],"about":[{"href":"https:\/\/blogs.elcomercio.es\/campoyplayu\/wp-json\/wp\/v2\/types\/post"}],"author":[{"embeddable":true,"href":"https:\/\/blogs.elcomercio.es\/campoyplayu\/wp-json\/wp\/v2\/users\/41"}],"replies":[{"embeddable":true,"href":"https:\/\/blogs.elcomercio.es\/campoyplayu\/wp-json\/wp\/v2\/comments?post=1339"}],"version-history":[{"count":0,"href":"https:\/\/blogs.elcomercio.es\/campoyplayu\/wp-json\/wp\/v2\/posts\/1339\/revisions"}],"wp:attachment":[{"href":"https:\/\/blogs.elcomercio.es\/campoyplayu\/wp-json\/wp\/v2\/media?parent=1339"}],"wp:term":[{"taxonomy":"category","embeddable":true,"href":"https:\/\/blogs.elcomercio.es\/campoyplayu\/wp-json\/wp\/v2\/categories?post=1339"},{"taxonomy":"post_tag","embeddable":true,"href":"https:\/\/blogs.elcomercio.es\/campoyplayu\/wp-json\/wp\/v2\/tags?post=1339"}],"curies":[{"name":"wp","href":"https:\/\/api.w.org\/{rel}","templated":true}]}}