{"id":1352,"date":"2011-09-12T00:17:25","date_gmt":"2011-09-11T23:17:25","guid":{"rendered":"http:\/\/proyectos.elcomercio.es\/blogs\/campoyplayu\/?p=1352"},"modified":"2011-09-12T00:17:25","modified_gmt":"2011-09-11T23:17:25","slug":"ovidio-hasta-la-eternidad","status":"publish","type":"post","link":"https:\/\/blogs.elcomercio.es\/campoyplayu\/2011\/09\/12\/ovidio-hasta-la-eternidad\/","title":{"rendered":"Ovidio hasta la eternidad"},"content":{"rendered":"<p><strong>A dos semanas de cumplir los 59, Ovidio S\u00e1nchez nos avanza ya su \u00faltimo salto de altura para alcanzar una gloriosa jubilaci\u00f3n. Como en esos lienzos de las iglesias, en los que Jesucristo estira la mano hacia el Santo Padre, el todav\u00eda presidente del PP asturiano hace lo propio con Mariano, para que lo acoja en el Congreso de los Diputados a partir de noviembre y le cuadren as\u00ed las cuentas. Largo ha sido el camino y, sin duda, c\u00f3modo. De <!--more-->prestarse el l\u00edder nacional de los populares a situar a Ovidio en el puesto n\u00famero uno de la lista por Asturias, culminar\u00eda con trompetines de angelotes una carrera pol\u00edtica que ha ido en direcci\u00f3n contraria al desgaste propio de quien se dedica a trabajar, sea en lo que sea. \u00c9l llegar\u00e1 a los 65 fresco como una lechuga, ajeno al mundanal ruido de d\u00e9ficits que nos acucia, con una hoja de servicios en blanco y, quiz\u00e1, en un alarde provocador final, con la rama de laurel que adornaba a los c\u00e9sares sujet\u00e1ndole esas gafas y ese flequillo de ni\u00f1o travieso.<\/strong><\/p>\n<p><strong>En los \u00faltimos treinta a\u00f1os, Ovidio ha navegado como un corcho, lento pero insumergible, por todas las tempestades de la pol\u00edtica asturiana, de isla en isla, sin inmutarse. Del Ayuntamiento de Oviedo, a la Junta General del Principado; de ah\u00ed a la presidencia del partido y al Senado; y ahora, para completar el palmar\u00e9s, al Congreso. Qu\u00e9 gesta, dios m\u00edo. Cu\u00e1nto dinero p\u00fablico tirado a la basura. Qu\u00e9 mal ejemplo para la sociedad civil.\u00a0Y a\u00a0eso lo llaman trabajar, dir\u00e1n algunos cuando llegan a casa agotados, encienden la tele y ven en la TPA o en Canal 10 a Oviuan haciendo una de sus ya cl\u00e1sicas afirmaciones huecas, rematada con una sonrisa que no sabes si quiere insinuar un perd\u00f3n por la carencia de contenido. Sin embargo, a veces, s\u00f3lo algunas veces, un verdugo justiciero aguarda al escaqueao al final del camino. Y ese verdugo, en este caso, somos los asturianos, todos aquellos que tendremos derecho a voto el 20-N. De nosotros y de nadie m\u00e1s depende que Ovidio S\u00e1nchez d\u00e9 el salto final a la \u00faltima isla, con forma de hucha; o bien que se hunda de una vez por todas, pese a la falta de peso espec\u00edfico para practicar la decantaci\u00f3n,\u00a0hasta el\u00a0fondo del mar.<\/strong><\/p>\n<!-- AddThis Advanced Settings generic via filter on the_content --><!-- AddThis Share Buttons generic via filter on the_content -->","protected":false},"excerpt":{"rendered":"<p>A dos semanas de cumplir los 59, Ovidio S\u00e1nchez nos avanza ya su \u00faltimo salto de altura para alcanzar una gloriosa jubilaci\u00f3n. Como en esos lienzos de las iglesias, en los que Jesucristo estira la mano hacia el Santo Padre, el todav\u00eda presidente del PP asturiano hace lo propio con Mariano, para que lo acoja [&hellip;]<!-- AddThis Advanced Settings generic via filter on get_the_excerpt --><!-- AddThis Share Buttons generic via filter on get_the_excerpt --><\/p>\n","protected":false},"author":41,"featured_media":0,"comment_status":"open","ping_status":"open","sticky":false,"template":"","format":"standard","meta":[],"categories":[12],"tags":[],"_links":{"self":[{"href":"https:\/\/blogs.elcomercio.es\/campoyplayu\/wp-json\/wp\/v2\/posts\/1352"}],"collection":[{"href":"https:\/\/blogs.elcomercio.es\/campoyplayu\/wp-json\/wp\/v2\/posts"}],"about":[{"href":"https:\/\/blogs.elcomercio.es\/campoyplayu\/wp-json\/wp\/v2\/types\/post"}],"author":[{"embeddable":true,"href":"https:\/\/blogs.elcomercio.es\/campoyplayu\/wp-json\/wp\/v2\/users\/41"}],"replies":[{"embeddable":true,"href":"https:\/\/blogs.elcomercio.es\/campoyplayu\/wp-json\/wp\/v2\/comments?post=1352"}],"version-history":[{"count":0,"href":"https:\/\/blogs.elcomercio.es\/campoyplayu\/wp-json\/wp\/v2\/posts\/1352\/revisions"}],"wp:attachment":[{"href":"https:\/\/blogs.elcomercio.es\/campoyplayu\/wp-json\/wp\/v2\/media?parent=1352"}],"wp:term":[{"taxonomy":"category","embeddable":true,"href":"https:\/\/blogs.elcomercio.es\/campoyplayu\/wp-json\/wp\/v2\/categories?post=1352"},{"taxonomy":"post_tag","embeddable":true,"href":"https:\/\/blogs.elcomercio.es\/campoyplayu\/wp-json\/wp\/v2\/tags?post=1352"}],"curies":[{"name":"wp","href":"https:\/\/api.w.org\/{rel}","templated":true}]}}